{"id":151367,"date":"2024-06-23T11:13:25","date_gmt":"2024-06-23T09:13:25","guid":{"rendered":"https:\/\/lavozdehellin.com\/noticias\/?p=151367"},"modified":"2024-07-01T11:31:40","modified_gmt":"2024-07-01T09:31:40","slug":"v08-799-lvh-noticias-la-diputacion-de-albacete-acondiciona-varias-vias-claves-para-el-dia-a-dia-de-los-vecinos-y-vecinas-de-vianos","status":"publish","type":"post","link":"https:\/\/lavozdehellin.com\/noticias\/v08-799-lvh-noticias-la-diputacion-de-albacete-acondiciona-varias-vias-claves-para-el-dia-a-dia-de-los-vecinos-y-vecinas-de-vianos\/","title":{"rendered":"LVH NOTICIAS | LA DIPUTACI\u00d3N DE ALBACETE ACONDICIONA VARIAS V\u00cdAS \u201cCLAVES\u201d PARA EL D\u00cdA A D\u00cdA DE LOS VECINOS Y VECINAS DE VIANOS"},"content":{"rendered":"<p style=\"text-align: justify;\">El vicepresidente de la Diputaci\u00f3n de Albacete y responsable de Obras, Fran Valera, junto a la diputada de Agenda 2030 y Fondos Europeos, Yolanda Ballesteros, se ha desplazado hasta Vianos, donde han comprobado \u201cel buen resultado\u201d de las actuaciones de mejora que la instituci\u00f3n ha impulsado en varias v\u00edas de la localidad.<\/p>\n<p><!--more--><br \/>\n<!--publicidad-voz01--><a href=\"https:\/\/www.facebook.com\/SoloRadioHellin\/?locale=es_ES\"><img decoding=\"async\" class=\"alignnone size-medium\" src=\"https:\/\/blogger.googleusercontent.com\/img\/b\/R29vZ2xl\/AVvXsEiNncirNnyGedv00mhjZjh5Wl4_YPdJGanoAl8tL8zH-HwqE8uHqjEfSt340RHdx-9tuCSIkZ8rFamZiGyYlgDGxCsmXjCH_1xk5eYM3ntFZRvJP_jndOKR7w1UAo9Tu0vrZyOLfqRpHIxYI5SymJJ-pfGCQw6QVpggBH-UgfjiFQ2JOxqxG0Jx94kW83c\/s1600\/logo-principal.jpg\" width=\"100%\" height=\"100\" \/><\/a><!--bestpublic-voz01--><!--desk-in-out-voz01--><br \/>\n<!--publicidad-voz02--><a href=\"https:\/\/www.hellincf.com\/\"><img decoding=\"async\" class=\"alignnone size-medium\" src=\"https:\/\/blogger.googleusercontent.com\/img\/b\/R29vZ2xl\/AVvXsEhuZ4-XfBVj3UtdP8-RZugy3WVrg-Zv28c53m4oV47qYCxL1rX_dqWX_YddsGSnpH5SRDqZ7bZeKPIfDVCDncpjVlhy3aQs2vojcJBn7Gdv9hC2_Nzct_pRFrnFE1a7KTCdY1bT_kAgnY3-iadRZrGeJf1fR2P5fu11bokx0pWjaypoy-ctwCjklldpEbA\/s1600\/logo-principal7.jpg\" width=\"100%\" height=\"100\" \/><\/a><!--bestpublic-voz02--><!--desk-in-out-voz02--><\/p>\n<p style=\"text-align: justify;\">Junto a su alcaldesa, Aurelia S\u00e1nchez, y al concejal de Infraestructuras, \u00c1ngel S\u00e1nchez, los responsables provinciales han visitado el camino de titularidad provincial que une la localidad con su pedan\u00eda de Zapateros. Un recorrido de unos 11 kil\u00f3metros en el que los profesionales del Parque M\u00f3vil de la Diputaci\u00f3n han llevado a cabo trabajos de escarificado y compactaci\u00f3n del firme y de perfilado de cunetas, dando como resultado un trazado m\u00e1s seguro y accesible para veh\u00edculos, pero, sobre todo, favoreciendo las comunicaciones del municipio con sus n\u00facleos de poblaci\u00f3n. Lo que, a su vez, beneficia el acceso de los vecinos y vecinas a servicios b\u00e1sicos y a sus zonas agr\u00edcolas.<\/p>\n<p style=\"text-align: justify;\">Del mismo modo, Valera y Ballesteros han supervisado el estado del Camino de la Ermita, que tambi\u00e9n ha sido acondicionado de la mano de la Diputaci\u00f3n de Albacete. En esta ocasi\u00f3n, con cargo a su convocatoria de ayudas para la mejora de caminos rurales.<\/p>\n<p style=\"text-align: justify;\">Con una inversi\u00f3n de 17.850 \u20ac (de los cuales la instituci\u00f3n provincial aporta 17.000 \u20ac), se ha llevado a cabo la reparaci\u00f3n integral del firme de este trazado, que es la v\u00eda principal de acceso al cementerio municipal y a la ermita de la localidad.<\/p>\n<p style=\"text-align: justify;\">Durante la visita, Valera ha se\u00f1alado que la Diputaci\u00f3n, como \u201cagente dinamizador del territorio\u201d, est\u00e1 \u201cfirmemente comprometida\u201d con la mejora de la Red Viaria provincial y los caminos rurales, y ha incidido en la importancia de estas acciones, que han mejorado \u201cv\u00edas claves\u201d para el d\u00eda a d\u00eda de la ciudadan\u00eda, como ha remarcado la alcaldesa.<\/p>\n<p style=\"text-align: justify;\">Acciones que responden a la intensa labor que desde el Equipo de Gobierno que preside Santi Caba\u00f1ero se viene realizando para \u201cdotar a la provincia de carreteras y caminos dignos\u201d con los que, adem\u00e1s de avanzar en seguridad vial, se mejora la calidad de vida de las personas impulsando la vertebraci\u00f3n territorial y social, al tiempo que se favorece el desarrollo socioecon\u00f3mico de las localidades por las que transcurren y de sus comarcas.<\/p>\n<p style=\"text-align: justify;\">\u201cMejorar v\u00edas de comunicaci\u00f3n es atraer oportunidades a nuestra tierra y para su ciudadan\u00eda\u201d, ha subrayado Valera, a\u00f1adiendo que tambi\u00e9n se favorece la actividad de sectores claves en la econom\u00eda provincial como lo son el agroalimentario y el turismo rural.<\/p>\n<p style=\"text-align: justify;\">De hecho, ha apuntado que estos trabajos, unidos a la apuesta por mejorar servicios e infraestructuras municipales, son un punto de partida para impulsar la creaci\u00f3n de negocios o consolidar los existentes y, con ello, generar actividad y empleo, fijando as\u00ed poblaci\u00f3n. Siendo \u201ccuestiones fundamentales\u201d a la hora abordar el Reto Demogr\u00e1fico, tarea en la que la Diputaci\u00f3n de Albacete trabaja de forma transversal.<\/p>\n<p><!--publicidad-voz03--><a href=\"https:\/\/www.facebook.com\/profile.php?id=100063593791305&amp;locale=es_ES\"><img decoding=\"async\" class=\"alignnone size-medium\" src=\"https:\/\/blogger.googleusercontent.com\/img\/b\/R29vZ2xl\/AVvXsEi8_n_ll8UOcGxCqzFvb_9Io4ICczlGC990BPtPj2w9Px-u7B3oqWUW5vtjZUqPNJ-nyjiUIorE0ATsib_l5tV8BVN-UJ03RTnU__IHJF_4DgDBtY4LIqXNG-FomrO-7ywes20CBCRM2Hcm7EJSh3UUw1dO-c_uTflUrtgY1i7uBRezj_DpympmEFkfbQY\/s1600\/logo-principal2.jpg\" width=\"100%\" height=\"100\" \/><\/a><!--bestpublic-voz03--><!--desk-in-out-voz03--><br \/>\n<!--publicidad-voz04--><a href=\"https:\/\/www.facebook.com\/profile.php?id=61557370768692&amp;locale=es_ES\"><img decoding=\"async\" class=\"alignnone size-medium\" src=\"https:\/\/blogger.googleusercontent.com\/img\/b\/R29vZ2xl\/AVvXsEgy5RdcfffrnrItnYTcV9bCJjgJwldsQLWssfVfrLbyfXeBNTFKgBf0rMIvhrUaGUhiXzVr9_eQgCbi-j63ZDpfTvLIty9w7s140y-m1yHe7eKmEK7v2NAHUJDVYGdfeiQFeRCqUjdwWmN1MX_AUxxz4IVdJ4WIM0APxit8bjWkXzrnEFGqBvW_1F13H1g\/s1600\/logo-principal5.jpg\" width=\"100%\" height=\"100\" \/><\/a><!--bestpublic-voz04--><!--desk-in-out-voz04--><br \/>\n<!--publicidad-voz05--><a href=\"https:\/\/www.facebook.com\/asociaciontamborileroshellin?locale=es_ES\"><img decoding=\"async\" class=\"alignnone size-medium\" src=\"https:\/\/blogger.googleusercontent.com\/img\/b\/R29vZ2xl\/AVvXsEhHEEpZsKK1VpwiYMrS7aE2ujtqIDZoLd4B5wtbiseSU9s2HdTdQfhF84So2XwEB1fv0BLw95GADm6hUl1bkKtzh-eIgVigXONuu_5RxeIMPhjk8q6uNX4EaEHbooKkbu7pCADWPpVJjhKIH5NQSJpWqedC-YBez4QAQeJYokkLot9bhrIaUAeztsGis6M\/s1600\/logo-principal3.jpg\" width=\"100%\" height=\"100\" \/><\/a><!--bestpublic-voz05--><!--desk-in-out-voz05--><br \/>\n<!--publicidad-voz06--><!--bestpublic-voz06--><!--desk-in-out-voz06--><br \/>\n<!--publicidad-voz07--><!--bestpublic-voz07--><!--desk-in-out-voz07--><br \/>\n<!--publicidad-voz08--><!--bestpublic-voz08--><!--desk-in-out-voz08--><br \/>\n<!--publicidad-voz09--><!--bestpublic-voz09--><!--desk-in-out-voz09--><br \/>\n<!--publicidad-voz10--><!--bestpublic-voz10--><!--desk-in-out-voz10--><br \/>\n<!--publicidad-voz11--><!--bestpublic-voz11--><!--desk-in-out-voz11--><br \/>\n<!--publicidad-voz12--><!--bestpublic-voz12--><!--desk-in-out-voz12--><br \/>\n<!--publicidad-voz13--><!--bestpublic-voz13--><!--desk-in-out-voz13--><br \/>\n<!--publicidad-voz14--><!--bestpublic-voz14--><!--desk-in-out-voz14--><br \/>\n<!--publicidad-voz15--><!--bestpublic-voz15--><!--desk-in-out-voz15--><br \/>\n<!--publicidad-voz16--><!--bestpublic-voz16--><!--desk-in-out-voz16--><\/p>\n","protected":false},"excerpt":{"rendered":"<p>El vicepresidente de la Diputaci\u00f3n de Albacete y responsable de Obras, Fran Valera, junto a la diputada de Agenda 2030 y Fondos Europeos, Yolanda Ballesteros, se ha desplazado hasta Vianos,&#8230;<\/p>\n","protected":false},"author":2,"featured_media":151368,"comment_status":"closed","ping_status":"closed","sticky":false,"template":"","format":"standard","meta":{"footnotes":""},"categories":[755,718,715,716,717],"tags":[],"class_list":["post-151367","post","type-post","status-publish","format-standard","has-post-thumbnail","hentry","category-blog-lv036","category-blogger","category-la-voz-de-hellin","category-la-voz-de-hellin-la-voz-de-hellin","category-noticias"],"_links":{"self":[{"href":"https:\/\/lavozdehellin.com\/noticias\/wp-json\/wp\/v2\/posts\/151367","targetHints":{"allow":["GET"]}}],"collection":[{"href":"https:\/\/lavozdehellin.com\/noticias\/wp-json\/wp\/v2\/posts"}],"about":[{"href":"https:\/\/lavozdehellin.com\/noticias\/wp-json\/wp\/v2\/types\/post"}],"author":[{"embeddable":true,"href":"https:\/\/lavozdehellin.com\/noticias\/wp-json\/wp\/v2\/users\/2"}],"replies":[{"embeddable":true,"href":"https:\/\/lavozdehellin.com\/noticias\/wp-json\/wp\/v2\/comments?post=151367"}],"version-history":[{"count":0,"href":"https:\/\/lavozdehellin.com\/noticias\/wp-json\/wp\/v2\/posts\/151367\/revisions"}],"wp:featuredmedia":[{"embeddable":true,"href":"https:\/\/lavozdehellin.com\/noticias\/wp-json\/wp\/v2\/media\/151368"}],"wp:attachment":[{"href":"https:\/\/lavozdehellin.com\/noticias\/wp-json\/wp\/v2\/media?parent=151367"}],"wp:term":[{"taxonomy":"category","embeddable":true,"href":"https:\/\/lavozdehellin.com\/noticias\/wp-json\/wp\/v2\/categories?post=151367"},{"taxonomy":"post_tag","embeddable":true,"href":"https:\/\/lavozdehellin.com\/noticias\/wp-json\/wp\/v2\/tags?post=151367"}],"curies":[{"name":"wp","href":"https:\/\/api.w.org\/{rel}","templated":true}]}}