{"id":151370,"date":"2024-06-24T09:53:07","date_gmt":"2024-06-24T07:53:07","guid":{"rendered":"https:\/\/lavozdehellin.com\/noticias\/?p=151370"},"modified":"2024-07-01T11:31:40","modified_gmt":"2024-07-01T09:31:40","slug":"v08-800-lvh-noticias-el-albaceteno-ruben-serralle-ganador-del-primer-premio-del-certamen-de-fotografia-de-la-diputacion-albacete-siempre-2024","status":"publish","type":"post","link":"https:\/\/lavozdehellin.com\/noticias\/v08-800-lvh-noticias-el-albaceteno-ruben-serralle-ganador-del-primer-premio-del-certamen-de-fotografia-de-la-diputacion-albacete-siempre-2024\/","title":{"rendered":"LVH NOTICIAS | EL ALBACETE\u00d1O RUB\u00c9N SERRALL\u00c9, GANADOR DEL PRIMER PREMIO DEL CERTAMEN DE FOTOGRAF\u00cdA DE LA DIPUTACI\u00d3N \u2018ALBACETE SIEMPRE\u2019 2024"},"content":{"rendered":"<p style=\"text-align: justify;\">El trabajo \u2018Cristo del Sah\u00faco\u2019, del fot\u00f3grafo albacete\u00f1o Rub\u00e9n Serrall\u00e9 S\u00e1nchez, ha obtenido el primer premio en el certamen de fotograf\u00eda sobre Albacete y su provincia, que anualmente promueve la Diputaci\u00f3n bajo el t\u00edtulo \u2018Albacete Siempre\u2019.<\/p>\n<p><!--more--><br \/>\n<!--publicidad-voz01--><a href=\"https:\/\/www.facebook.com\/SoloRadioHellin\/?locale=es_ES\"><img decoding=\"async\" class=\"alignnone size-medium\" src=\"https:\/\/blogger.googleusercontent.com\/img\/b\/R29vZ2xl\/AVvXsEiNncirNnyGedv00mhjZjh5Wl4_YPdJGanoAl8tL8zH-HwqE8uHqjEfSt340RHdx-9tuCSIkZ8rFamZiGyYlgDGxCsmXjCH_1xk5eYM3ntFZRvJP_jndOKR7w1UAo9Tu0vrZyOLfqRpHIxYI5SymJJ-pfGCQw6QVpggBH-UgfjiFQ2JOxqxG0Jx94kW83c\/s1600\/logo-principal.jpg\" width=\"100%\" height=\"100\" \/><\/a><!--bestpublic-voz01--><!--desk-in-out-voz01--><br \/>\n<!--publicidad-voz02--><a href=\"https:\/\/www.hellincf.com\/\"><img decoding=\"async\" class=\"alignnone size-medium\" src=\"https:\/\/blogger.googleusercontent.com\/img\/b\/R29vZ2xl\/AVvXsEhuZ4-XfBVj3UtdP8-RZugy3WVrg-Zv28c53m4oV47qYCxL1rX_dqWX_YddsGSnpH5SRDqZ7bZeKPIfDVCDncpjVlhy3aQs2vojcJBn7Gdv9hC2_Nzct_pRFrnFE1a7KTCdY1bT_kAgnY3-iadRZrGeJf1fR2P5fu11bokx0pWjaypoy-ctwCjklldpEbA\/s1600\/logo-principal7.jpg\" width=\"100%\" height=\"100\" \/><\/a><!--bestpublic-voz02--><!--desk-in-out-voz02--><\/p>\n<p style=\"text-align: justify;\">La serie ganadora est\u00e1 integrada por seis im\u00e1genes en las que se refleja magistralmente la devoci\u00f3n y la pasi\u00f3n con la que los \u2018andarines\u2019 portan y trasladan al Cristo del Sah\u00faco desde la aldea que lleva su nombre hasta el municipio de Pe\u00f1as de San Pedro cada lunes de Pentecost\u00e9s, realizando el recorrido inverso cada 28 de agosto.<\/p>\n<p style=\"text-align: justify;\">Las fotograf\u00edas, que recogen ambos momentos, condensan de forma excepcional, desde la emoci\u00f3n y la belleza, instantes de este acontecimiento que re\u00fane a decenas de personas, organizadas en \u2018parejas\u2019, que se turnan para portar a hombros la imagen del Santo y llevarla en volandas a la carrera, deteni\u00e9ndose en los tres cruces que separan ambos puntos, donde vecinos, vecinas y visitantes esperan para poder tocar la caja del Cristo.<\/p>\n<p style=\"text-align: justify;\">Este Certamen, que pretende dar a conocer y poner en valor las tradiciones y formas de vida caracter\u00edsticas de la provincia, en su edici\u00f3n de 2024 ha contado con la participaci\u00f3n de m\u00e1s de 70 fot\u00f3grafos y fot\u00f3grafas que han presentado un total de 400 im\u00e1genes, aglutinadas en 75 colecciones.<\/p>\n<p style=\"text-align: justify;\">Y junto a la serie citada, tambi\u00e9n han resultado premiados el trabajo \u2018Carnaval\u2019 de Carlos Navarro Corber\u00e1 con el segundo premio, y \u2018Realidad paralela\u2019 de Vicente Javier Mu\u00f1oz Romero con el tercer premio.<\/p>\n<p style=\"text-align: justify;\">Asimismo, el jurado ha otorgado el reconocimiento a la \u2018Mejor colecci\u00f3n sobre Artes y Tradiciones Populares\u2019 al trabajo titulado \u2018Oficios\u2019 de Raimundo Mart\u00ednez Podio, y en la categor\u00eda \u2018Mejor colecci\u00f3n que pone en valor la riqueza tur\u00edstica de la provincia de Albacete\u2019, Antonio Real Hurtado ha resultado ganador con sus \u2018Paisajes Naturales de Albacete\u2019.<\/p>\n<p style=\"text-align: justify;\">Por su parte, los tres acc\u00e9sits han reca\u00eddo en la foto n\u00famero 1 de la serie \u2018El tiempo que vence al tiempo\u2019 de Jos\u00e9 Ram\u00f3n Luna de la Ossa; la n\u00famero 1 de la colecci\u00f3n \u2018Flaner\u2019 de Jos\u00e9 \u00c1ngel Ruiz Felipe; y la n\u00famero 2 de la serie \u2018Culturalmente arte\u2019 de Jos\u00e9 Mar\u00eda Fresneda Moreno.<\/p>\n<p style=\"text-align: justify;\">Reconocimiento p\u00fablico y 3.500 \u20ac en premios<\/p>\n<p style=\"text-align: justify;\">Como viene siendo habitual, las instant\u00e1neas premiadas pasan a formar parte del fondo documental de la Diputaci\u00f3n, al tiempo que protagonizar\u00e1n, el pr\u00f3ximo mes de septiembre, una exposici\u00f3n en el Centro Cultural La Asunci\u00f3n. Asimismo, integrar\u00e1n el programa \u2018Enredarte\u2019, sum\u00e1ndose al resto de muestras itinerantes que recorren la provincia, contando tambi\u00e9n con unos quinientos cat\u00e1logos, que la instituci\u00f3n har\u00e1 llegar a Universidades Populares, Bibliotecas P\u00fablicas, Centros y Asociaciones Culturales del territorio albacetense.<\/p>\n<p style=\"text-align: justify;\">Adem\u00e1s del reconocimiento p\u00fablico, los trabajos ganadores cuentan con una importante dotaci\u00f3n econ\u00f3mica que asciende en su totalidad a 3.500 \u20ac, repartidos de la siguiente manera: primer premio, 1.200 \u20ac; segundo premio, 750 \u20ac; tercer premio, 500 \u20ac; \u2018Mejor colecci\u00f3n sobre Artes y Tradiciones Populares\u2019 y \u2018Mejor colecci\u00f3n que pone en valor la riqueza tur\u00edstica de la Provincia de Albacete\u2019, 375 \u20ac, respectivamente; y tres acc\u00e9sits a fotos individuales valorados en 100 \u20ac cada uno.<\/p>\n<p style=\"text-align: justify;\">En esta edici\u00f3n, el jurado ha estado presidido de forma delegada por Antonio Flores, t\u00e9cnico de Educaci\u00f3n y Cultura de la Diputaci\u00f3n de Albacete, y como vocales: Jer\u00f3nimo \u00c1lvarez Fern\u00e1ndez (fot\u00f3grafo de reconocido prestigio), Pedro Sanz del Cerro (profesor de fotograf\u00eda de la Escuela de Arte de Albacete), David Landete (profesor de fotograf\u00eda de la Universidad Popular de Madrigueras) y Luisa Mar\u00eda Cuevas (t\u00e9cnica auxiliar de Cultura de la Diputaci\u00f3n).<\/p>\n<p><!--publicidad-voz03--><a href=\"https:\/\/www.facebook.com\/profile.php?id=100063593791305&amp;locale=es_ES\"><img decoding=\"async\" class=\"alignnone size-medium\" src=\"https:\/\/blogger.googleusercontent.com\/img\/b\/R29vZ2xl\/AVvXsEi8_n_ll8UOcGxCqzFvb_9Io4ICczlGC990BPtPj2w9Px-u7B3oqWUW5vtjZUqPNJ-nyjiUIorE0ATsib_l5tV8BVN-UJ03RTnU__IHJF_4DgDBtY4LIqXNG-FomrO-7ywes20CBCRM2Hcm7EJSh3UUw1dO-c_uTflUrtgY1i7uBRezj_DpympmEFkfbQY\/s1600\/logo-principal2.jpg\" width=\"100%\" height=\"100\" \/><\/a><!--bestpublic-voz03--><!--desk-in-out-voz03--><br \/>\n<!--publicidad-voz04--><a href=\"https:\/\/www.facebook.com\/profile.php?id=61557370768692&amp;locale=es_ES\"><img decoding=\"async\" class=\"alignnone size-medium\" src=\"https:\/\/blogger.googleusercontent.com\/img\/b\/R29vZ2xl\/AVvXsEgy5RdcfffrnrItnYTcV9bCJjgJwldsQLWssfVfrLbyfXeBNTFKgBf0rMIvhrUaGUhiXzVr9_eQgCbi-j63ZDpfTvLIty9w7s140y-m1yHe7eKmEK7v2NAHUJDVYGdfeiQFeRCqUjdwWmN1MX_AUxxz4IVdJ4WIM0APxit8bjWkXzrnEFGqBvW_1F13H1g\/s1600\/logo-principal5.jpg\" width=\"100%\" height=\"100\" \/><\/a><!--bestpublic-voz04--><!--desk-in-out-voz04--><br \/>\n<!--publicidad-voz05--><a href=\"https:\/\/www.facebook.com\/asociaciontamborileroshellin?locale=es_ES\"><img decoding=\"async\" class=\"alignnone size-medium\" src=\"https:\/\/blogger.googleusercontent.com\/img\/b\/R29vZ2xl\/AVvXsEhHEEpZsKK1VpwiYMrS7aE2ujtqIDZoLd4B5wtbiseSU9s2HdTdQfhF84So2XwEB1fv0BLw95GADm6hUl1bkKtzh-eIgVigXONuu_5RxeIMPhjk8q6uNX4EaEHbooKkbu7pCADWPpVJjhKIH5NQSJpWqedC-YBez4QAQeJYokkLot9bhrIaUAeztsGis6M\/s1600\/logo-principal3.jpg\" width=\"100%\" height=\"100\" \/><\/a><!--bestpublic-voz05--><!--desk-in-out-voz05--><br \/>\n<!--publicidad-voz06--><!--bestpublic-voz06--><!--desk-in-out-voz06--><br \/>\n<!--publicidad-voz07--><!--bestpublic-voz07--><!--desk-in-out-voz07--><br \/>\n<!--publicidad-voz08--><!--bestpublic-voz08--><!--desk-in-out-voz08--><br \/>\n<!--publicidad-voz09--><!--bestpublic-voz09--><!--desk-in-out-voz09--><br \/>\n<!--publicidad-voz10--><!--bestpublic-voz10--><!--desk-in-out-voz10--><br \/>\n<!--publicidad-voz11--><!--bestpublic-voz11--><!--desk-in-out-voz11--><br \/>\n<!--publicidad-voz12--><!--bestpublic-voz12--><!--desk-in-out-voz12--><br \/>\n<!--publicidad-voz13--><!--bestpublic-voz13--><!--desk-in-out-voz13--><br \/>\n<!--publicidad-voz14--><!--bestpublic-voz14--><!--desk-in-out-voz14--><br \/>\n<!--publicidad-voz15--><!--bestpublic-voz15--><!--desk-in-out-voz15--><br \/>\n<!--publicidad-voz16--><!--bestpublic-voz16--><!--desk-in-out-voz16--><\/p>\n","protected":false},"excerpt":{"rendered":"<p>El trabajo \u2018Cristo del Sah\u00faco\u2019, del fot\u00f3grafo albacete\u00f1o Rub\u00e9n Serrall\u00e9 S\u00e1nchez, ha obtenido el primer premio en el certamen de fotograf\u00eda sobre Albacete y su provincia, que anualmente promueve la&#8230;<\/p>\n","protected":false},"author":2,"featured_media":151371,"comment_status":"closed","ping_status":"closed","sticky":false,"template":"","format":"standard","meta":{"footnotes":""},"categories":[755,718,715,716,717],"tags":[],"class_list":["post-151370","post","type-post","status-publish","format-standard","has-post-thumbnail","hentry","category-blog-lv036","category-blogger","category-la-voz-de-hellin","category-la-voz-de-hellin-la-voz-de-hellin","category-noticias"],"_links":{"self":[{"href":"https:\/\/lavozdehellin.com\/noticias\/wp-json\/wp\/v2\/posts\/151370","targetHints":{"allow":["GET"]}}],"collection":[{"href":"https:\/\/lavozdehellin.com\/noticias\/wp-json\/wp\/v2\/posts"}],"about":[{"href":"https:\/\/lavozdehellin.com\/noticias\/wp-json\/wp\/v2\/types\/post"}],"author":[{"embeddable":true,"href":"https:\/\/lavozdehellin.com\/noticias\/wp-json\/wp\/v2\/users\/2"}],"replies":[{"embeddable":true,"href":"https:\/\/lavozdehellin.com\/noticias\/wp-json\/wp\/v2\/comments?post=151370"}],"version-history":[{"count":0,"href":"https:\/\/lavozdehellin.com\/noticias\/wp-json\/wp\/v2\/posts\/151370\/revisions"}],"wp:featuredmedia":[{"embeddable":true,"href":"https:\/\/lavozdehellin.com\/noticias\/wp-json\/wp\/v2\/media\/151371"}],"wp:attachment":[{"href":"https:\/\/lavozdehellin.com\/noticias\/wp-json\/wp\/v2\/media?parent=151370"}],"wp:term":[{"taxonomy":"category","embeddable":true,"href":"https:\/\/lavozdehellin.com\/noticias\/wp-json\/wp\/v2\/categories?post=151370"},{"taxonomy":"post_tag","embeddable":true,"href":"https:\/\/lavozdehellin.com\/noticias\/wp-json\/wp\/v2\/tags?post=151370"}],"curies":[{"name":"wp","href":"https:\/\/api.w.org\/{rel}","templated":true}]}}