{"id":151374,"date":"2024-06-24T14:55:28","date_gmt":"2024-06-24T12:55:28","guid":{"rendered":"https:\/\/lavozdehellin.com\/noticias\/?p=151374"},"modified":"2024-07-01T11:31:40","modified_gmt":"2024-07-01T09:31:40","slug":"v08-801-lvh-noticias-cabanero-durante-las-fiestas-de-pozohondo-pone-en-valor-el-patrimonio-humano-historico-y-cultural-que-converge-en-las-celebraciones-populares-como-vemos-en-la-danza-del-zang","status":"publish","type":"post","link":"https:\/\/lavozdehellin.com\/noticias\/v08-801-lvh-noticias-cabanero-durante-las-fiestas-de-pozohondo-pone-en-valor-el-patrimonio-humano-historico-y-cultural-que-converge-en-las-celebraciones-populares-como-vemos-en-la-danza-del-zang\/","title":{"rendered":"LVH NOTICIAS | CABA\u00d1ERO, DURANTE LAS FIESTAS DE POZOHONDO, PONE EN VALOR EL PATRIMONIO HUMANO, HIST\u00d3RICO Y CULTURAL QUE CONVERGE EN LAS CELEBRACIONES POPULARES \u201cCOMO VEMOS EN LA DANZA DEL Z\u00c1NGANO\u201d"},"content":{"rendered":"<p style=\"text-align: justify;\">Pozohondo vive sus d\u00edas grandes y el presidente de la Diputaci\u00f3n de Albacete, Santi Caba\u00f1ero, se ha desplazado hasta la localidad para acompa\u00f1ar a los vecinos y vecinas en sus fiestas en honor a San Juan Bautista.<\/p>\n<p><!--more--><br \/>\n<!--publicidad-voz01--><a href=\"https:\/\/www.facebook.com\/SoloRadioHellin\/?locale=es_ES\"><img decoding=\"async\" class=\"alignnone size-medium\" src=\"https:\/\/blogger.googleusercontent.com\/img\/b\/R29vZ2xl\/AVvXsEiNncirNnyGedv00mhjZjh5Wl4_YPdJGanoAl8tL8zH-HwqE8uHqjEfSt340RHdx-9tuCSIkZ8rFamZiGyYlgDGxCsmXjCH_1xk5eYM3ntFZRvJP_jndOKR7w1UAo9Tu0vrZyOLfqRpHIxYI5SymJJ-pfGCQw6QVpggBH-UgfjiFQ2JOxqxG0Jx94kW83c\/s1600\/logo-principal.jpg\" width=\"100%\" height=\"100\" \/><\/a><!--bestpublic-voz01--><!--desk-in-out-voz01--><br \/>\n<!--publicidad-voz02--><a href=\"https:\/\/www.hellincf.com\/\"><img decoding=\"async\" class=\"alignnone size-medium\" src=\"https:\/\/blogger.googleusercontent.com\/img\/b\/R29vZ2xl\/AVvXsEhuZ4-XfBVj3UtdP8-RZugy3WVrg-Zv28c53m4oV47qYCxL1rX_dqWX_YddsGSnpH5SRDqZ7bZeKPIfDVCDncpjVlhy3aQs2vojcJBn7Gdv9hC2_Nzct_pRFrnFE1a7KTCdY1bT_kAgnY3-iadRZrGeJf1fR2P5fu11bokx0pWjaypoy-ctwCjklldpEbA\/s1600\/logo-principal7.jpg\" width=\"100%\" height=\"100\" \/><\/a><!--bestpublic-voz02--><!--desk-in-out-voz02--><\/p>\n<p style=\"text-align: justify;\">Junto al diputado del \u00c1rea Social, Jos\u00e9 Gonz\u00e1lez; al consejero de Agricultura, Ganader\u00eda y Desarrollo Rural, Juli\u00e1n Mart\u00ednez; y a la Corporaci\u00f3n Municipal encabezada por su alcaldesa, Julia S\u00e1nchez, Caba\u00f1ero ha participado en algunos de los actos m\u00e1s emotivos y significativos de esta celebraci\u00f3n: la tradicional misa cantada por el Coro de la Virgen del Rosario, y la posterior procesi\u00f3n, que ha contado con la Banda de M\u00fasica local, y en la que se ha bailado la t\u00edpica danza del \u2018Z\u00e1ngano\u2019. Una de las pocas danzas rituales que se conservan en el territorio albacetense.<\/p>\n<p style=\"text-align: justify;\">El presidente provincial, que ha destacado la belleza, la originalidad y el valor diferencial de este baile \u201cque es patrimonio inmaterial de nuestra tierra y refuerza la identidad colectiva de este pueblo\u201d, ha felicitado a los vecinos y vecinas anim\u00e1ndoles a disfrutar de cada una de las actividades organizadas en el marco de esta festividad, y ha tenido una menci\u00f3n especial para los Pozohoneros y Pozohoneras de Honor (una distinci\u00f3n que nace este a\u00f1o), remarcando que representan el compromiso de la juventud con su localidad y \u201ctambi\u00e9n el trabajo que aqu\u00ed hab\u00e9is realizado para que as\u00ed sea, fomentando ese arraigo y ese sentimiento de pertenencia, que en jornadas como \u00e9sta adquiere toda su dimensi\u00f3n\u201d.<\/p>\n<p style=\"text-align: justify;\">En este sentido, Caba\u00f1ero ha recordado que las fiestas populares, m\u00e1s all\u00e1 de su \u201cimportante\u201d contribuci\u00f3n al desarrollo rural y de favorecer la dinamizaci\u00f3n socioecon\u00f3mico, tur\u00edstica y cultural, desempe\u00f1an un papel decisivo para la conservaci\u00f3n de las tradiciones, costumbres y rituales de cada territorio, haciendo posible que perduren en el tiempo pasando de una generaci\u00f3n a otra.<\/p>\n<p style=\"text-align: justify;\">Algo que, como ha subrayado el m\u00e1ximo responsable provincial, no ser\u00eda posible sin el compromiso, la implicaci\u00f3n y el cari\u00f1o que la poblaci\u00f3n de Pozohondo, con su regidora al frente, pone para que estas jornadas sean un \u00e9xito y tambi\u00e9n para hacerlas crecer desde el trabajo diario por potenciar las tradiciones locales. Una labor que ha alabado y agradecido \u201cen nombre de una provincia que se reconoce en sus fiestas populares\u201d.<\/p>\n<p style=\"text-align: justify;\">Momento que Caba\u00f1ero ha aprovechado para destacar tambi\u00e9n la implicaci\u00f3n de las entidades y asociaciones locales, as\u00ed como la participaci\u00f3n de la Banda de M\u00fasica de Pozohondo, \u201cque no s\u00f3lo ameniza estas fiestas, sino que las llena de vida y alegr\u00eda\u201d, como en esta cita tambi\u00e9n han podido comprobar otros miembros de la Corporaci\u00f3n Provincial del Grupo del PP, as\u00ed como diputadas regionales y alcaldes de localidades vecinas.<\/p>\n<p style=\"text-align: justify;\">Adem\u00e1s, el presidente ha puesto en valor el patrimonio humano, cultural e hist\u00f3rico que converge en las celebraciones populares de cada localidad de la provincia, reiterando el compromiso de la Diputaci\u00f3n con su visibilizaci\u00f3n, promoci\u00f3n y conservaci\u00f3n.<\/p>\n<p style=\"text-align: justify;\">Estas fiestas arrancaron oficialmente el pasado viernes, 21 de junio, en el preg\u00f3n festero a cargo de la Pe\u00f1a TBO, un pasacalles protagonizado por los tradicionales Cabezudos, un castillo de fuegos artificiales y la posterior presentaci\u00f3n de los Pozohoneros y Pozohoneras de Honor, y se extender\u00e1n hasta ma\u00f1ana, con encierros, comidas populares y m\u00fasica en directo.<\/p>\n<p><!--publicidad-voz03--><a href=\"https:\/\/www.facebook.com\/profile.php?id=100063593791305&amp;locale=es_ES\"><img decoding=\"async\" class=\"alignnone size-medium\" src=\"https:\/\/blogger.googleusercontent.com\/img\/b\/R29vZ2xl\/AVvXsEi8_n_ll8UOcGxCqzFvb_9Io4ICczlGC990BPtPj2w9Px-u7B3oqWUW5vtjZUqPNJ-nyjiUIorE0ATsib_l5tV8BVN-UJ03RTnU__IHJF_4DgDBtY4LIqXNG-FomrO-7ywes20CBCRM2Hcm7EJSh3UUw1dO-c_uTflUrtgY1i7uBRezj_DpympmEFkfbQY\/s1600\/logo-principal2.jpg\" width=\"100%\" height=\"100\" \/><\/a><!--bestpublic-voz03--><!--desk-in-out-voz03--><br \/>\n<!--publicidad-voz04--><a href=\"https:\/\/www.facebook.com\/profile.php?id=61557370768692&amp;locale=es_ES\"><img decoding=\"async\" class=\"alignnone size-medium\" src=\"https:\/\/blogger.googleusercontent.com\/img\/b\/R29vZ2xl\/AVvXsEgy5RdcfffrnrItnYTcV9bCJjgJwldsQLWssfVfrLbyfXeBNTFKgBf0rMIvhrUaGUhiXzVr9_eQgCbi-j63ZDpfTvLIty9w7s140y-m1yHe7eKmEK7v2NAHUJDVYGdfeiQFeRCqUjdwWmN1MX_AUxxz4IVdJ4WIM0APxit8bjWkXzrnEFGqBvW_1F13H1g\/s1600\/logo-principal5.jpg\" width=\"100%\" height=\"100\" \/><\/a><!--bestpublic-voz04--><!--desk-in-out-voz04--><br \/>\n<!--publicidad-voz05--><a href=\"https:\/\/www.facebook.com\/asociaciontamborileroshellin?locale=es_ES\"><img decoding=\"async\" class=\"alignnone size-medium\" src=\"https:\/\/blogger.googleusercontent.com\/img\/b\/R29vZ2xl\/AVvXsEhHEEpZsKK1VpwiYMrS7aE2ujtqIDZoLd4B5wtbiseSU9s2HdTdQfhF84So2XwEB1fv0BLw95GADm6hUl1bkKtzh-eIgVigXONuu_5RxeIMPhjk8q6uNX4EaEHbooKkbu7pCADWPpVJjhKIH5NQSJpWqedC-YBez4QAQeJYokkLot9bhrIaUAeztsGis6M\/s1600\/logo-principal3.jpg\" width=\"100%\" height=\"100\" \/><\/a><!--bestpublic-voz05--><!--desk-in-out-voz05--><br \/>\n<!--publicidad-voz06--><!--bestpublic-voz06--><!--desk-in-out-voz06--><br \/>\n<!--publicidad-voz07--><!--bestpublic-voz07--><!--desk-in-out-voz07--><br \/>\n<!--publicidad-voz08--><!--bestpublic-voz08--><!--desk-in-out-voz08--><br \/>\n<!--publicidad-voz09--><!--bestpublic-voz09--><!--desk-in-out-voz09--><br \/>\n<!--publicidad-voz10--><!--bestpublic-voz10--><!--desk-in-out-voz10--><br \/>\n<!--publicidad-voz11--><!--bestpublic-voz11--><!--desk-in-out-voz11--><br \/>\n<!--publicidad-voz12--><!--bestpublic-voz12--><!--desk-in-out-voz12--><br \/>\n<!--publicidad-voz13--><!--bestpublic-voz13--><!--desk-in-out-voz13--><br \/>\n<!--publicidad-voz14--><!--bestpublic-voz14--><!--desk-in-out-voz14--><br \/>\n<!--publicidad-voz15--><!--bestpublic-voz15--><!--desk-in-out-voz15--><br \/>\n<!--publicidad-voz16--><!--bestpublic-voz16--><!--desk-in-out-voz16--><\/p>\n","protected":false},"excerpt":{"rendered":"<p>Pozohondo vive sus d\u00edas grandes y el presidente de la Diputaci\u00f3n de Albacete, Santi Caba\u00f1ero, se ha desplazado hasta la localidad para acompa\u00f1ar a los vecinos y vecinas en sus&#8230;<\/p>\n","protected":false},"author":2,"featured_media":151375,"comment_status":"closed","ping_status":"closed","sticky":false,"template":"","format":"standard","meta":{"footnotes":""},"categories":[755,718,715,716,717],"tags":[],"class_list":["post-151374","post","type-post","status-publish","format-standard","has-post-thumbnail","hentry","category-blog-lv036","category-blogger","category-la-voz-de-hellin","category-la-voz-de-hellin-la-voz-de-hellin","category-noticias"],"_links":{"self":[{"href":"https:\/\/lavozdehellin.com\/noticias\/wp-json\/wp\/v2\/posts\/151374","targetHints":{"allow":["GET"]}}],"collection":[{"href":"https:\/\/lavozdehellin.com\/noticias\/wp-json\/wp\/v2\/posts"}],"about":[{"href":"https:\/\/lavozdehellin.com\/noticias\/wp-json\/wp\/v2\/types\/post"}],"author":[{"embeddable":true,"href":"https:\/\/lavozdehellin.com\/noticias\/wp-json\/wp\/v2\/users\/2"}],"replies":[{"embeddable":true,"href":"https:\/\/lavozdehellin.com\/noticias\/wp-json\/wp\/v2\/comments?post=151374"}],"version-history":[{"count":0,"href":"https:\/\/lavozdehellin.com\/noticias\/wp-json\/wp\/v2\/posts\/151374\/revisions"}],"wp:featuredmedia":[{"embeddable":true,"href":"https:\/\/lavozdehellin.com\/noticias\/wp-json\/wp\/v2\/media\/151375"}],"wp:attachment":[{"href":"https:\/\/lavozdehellin.com\/noticias\/wp-json\/wp\/v2\/media?parent=151374"}],"wp:term":[{"taxonomy":"category","embeddable":true,"href":"https:\/\/lavozdehellin.com\/noticias\/wp-json\/wp\/v2\/categories?post=151374"},{"taxonomy":"post_tag","embeddable":true,"href":"https:\/\/lavozdehellin.com\/noticias\/wp-json\/wp\/v2\/tags?post=151374"}],"curies":[{"name":"wp","href":"https:\/\/api.w.org\/{rel}","templated":true}]}}