{"id":151446,"date":"2024-06-25T11:15:02","date_gmt":"2024-06-25T09:15:02","guid":{"rendered":"https:\/\/lavozdehellin.com\/noticias\/?p=151446"},"modified":"2024-11-25T19:24:45","modified_gmt":"2024-11-25T17:24:45","slug":"v08-804-presentacion-ii-congreso-internacional-de-hermandades-y-piedad-popular-sevilla","status":"publish","type":"post","link":"https:\/\/lavozdehellin.com\/noticias\/v08-804-presentacion-ii-congreso-internacional-de-hermandades-y-piedad-popular-sevilla\/","title":{"rendered":"LVH NOTICIAS | PRESENTACI\u00d3N II CONGRESO INTERNACIONAL DE HERMANDADES Y PIEDAD POPULAR (SEVILLA)"},"content":{"rendered":"<p style=\"text-align: justify;\">Hell\u00edn acoger\u00e1 el pr\u00f3ximo jueves 27 de junio la presentaci\u00f3n del II Congreso Internacional de Hermandades y Piedad Popular, que se celebrar\u00e1 en Sevilla del 4 al 8 de diciembre bajo el lema \u2018Caminando en Esperanza\u2019.<\/p>\n<p><!--more--><br \/>\n<!--publicidad-voz01--><a href=\"https:\/\/www.facebook.com\/SoloRadioHellin\/?locale=es_ES\"><img decoding=\"async\" class=\"alignnone size-medium\" src=\"https:\/\/blogger.googleusercontent.com\/img\/b\/R29vZ2xl\/AVvXsEiNncirNnyGedv00mhjZjh5Wl4_YPdJGanoAl8tL8zH-HwqE8uHqjEfSt340RHdx-9tuCSIkZ8rFamZiGyYlgDGxCsmXjCH_1xk5eYM3ntFZRvJP_jndOKR7w1UAo9Tu0vrZyOLfqRpHIxYI5SymJJ-pfGCQw6QVpggBH-UgfjiFQ2JOxqxG0Jx94kW83c\/s1600\/logo-principal.jpg\" width=\"100%\" height=\"100\" \/><\/a><!--bestpublic-voz01--><!--desk-in-out-voz01--><br \/>\n<!--publicidad-voz02--><a href=\"https:\/\/www.hellincf.com\/\"><img decoding=\"async\" class=\"alignnone size-medium\" src=\"https:\/\/blogger.googleusercontent.com\/img\/b\/R29vZ2xl\/AVvXsEhuZ4-XfBVj3UtdP8-RZugy3WVrg-Zv28c53m4oV47qYCxL1rX_dqWX_YddsGSnpH5SRDqZ7bZeKPIfDVCDncpjVlhy3aQs2vojcJBn7Gdv9hC2_Nzct_pRFrnFE1a7KTCdY1bT_kAgnY3-iadRZrGeJf1fR2P5fu11bokx0pWjaypoy-ctwCjklldpEbA\/s1600\/logo-principal7.jpg\" width=\"100%\" height=\"100\" \/><\/a><!--bestpublic-voz02--><!--desk-in-out-voz02--><\/p>\n<p style=\"text-align: justify;\">La presentaci\u00f3n tendr\u00e1 lugar en el Sal\u00f3n de Actos del Museo de Semana Santa (Plaza de la Iglesia n. \u00ba1) a las 21 horas.<\/p>\n<p style=\"text-align: justify;\">La entrada ser\u00e1 libre hasta completar aforo.<\/p>\n<p style=\"text-align: justify;\">A la presentaci\u00f3n del congreso asistir\u00e1 una representaci\u00f3n del Consejo General de Hermandades y Cofrad\u00edas de la ciudad hispalense. Estar\u00e1n acompa\u00f1ados por la Asociaci\u00f3n de Cofrad\u00edas y Hermandades de Semana Santa de Hell\u00edn y el delegado diocesano de religiosidad popular de la Di\u00f3cesis de Albacete, D. Juan Manuel S\u00e1nchez.<\/p>\n<p style=\"text-align: justify;\">Desde ese esp\u00edritu de esperanza e ilusi\u00f3n marcado por el lema, 25 a\u00f1os despu\u00e9s del I Congreso Internacional, es el momento de revisar el rol de la piedad popular ante los profundos cambios observados en el mundo que afectan a todas las dimensiones de la vida (valores, globalizaci\u00f3n, nuevo orden geopol\u00edtico, cambio clim\u00e1tico, nuevas tecnolog\u00edas, guerras, pandemia, etc.) y reflexionar en comuni\u00f3n sobre nuevos retos y prop\u00f3sitos.<\/p>\n<p style=\"text-align: justify;\">Junto con las jornadas de conferencias y convivencia, el momento cumbre del Congreso ser\u00e1 la Procesi\u00f3n Magna con la que concluir\u00e1 el 8 de diciembre. En ella participar\u00e1n ocho tallas ic\u00f3nicas de la Semana Santa sevillana en sentido geogr\u00e1fico amplio: Nuestro Padre Jes\u00fas del Gran Poder, Sant\u00edsimo Cristo de la Expiraci\u00f3n (Cachorro), Mar\u00eda Sant\u00edsima de la Esperanza Macarena, Nuestra Se\u00f1ora de la Esperanza de Triana, Nuestra Se\u00f1ora de Valme (Dos Hermanas), Nuestra Se\u00f1ora de Consolaci\u00f3n (Utrera), Nuestra Se\u00f1ora de Setefilla (Lora del R\u00edo) y la patrona de Sevilla y su Archidi\u00f3cesis, Nuestra Se\u00f1ora de los Reyes.<\/p>\n<p><!--publicidad-voz03--><a href=\"https:\/\/www.facebook.com\/profile.php?id=100063593791305&amp;locale=es_ES\"><img decoding=\"async\" class=\"alignnone size-medium\" src=\"https:\/\/blogger.googleusercontent.com\/img\/b\/R29vZ2xl\/AVvXsEi8_n_ll8UOcGxCqzFvb_9Io4ICczlGC990BPtPj2w9Px-u7B3oqWUW5vtjZUqPNJ-nyjiUIorE0ATsib_l5tV8BVN-UJ03RTnU__IHJF_4DgDBtY4LIqXNG-FomrO-7ywes20CBCRM2Hcm7EJSh3UUw1dO-c_uTflUrtgY1i7uBRezj_DpympmEFkfbQY\/s1600\/logo-principal2.jpg\" width=\"100%\" height=\"100\" \/><\/a><!--bestpublic-voz03--><!--desk-in-out-voz03--><br \/>\n<!--publicidad-voz04--><a href=\"https:\/\/www.facebook.com\/profile.php?id=61557370768692&amp;locale=es_ES\"><img decoding=\"async\" class=\"alignnone size-medium\" src=\"https:\/\/blogger.googleusercontent.com\/img\/b\/R29vZ2xl\/AVvXsEgy5RdcfffrnrItnYTcV9bCJjgJwldsQLWssfVfrLbyfXeBNTFKgBf0rMIvhrUaGUhiXzVr9_eQgCbi-j63ZDpfTvLIty9w7s140y-m1yHe7eKmEK7v2NAHUJDVYGdfeiQFeRCqUjdwWmN1MX_AUxxz4IVdJ4WIM0APxit8bjWkXzrnEFGqBvW_1F13H1g\/s1600\/logo-principal5.jpg\" width=\"100%\" height=\"100\" \/><\/a><!--bestpublic-voz04--><!--desk-in-out-voz04--><br \/>\n<!--publicidad-voz05--><a href=\"https:\/\/www.facebook.com\/asociaciontamborileroshellin?locale=es_ES\"><img decoding=\"async\" class=\"alignnone size-medium\" src=\"https:\/\/blogger.googleusercontent.com\/img\/b\/R29vZ2xl\/AVvXsEhHEEpZsKK1VpwiYMrS7aE2ujtqIDZoLd4B5wtbiseSU9s2HdTdQfhF84So2XwEB1fv0BLw95GADm6hUl1bkKtzh-eIgVigXONuu_5RxeIMPhjk8q6uNX4EaEHbooKkbu7pCADWPpVJjhKIH5NQSJpWqedC-YBez4QAQeJYokkLot9bhrIaUAeztsGis6M\/s1600\/logo-principal3.jpg\" width=\"100%\" height=\"100\" \/><\/a><!--bestpublic-voz05--><!--desk-in-out-voz05--><br \/>\n<!--publicidad-voz06--><!--bestpublic-voz06--><!--desk-in-out-voz06--><br \/>\n<!--publicidad-voz07--><!--bestpublic-voz07--><!--desk-in-out-voz07--><br \/>\n<!--publicidad-voz08--><!--bestpublic-voz08--><!--desk-in-out-voz08--><br \/>\n<!--publicidad-voz09--><!--bestpublic-voz09--><!--desk-in-out-voz09--><br \/>\n<!--publicidad-voz10--><!--bestpublic-voz10--><!--desk-in-out-voz10--><br \/>\n<!--publicidad-voz11--><!--bestpublic-voz11--><!--desk-in-out-voz11--><br \/>\n<!--publicidad-voz12--><!--bestpublic-voz12--><!--desk-in-out-voz12--><br \/>\n<!--publicidad-voz13--><!--bestpublic-voz13--><!--desk-in-out-voz13--><br \/>\n<!--publicidad-voz14--><!--bestpublic-voz14--><!--desk-in-out-voz14--><br \/>\n<!--publicidad-voz15--><!--bestpublic-voz15--><!--desk-in-out-voz15--><br \/>\n<!--publicidad-voz16--><!--bestpublic-voz16--><!--desk-in-out-voz16--><\/p>\n","protected":false},"excerpt":{"rendered":"<p>Hell\u00edn acoger\u00e1 el pr\u00f3ximo jueves 27 de junio la presentaci\u00f3n del II Congreso Internacional de Hermandades y Piedad Popular, que se celebrar\u00e1 en Sevilla del 4 al 8 de diciembre&#8230;<\/p>\n","protected":false},"author":2,"featured_media":151447,"comment_status":"closed","ping_status":"closed","sticky":false,"template":"","format":"standard","meta":{"footnotes":""},"categories":[755,718,715,716,717],"tags":[],"class_list":["post-151446","post","type-post","status-publish","format-standard","has-post-thumbnail","hentry","category-blog-lv036","category-blogger","category-la-voz-de-hellin","category-la-voz-de-hellin-la-voz-de-hellin","category-noticias"],"_links":{"self":[{"href":"https:\/\/lavozdehellin.com\/noticias\/wp-json\/wp\/v2\/posts\/151446","targetHints":{"allow":["GET"]}}],"collection":[{"href":"https:\/\/lavozdehellin.com\/noticias\/wp-json\/wp\/v2\/posts"}],"about":[{"href":"https:\/\/lavozdehellin.com\/noticias\/wp-json\/wp\/v2\/types\/post"}],"author":[{"embeddable":true,"href":"https:\/\/lavozdehellin.com\/noticias\/wp-json\/wp\/v2\/users\/2"}],"replies":[{"embeddable":true,"href":"https:\/\/lavozdehellin.com\/noticias\/wp-json\/wp\/v2\/comments?post=151446"}],"version-history":[{"count":0,"href":"https:\/\/lavozdehellin.com\/noticias\/wp-json\/wp\/v2\/posts\/151446\/revisions"}],"wp:featuredmedia":[{"embeddable":true,"href":"https:\/\/lavozdehellin.com\/noticias\/wp-json\/wp\/v2\/media\/151447"}],"wp:attachment":[{"href":"https:\/\/lavozdehellin.com\/noticias\/wp-json\/wp\/v2\/media?parent=151446"}],"wp:term":[{"taxonomy":"category","embeddable":true,"href":"https:\/\/lavozdehellin.com\/noticias\/wp-json\/wp\/v2\/categories?post=151446"},{"taxonomy":"post_tag","embeddable":true,"href":"https:\/\/lavozdehellin.com\/noticias\/wp-json\/wp\/v2\/tags?post=151446"}],"curies":[{"name":"wp","href":"https:\/\/api.w.org\/{rel}","templated":true}]}}