{"id":151459,"date":"2024-06-26T17:07:00","date_gmt":"2024-06-26T15:07:00","guid":{"rendered":"https:\/\/lavozdehellin.com\/noticias\/?p=151459"},"modified":"2024-11-25T19:24:44","modified_gmt":"2024-11-25T17:24:44","slug":"v08-808-el-grupo-popular-pide-en-el-senado-la-reapertura-inmediata-de-la-linea-ferroviaria-cartagena-albacete-y-su-modernizacion-como-via-de-altas-prestaciones-y-de-alta-velocidad","status":"publish","type":"post","link":"https:\/\/lavozdehellin.com\/noticias\/v08-808-el-grupo-popular-pide-en-el-senado-la-reapertura-inmediata-de-la-linea-ferroviaria-cartagena-albacete-y-su-modernizacion-como-via-de-altas-prestaciones-y-de-alta-velocidad\/","title":{"rendered":"LVH NOTICIAS | EL GRUPO POPULAR PIDE EN EL SENADO LA REAPERTURA INMEDIATA DE LA L\u00cdNEA FERROVIARIA CARTAGENA-ALBACETE Y SU MODERNIZACI\u00d3N COMO V\u00cdA DE ALTAS PRESTACIONES Y DE ALTA VELOCIDAD"},"content":{"rendered":"<p style=\"text-align: justify;\">Nota de prensa. &#8211; Moci\u00f3n defendida por la senadora del PP por Albacete, Miriam Garc\u00eda Navarro<\/p>\n<p><!--more--><br \/>\n<!--publicidad-voz01--><a href=\"https:\/\/www.facebook.com\/SoloRadioHellin\/?locale=es_ES\"><img decoding=\"async\" class=\"alignnone size-medium\" src=\"https:\/\/blogger.googleusercontent.com\/img\/b\/R29vZ2xl\/AVvXsEiNncirNnyGedv00mhjZjh5Wl4_YPdJGanoAl8tL8zH-HwqE8uHqjEfSt340RHdx-9tuCSIkZ8rFamZiGyYlgDGxCsmXjCH_1xk5eYM3ntFZRvJP_jndOKR7w1UAo9Tu0vrZyOLfqRpHIxYI5SymJJ-pfGCQw6QVpggBH-UgfjiFQ2JOxqxG0Jx94kW83c\/s1600\/logo-principal.jpg\" width=\"100%\" height=\"100\" \/><\/a><!--bestpublic-voz01--><!--desk-in-out-voz01--><br \/>\n<!--publicidad-voz02--><a href=\"https:\/\/www.hellincf.com\/\"><img decoding=\"async\" class=\"alignnone size-medium\" src=\"https:\/\/blogger.googleusercontent.com\/img\/b\/R29vZ2xl\/AVvXsEhuZ4-XfBVj3UtdP8-RZugy3WVrg-Zv28c53m4oV47qYCxL1rX_dqWX_YddsGSnpH5SRDqZ7bZeKPIfDVCDncpjVlhy3aQs2vojcJBn7Gdv9hC2_Nzct_pRFrnFE1a7KTCdY1bT_kAgnY3-iadRZrGeJf1fR2P5fu11bokx0pWjaypoy-ctwCjklldpEbA\/s1600\/logo-principal7.jpg\" width=\"100%\" height=\"100\" \/><\/a><!--bestpublic-voz02--><!--desk-in-out-voz02--><\/p>\n<p style=\"text-align: justify;\">El Grupo Popular pide en el Senado la reapertura inmediata de la l\u00ednea ferroviaria Cartagena-Albacete y su modernizaci\u00f3n como v\u00eda de altas prestaciones y de alta velocidad<\/p>\n<p style=\"text-align: justify;\">\u201cLos municipios afectados reivindican el tren para vertebrar el territorio\u201d y denuncian la Espa\u00f1a de dos velocidades por el inter\u00e9s partidista del Gobierno de Pedro S\u00e1nchez<\/p>\n<p style=\"text-align: justify;\">El alcalde de Hell\u00edn, Manuel Serena, junto a los parlamentarios regionales Juan Antonio Moreno y Carolina Agudo, entre los representantes instituciones del PP que se han dado cita en el Senado<\/p>\n<p style=\"text-align: justify;\">Lamenta el voto en contra del PSOE en el Senado, cuando en el resto de instituciones locales y regionales hab\u00eda apoyado el mismo texto de esta moci\u00f3n<\/p>\n<p style=\"text-align: justify;\">La senadora del PP por Albacete, Miriam Garc\u00eda Navarro, ha defendido hoy en la C\u00e1mara Alta la moci\u00f3n del Grupo Popular que exige al Gobierno de Pedro S\u00e1nchez la reapertura inmediata al tr\u00e1fico de pasajeros de la l\u00ednea ferroviaria Cartagena-Murcia-Albacete por Cieza y Hell\u00edn, en cumplimiento de los compromisos adquiridos, cuando se interrumpli\u00f3 el tr\u00e1fico ferroviario en febrero de 2022.<\/p>\n<p style=\"text-align: justify;\">Asimsimo, Marian Garc\u00eda ha lamentado el voto en contra del Partido Socialista en el Senado, cuando en el resto de las instituciones locales y auton\u00f3micas se ha llevado este mismo texto por unanimidad.<\/p>\n<p style=\"text-align: justify;\">As\u00ed lo ha trasladado hoy en su intervenci\u00f3n Miriam Garc\u00eda, que ha estado acompa\u00f1ada por alcaldes y concejales afectados por la el cierre de la l\u00ednea ferroviaria, que se han dado cita hoy en el Senado, junto a parlamentarios de Castilla-La Mancha del Partido Popular, defendiendo junto al Grupo Popular del Senado el tren de sus municipios como un servicio necesario para sus habitantes, trat\u00e1ndose de una l\u00ednea que afecta a tres CC.AA y a un mill\u00f3n de personas\u201d.<\/p>\n<p style=\"text-align: justify;\">\u201cMunicipios a los que une una \u00fanica convicci\u00f3n, la necesidad del tren para vertebrar el territorio en una Espa\u00f1a a dos velocidades; una Espa\u00f1a donde hay ciudadanos de primera y ciudadanos de segunda, una Espa\u00f1a donde se ha impuesto la desigualdad, donde impera el falso relato y el poder a cambio de votos que benefician a unos pocos\u201d ha manifestado Miriam Garc\u00eda.<\/p>\n<p style=\"text-align: justify;\">La senadora del PP por Albacete ha recordado hoy que la l\u00edneas ferroviaria Cartagena-Murcia-Albacete pasando por Cieza y Hell\u00edn, tiene su origen en 1.865 y constituye una infraestructura de cohesi\u00f3n social, estrat\u00e9gica y de primer orden, ya que comunica a municipios cuya poblaci\u00f3n suma m\u00e1s de un mill\u00f3n de habitantes, a los que hay que ofrecer soluciones sostenibles de movilidad de media distancia\u201d.<\/p>\n<p style=\"text-align: justify;\">PERDEMOS SERVICIOS, A\u00d1O A A\u00d1O<\/p>\n<p style=\"text-align: justify;\">Asimismo, la senadora ha denunciado que \u201ca\u00f1o a a\u00f1o, perdemos servicios p\u00fablicos, ferroviarios, separando territorios y ampliando desigualdades\u201d y ha se\u00f1alado que en lo referente al transporte de mercanc\u00edas, esta l\u00ednea enlaza la refiner\u00eda de Escombreras, el puerto de Cartagena y la industria en Murcia y Albacete con el corredor central y Madrid, jugando un importante papel econ\u00f3mico.<\/p>\n<p style=\"text-align: justify;\">\u201cSiempre hemos defendido que la l\u00ednea Cartagena-Murcia-Albacete, pasando por Cieza y Hell\u00edn, est\u00e9 incorporada a la Red Transeuropea de Transportes, y ello implica un compromiso de finalizacI\u00f3n de la adecuaci\u00f3n antes de 2040, para lo que el Ministerio de Transportes y ADIF deber\u00edan comenzar ya con los estudios informativos, tramitaciones y proyectos necesarios, algo que no tiene actualmente en sus previsiones\u201d, ha se\u00f1alado la senadora.<\/p>\n<p style=\"text-align: justify;\">\u201cA m\u00e1s corto plazo, el Gobierno de Pedro S\u00e1nchez se comprometi\u00f3 al restablecer el tr\u00e1fico ferroviario en febrero de 2024, algo que no ha ocurrido y seguimos sin respuesta y sin oportunidades ni a corto, ni a largo plazo. Nosotros creemos en la justicia y en la igualdad de oportunidades y por eso pedimos actuaciones que son de justicia en nuestro territorio\u201d ha dicho.<\/p>\n<p style=\"text-align: justify;\">RECONVERSI\u00d3N EN L\u00cdNEA DE ALTA VELOCIDAD<\/p>\n<p style=\"text-align: justify;\">\u201cPor eso, exigimos que se reabra inmediatamente el tr\u00e1fico de pasajeros de esta l\u00ednea; establecer un servicio ferroviario de conexi\u00f3n y vertebraci\u00f3n de todas las localidades que se sit\u00faan en este eje de comunicaci\u00f3n; solucionar de forma definitiva el paso del ferrocarril por Alcantarilla y Javal\u00ed Nuevo; y sobre todo, pedimos iniciar con car\u00e1cter inmediato los tr\u00e1mites para la reconversi\u00f3n de la l\u00ednea Cartagena-Murcia-Albacete por Cieza y Hell\u00edn, en una v\u00eda de altas prestaciones, electrificada y de alta velocidad\u201d, ha concluido Miriam Garc\u00eda Navarro.<\/p>\n<p style=\"text-align: justify;\">Junto a la senadora del PP por Albacete, han estado tambi\u00e9n Manuel Serena, alcalde de Hell\u00edn; Tom\u00e1s Rubio, alcalde de Cieza; Joaqu\u00edn Buend\u00eda, alcalde de Alcantarilla; Catalina Herrero, alcaldesa de Fortuna; y los diputados del PP-CLM Carolina Agudo y Juan Antonio Moreno.<\/p>\n<p style=\"text-align: justify;\">Por su parte, el acalde de Hell\u00edn, Manuel Serena, ha manifestado que \u201ceste un servicio de trenes que nos ofrece desarrollo y futuro, que necesitamos para salir de la declaraci\u00f3n de zona rural deprimida; hay que apostar por las comunicaciones del futuro, las que Europa nos dice que apostemos y una de ellas es est\u00e1 que nos asegura un futuro para nuestra regi\u00f3n\u201d.<\/p>\n<p><!--publicidad-voz03--><a href=\"https:\/\/www.facebook.com\/profile.php?id=100063593791305&amp;locale=es_ES\"><img decoding=\"async\" class=\"alignnone size-medium\" src=\"https:\/\/blogger.googleusercontent.com\/img\/b\/R29vZ2xl\/AVvXsEi8_n_ll8UOcGxCqzFvb_9Io4ICczlGC990BPtPj2w9Px-u7B3oqWUW5vtjZUqPNJ-nyjiUIorE0ATsib_l5tV8BVN-UJ03RTnU__IHJF_4DgDBtY4LIqXNG-FomrO-7ywes20CBCRM2Hcm7EJSh3UUw1dO-c_uTflUrtgY1i7uBRezj_DpympmEFkfbQY\/s1600\/logo-principal2.jpg\" width=\"100%\" height=\"100\" \/><\/a><!--bestpublic-voz03--><!--desk-in-out-voz03--><br \/>\n<!--publicidad-voz04--><a href=\"https:\/\/www.facebook.com\/profile.php?id=61557370768692&amp;locale=es_ES\"><img decoding=\"async\" class=\"alignnone size-medium\" src=\"https:\/\/blogger.googleusercontent.com\/img\/b\/R29vZ2xl\/AVvXsEgy5RdcfffrnrItnYTcV9bCJjgJwldsQLWssfVfrLbyfXeBNTFKgBf0rMIvhrUaGUhiXzVr9_eQgCbi-j63ZDpfTvLIty9w7s140y-m1yHe7eKmEK7v2NAHUJDVYGdfeiQFeRCqUjdwWmN1MX_AUxxz4IVdJ4WIM0APxit8bjWkXzrnEFGqBvW_1F13H1g\/s1600\/logo-principal5.jpg\" width=\"100%\" height=\"100\" \/><\/a><!--bestpublic-voz04--><!--desk-in-out-voz04--><br \/>\n<!--publicidad-voz05--><a href=\"https:\/\/www.facebook.com\/asociaciontamborileroshellin?locale=es_ES\"><img decoding=\"async\" class=\"alignnone size-medium\" src=\"https:\/\/blogger.googleusercontent.com\/img\/b\/R29vZ2xl\/AVvXsEhHEEpZsKK1VpwiYMrS7aE2ujtqIDZoLd4B5wtbiseSU9s2HdTdQfhF84So2XwEB1fv0BLw95GADm6hUl1bkKtzh-eIgVigXONuu_5RxeIMPhjk8q6uNX4EaEHbooKkbu7pCADWPpVJjhKIH5NQSJpWqedC-YBez4QAQeJYokkLot9bhrIaUAeztsGis6M\/s1600\/logo-principal3.jpg\" width=\"100%\" height=\"100\" \/><\/a><!--bestpublic-voz05--><!--desk-in-out-voz05--><br \/>\n<!--publicidad-voz06--><!--bestpublic-voz06--><!--desk-in-out-voz06--><br \/>\n<!--publicidad-voz07--><!--bestpublic-voz07--><!--desk-in-out-voz07--><br \/>\n<!--publicidad-voz08--><!--bestpublic-voz08--><!--desk-in-out-voz08--><br \/>\n<!--publicidad-voz09--><!--bestpublic-voz09--><!--desk-in-out-voz09--><br \/>\n<!--publicidad-voz10--><!--bestpublic-voz10--><!--desk-in-out-voz10--><br \/>\n<!--publicidad-voz11--><!--bestpublic-voz11--><!--desk-in-out-voz11--><br \/>\n<!--publicidad-voz12--><!--bestpublic-voz12--><!--desk-in-out-voz12--><br \/>\n<!--publicidad-voz13--><!--bestpublic-voz13--><!--desk-in-out-voz13--><br \/>\n<!--publicidad-voz14--><!--bestpublic-voz14--><!--desk-in-out-voz14--><br \/>\n<!--publicidad-voz15--><!--bestpublic-voz15--><!--desk-in-out-voz15--><br \/>\n<!--publicidad-voz16--><!--bestpublic-voz16--><!--desk-in-out-voz16--><\/p>\n","protected":false},"excerpt":{"rendered":"<p>Nota de prensa. &#8211; Moci\u00f3n defendida por la senadora del PP por Albacete, Miriam Garc\u00eda Navarro<\/p>\n","protected":false},"author":2,"featured_media":151460,"comment_status":"closed","ping_status":"closed","sticky":false,"template":"","format":"standard","meta":{"footnotes":""},"categories":[755,718,715,716,717],"tags":[],"class_list":["post-151459","post","type-post","status-publish","format-standard","has-post-thumbnail","hentry","category-blog-lv036","category-blogger","category-la-voz-de-hellin","category-la-voz-de-hellin-la-voz-de-hellin","category-noticias"],"_links":{"self":[{"href":"https:\/\/lavozdehellin.com\/noticias\/wp-json\/wp\/v2\/posts\/151459","targetHints":{"allow":["GET"]}}],"collection":[{"href":"https:\/\/lavozdehellin.com\/noticias\/wp-json\/wp\/v2\/posts"}],"about":[{"href":"https:\/\/lavozdehellin.com\/noticias\/wp-json\/wp\/v2\/types\/post"}],"author":[{"embeddable":true,"href":"https:\/\/lavozdehellin.com\/noticias\/wp-json\/wp\/v2\/users\/2"}],"replies":[{"embeddable":true,"href":"https:\/\/lavozdehellin.com\/noticias\/wp-json\/wp\/v2\/comments?post=151459"}],"version-history":[{"count":0,"href":"https:\/\/lavozdehellin.com\/noticias\/wp-json\/wp\/v2\/posts\/151459\/revisions"}],"wp:featuredmedia":[{"embeddable":true,"href":"https:\/\/lavozdehellin.com\/noticias\/wp-json\/wp\/v2\/media\/151460"}],"wp:attachment":[{"href":"https:\/\/lavozdehellin.com\/noticias\/wp-json\/wp\/v2\/media?parent=151459"}],"wp:term":[{"taxonomy":"category","embeddable":true,"href":"https:\/\/lavozdehellin.com\/noticias\/wp-json\/wp\/v2\/categories?post=151459"},{"taxonomy":"post_tag","embeddable":true,"href":"https:\/\/lavozdehellin.com\/noticias\/wp-json\/wp\/v2\/tags?post=151459"}],"curies":[{"name":"wp","href":"https:\/\/api.w.org\/{rel}","templated":true}]}}