{"id":151465,"date":"2024-06-27T11:04:30","date_gmt":"2024-06-27T09:04:30","guid":{"rendered":"https:\/\/lavozdehellin.com\/noticias\/?p=151465"},"modified":"2024-11-25T19:24:44","modified_gmt":"2024-11-25T17:24:44","slug":"v08-810-el-calendario-laboral-de-castilla-la-mancha-aprobado-para-2025-reconoce-un-total-de-doce-festivos-en-el-ambito-territorial-de-la-comunidad-autonoma","status":"publish","type":"post","link":"https:\/\/lavozdehellin.com\/noticias\/v08-810-el-calendario-laboral-de-castilla-la-mancha-aprobado-para-2025-reconoce-un-total-de-doce-festivos-en-el-ambito-territorial-de-la-comunidad-autonoma\/","title":{"rendered":"LVH NOTICIAS | EL CALENDARIO LABORAL DE CASTILLA-LA MANCHA APROBADO PARA 2025 RECONOCE UN TOTAL DE DOCE FESTIVOS EN EL \u00c1MBITO TERRITORIAL DE LA COMUNIDAD AUT\u00d3NOMA"},"content":{"rendered":"<p style=\"text-align: justify;\">La consejera Portavoz del Gobierno regional, Esther Padilla, ha dado a conocer los dos festivos elegidos desde la Comunidad Aut\u00f3noma, que son el 31 de mayo, D\u00eda de Castilla-La Mancha, y la celebraci\u00f3n de la fiesta del Corpus Christi, el 19 de junio.<\/p>\n<p><!--more--><br \/>\n<!--publicidad-voz01--><a href=\"https:\/\/www.facebook.com\/SoloRadioHellin\/?locale=es_ES\"><img decoding=\"async\" class=\"alignnone size-medium\" src=\"https:\/\/blogger.googleusercontent.com\/img\/b\/R29vZ2xl\/AVvXsEiNncirNnyGedv00mhjZjh5Wl4_YPdJGanoAl8tL8zH-HwqE8uHqjEfSt340RHdx-9tuCSIkZ8rFamZiGyYlgDGxCsmXjCH_1xk5eYM3ntFZRvJP_jndOKR7w1UAo9Tu0vrZyOLfqRpHIxYI5SymJJ-pfGCQw6QVpggBH-UgfjiFQ2JOxqxG0Jx94kW83c\/s1600\/logo-principal.jpg\" width=\"100%\" height=\"100\" \/><\/a><!--bestpublic-voz01--><!--desk-in-out-voz01--><br \/>\n<!--publicidad-voz02--><a href=\"https:\/\/www.hellincf.com\/\"><img decoding=\"async\" class=\"alignnone size-medium\" src=\"https:\/\/blogger.googleusercontent.com\/img\/b\/R29vZ2xl\/AVvXsEhuZ4-XfBVj3UtdP8-RZugy3WVrg-Zv28c53m4oV47qYCxL1rX_dqWX_YddsGSnpH5SRDqZ7bZeKPIfDVCDncpjVlhy3aQs2vojcJBn7Gdv9hC2_Nzct_pRFrnFE1a7KTCdY1bT_kAgnY3-iadRZrGeJf1fR2P5fu11bokx0pWjaypoy-ctwCjklldpEbA\/s1600\/logo-principal7.jpg\" width=\"100%\" height=\"100\" \/><\/a><!--bestpublic-voz02--><!--desk-in-out-voz02--><\/p>\n<p style=\"text-align: justify;\">Esta elecci\u00f3n, tal y como ha explicado Padilla, se debe a que la Ley del Estatuto de los Trabajadores establece que las Comunidades Aut\u00f3nomas, dentro del l\u00edmite anual de 14 d\u00edas festivos, \u201cpueden se\u00f1alar aquellas fiestas que por tradici\u00f3n les sean propias\u201d.<\/p>\n<p style=\"text-align: justify;\">El Gobierno regional ha aprobado esta semana el calendario laboral para el a\u00f1o 2025, mediante el que se reconocen un total de doce festivos en Castilla-La Mancha en el \u00e1mbito territorial de la Comunidad Aut\u00f3noma. Lo ha dado a conocer hoy la portavoz del Ejecutivo, Esther Padilla, quien ha incidido en que ya han finalizado los tr\u00e1mites preceptivos para la aprobaci\u00f3n del Decreto.<\/p>\n<p style=\"text-align: justify;\">En este sentido, Padilla ha a\u00f1adido que La Ley del Estatuto de los Trabajadores establece que las Comunidades Aut\u00f3nomas, dentro del l\u00edmite anual de 14 d\u00edas festivos, \u201cpueden se\u00f1alar aquellas fiestas que por tradici\u00f3n les sean propias\u201d. Adem\u00e1s, en este calendario se incluyen tambi\u00e9n los festivos nacionales que vienen regulados por el art\u00edculo 45 del Real Decreto 2001\/1983, de 28 de julio, tal y como ha enfatizado la portavoz regional.<\/p>\n<p style=\"text-align: justify;\">En este sentido, el Consejo de Gobierno ha optado por reconocer como festivos las siguientes fechas en el a\u00f1o 2025: 1 de enero (A\u00f1o Nuevo), 6 de enero, (Epifan\u00eda del Se\u00f1or), 17 de abril (Jueves Santo), 18 de abril (Viernes Santo), 1 de mayo (Fiesta del Trabajo), 31 de mayo (D\u00eda de Castilla-La Mancha), 19 de junio (Corpus Christi), 15 de agosto (Asunci\u00f3n de la Virgen), 1 de noviembre (D\u00eda de Todos los Santos), 6 de diciembre (D\u00eda de la Constituci\u00f3n Espa\u00f1ola), 8 de diciembre (Inmaculada Concepci\u00f3n) y 25 de diciembre (Natividad del Se\u00f1or).<\/p>\n<p style=\"text-align: justify;\">Por lo tanto, los dos festivos elegidos desde la Comunidad Aut\u00f3noma son el 31 de mayo, D\u00eda de Castilla-La Mancha, y la celebraci\u00f3n de la fiesta del Corpus Christi, el 19 de junio.<\/p>\n<p style=\"text-align: justify;\">Este calendario se compone de fiestas de car\u00e1cter c\u00edvico, de celebraciones recogidas en el Estatuto de los Trabajadores y de fechas recogidas en los acuerdos con la Santa Sede de 1979.<\/p>\n<p><!--publicidad-voz03--><a href=\"https:\/\/www.facebook.com\/profile.php?id=100063593791305&amp;locale=es_ES\"><img decoding=\"async\" class=\"alignnone size-medium\" src=\"https:\/\/blogger.googleusercontent.com\/img\/b\/R29vZ2xl\/AVvXsEi8_n_ll8UOcGxCqzFvb_9Io4ICczlGC990BPtPj2w9Px-u7B3oqWUW5vtjZUqPNJ-nyjiUIorE0ATsib_l5tV8BVN-UJ03RTnU__IHJF_4DgDBtY4LIqXNG-FomrO-7ywes20CBCRM2Hcm7EJSh3UUw1dO-c_uTflUrtgY1i7uBRezj_DpympmEFkfbQY\/s1600\/logo-principal2.jpg\" width=\"100%\" height=\"100\" \/><\/a><!--bestpublic-voz03--><!--desk-in-out-voz03--><br \/>\n<!--publicidad-voz04--><a href=\"https:\/\/www.facebook.com\/profile.php?id=61557370768692&amp;locale=es_ES\"><img decoding=\"async\" class=\"alignnone size-medium\" src=\"https:\/\/blogger.googleusercontent.com\/img\/b\/R29vZ2xl\/AVvXsEgy5RdcfffrnrItnYTcV9bCJjgJwldsQLWssfVfrLbyfXeBNTFKgBf0rMIvhrUaGUhiXzVr9_eQgCbi-j63ZDpfTvLIty9w7s140y-m1yHe7eKmEK7v2NAHUJDVYGdfeiQFeRCqUjdwWmN1MX_AUxxz4IVdJ4WIM0APxit8bjWkXzrnEFGqBvW_1F13H1g\/s1600\/logo-principal5.jpg\" width=\"100%\" height=\"100\" \/><\/a><!--bestpublic-voz04--><!--desk-in-out-voz04--><br \/>\n<!--publicidad-voz05--><a href=\"https:\/\/www.facebook.com\/asociaciontamborileroshellin?locale=es_ES\"><img decoding=\"async\" class=\"alignnone size-medium\" src=\"https:\/\/blogger.googleusercontent.com\/img\/b\/R29vZ2xl\/AVvXsEhHEEpZsKK1VpwiYMrS7aE2ujtqIDZoLd4B5wtbiseSU9s2HdTdQfhF84So2XwEB1fv0BLw95GADm6hUl1bkKtzh-eIgVigXONuu_5RxeIMPhjk8q6uNX4EaEHbooKkbu7pCADWPpVJjhKIH5NQSJpWqedC-YBez4QAQeJYokkLot9bhrIaUAeztsGis6M\/s1600\/logo-principal3.jpg\" width=\"100%\" height=\"100\" \/><\/a><!--bestpublic-voz05--><!--desk-in-out-voz05--><br \/>\n<!--publicidad-voz06--><!--bestpublic-voz06--><!--desk-in-out-voz06--><br \/>\n<!--publicidad-voz07--><!--bestpublic-voz07--><!--desk-in-out-voz07--><br \/>\n<!--publicidad-voz08--><!--bestpublic-voz08--><!--desk-in-out-voz08--><br \/>\n<!--publicidad-voz09--><!--bestpublic-voz09--><!--desk-in-out-voz09--><br \/>\n<!--publicidad-voz10--><!--bestpublic-voz10--><!--desk-in-out-voz10--><br \/>\n<!--publicidad-voz11--><!--bestpublic-voz11--><!--desk-in-out-voz11--><br \/>\n<!--publicidad-voz12--><!--bestpublic-voz12--><!--desk-in-out-voz12--><br \/>\n<!--publicidad-voz13--><!--bestpublic-voz13--><!--desk-in-out-voz13--><br \/>\n<!--publicidad-voz14--><!--bestpublic-voz14--><!--desk-in-out-voz14--><br \/>\n<!--publicidad-voz15--><!--bestpublic-voz15--><!--desk-in-out-voz15--><br \/>\n<!--publicidad-voz16--><!--bestpublic-voz16--><!--desk-in-out-voz16--><\/p>\n","protected":false},"excerpt":{"rendered":"<p>La consejera Portavoz del Gobierno regional, Esther Padilla, ha dado a conocer los dos festivos elegidos desde la Comunidad Aut\u00f3noma, que son el 31 de mayo, D\u00eda de Castilla-La Mancha,&#8230;<\/p>\n","protected":false},"author":2,"featured_media":151467,"comment_status":"closed","ping_status":"closed","sticky":false,"template":"","format":"standard","meta":{"footnotes":""},"categories":[755,718,715,716,717],"tags":[],"class_list":["post-151465","post","type-post","status-publish","format-standard","has-post-thumbnail","hentry","category-blog-lv036","category-blogger","category-la-voz-de-hellin","category-la-voz-de-hellin-la-voz-de-hellin","category-noticias"],"_links":{"self":[{"href":"https:\/\/lavozdehellin.com\/noticias\/wp-json\/wp\/v2\/posts\/151465","targetHints":{"allow":["GET"]}}],"collection":[{"href":"https:\/\/lavozdehellin.com\/noticias\/wp-json\/wp\/v2\/posts"}],"about":[{"href":"https:\/\/lavozdehellin.com\/noticias\/wp-json\/wp\/v2\/types\/post"}],"author":[{"embeddable":true,"href":"https:\/\/lavozdehellin.com\/noticias\/wp-json\/wp\/v2\/users\/2"}],"replies":[{"embeddable":true,"href":"https:\/\/lavozdehellin.com\/noticias\/wp-json\/wp\/v2\/comments?post=151465"}],"version-history":[{"count":0,"href":"https:\/\/lavozdehellin.com\/noticias\/wp-json\/wp\/v2\/posts\/151465\/revisions"}],"wp:featuredmedia":[{"embeddable":true,"href":"https:\/\/lavozdehellin.com\/noticias\/wp-json\/wp\/v2\/media\/151467"}],"wp:attachment":[{"href":"https:\/\/lavozdehellin.com\/noticias\/wp-json\/wp\/v2\/media?parent=151465"}],"wp:term":[{"taxonomy":"category","embeddable":true,"href":"https:\/\/lavozdehellin.com\/noticias\/wp-json\/wp\/v2\/categories?post=151465"},{"taxonomy":"post_tag","embeddable":true,"href":"https:\/\/lavozdehellin.com\/noticias\/wp-json\/wp\/v2\/tags?post=151465"}],"curies":[{"name":"wp","href":"https:\/\/api.w.org\/{rel}","templated":true}]}}