{"id":151506,"date":"2024-07-02T17:07:23","date_gmt":"2024-07-02T15:07:23","guid":{"rendered":"https:\/\/lavozdehellin.com\/noticias\/?p=151506"},"modified":"2024-07-09T21:02:32","modified_gmt":"2024-07-09T19:02:32","slug":"v08-823-pedro-garcia-sequero-ha-hecho-balance-de-la-actividad-del-primer-semestre-del-ano-de-la-oficina-municipal-de-informacion-al-consumidor-de-hellin","status":"publish","type":"post","link":"https:\/\/lavozdehellin.com\/noticias\/v08-823-pedro-garcia-sequero-ha-hecho-balance-de-la-actividad-del-primer-semestre-del-ano-de-la-oficina-municipal-de-informacion-al-consumidor-de-hellin\/","title":{"rendered":"LVH NOTICIAS | PEDRO GARC\u00cdA SEQUERO HA HECHO BALANCE DE LA ACTIVIDAD DEL PRIMER SEMESTRE DEL A\u00d1O DE LA OFICINA MUNICIPAL DE INFORMACI\u00d3N AL CONSUMIDOR DE HELL\u00cdN"},"content":{"rendered":"<p style=\"text-align: justify;\">\u00bfIncidencias o problemas en las rebajas, las vacaciones , o los servicios o las compras? La OMIC est\u00e1 de tu lado<\/p>\n<p><!--more--><br \/>\n<!--publicidad-voz01--><a href=\"https:\/\/www.facebook.com\/SoloRadioHellin\/?locale=es_ES\"><img decoding=\"async\" class=\"alignnone size-medium\" src=\"https:\/\/blogger.googleusercontent.com\/img\/b\/R29vZ2xl\/AVvXsEiNncirNnyGedv00mhjZjh5Wl4_YPdJGanoAl8tL8zH-HwqE8uHqjEfSt340RHdx-9tuCSIkZ8rFamZiGyYlgDGxCsmXjCH_1xk5eYM3ntFZRvJP_jndOKR7w1UAo9Tu0vrZyOLfqRpHIxYI5SymJJ-pfGCQw6QVpggBH-UgfjiFQ2JOxqxG0Jx94kW83c\/s1600\/logo-principal.jpg\" width=\"100%\" height=\"100\" \/><\/a><!--bestpublic-voz01--><!--desk-in-out-voz01--><br \/>\n<!--publicidad-voz02--><a href=\"https:\/\/www.hellincf.com\/\"><img decoding=\"async\" class=\"alignnone size-medium\" src=\"https:\/\/blogger.googleusercontent.com\/img\/b\/R29vZ2xl\/AVvXsEhuZ4-XfBVj3UtdP8-RZugy3WVrg-Zv28c53m4oV47qYCxL1rX_dqWX_YddsGSnpH5SRDqZ7bZeKPIfDVCDncpjVlhy3aQs2vojcJBn7Gdv9hC2_Nzct_pRFrnFE1a7KTCdY1bT_kAgnY3-iadRZrGeJf1fR2P5fu11bokx0pWjaypoy-ctwCjklldpEbA\/s1600\/logo-principal7.jpg\" width=\"100%\" height=\"100\" \/><\/a><!--bestpublic-voz02--><!--desk-in-out-voz02--><\/p>\n<p style=\"text-align: justify;\">Pedro Garc\u00eda Sequero ha hecho balance de la actividad del primer semestre del a\u00f1o de la Oficina Municipal de Informaci\u00f3n al Consumidor de Hell\u00edn<\/p>\n<p style=\"text-align: justify;\">El edil de Servicios Generales ha resumido en rueda de prensa la actividad de la oficina de la OMIC de nuestra ciudad durante los seis primeros meses del 2024.<\/p>\n<p style=\"text-align: justify;\">El servicio, que fue restaurado en octubre del a\u00f1o pasado, ha realizado 266 atenciones, de las que una cuarta parte han derivado en reclamaciones, 64 en total. De las 56 que se pudieron resolver antes del 1 de julio, se ha conseguido un reembolso de 11.688\u201912\u20ac.<\/p>\n<p style=\"text-align: justify;\">Sin embargo, desde la Oficina hacen constar que no todas las reclamaciones planteadas resultan favorables para el ciudadano. Dos de cada tres fueron favorables, mientras que un tercio no lo fueron.<\/p>\n<p style=\"text-align: justify;\">Los sectores con m\u00e1s quejas recibidas en la OMIC de Hell\u00edn esta primera parte del a\u00f1o han sido: las compras online, telefon\u00eda y banca y seguros, seguidos por los viajes. Tambi\u00e9n tienen una presencia importante los suministros de electricidad y gas. Cabe destacar que los comercios hellineros apenas tienen incidencia, son pocas las quejas que llegan y la gran mayor\u00eda se resuelven directamente con el comercio sin necesidad de presentar una reclamaci\u00f3n.<\/p>\n<p style=\"text-align: justify;\">Este es un factor importante a destacar dentro de la tarea de Francisco Hermosilla, encargado del servicio de la OMIC, la voluntad de resolver las quejas de la manera m\u00e1s r\u00e1pida y c\u00f3moda, tanto para el ciudadano, como para el comerciante. La experiencia en el servicio dicta que al realizar la funci\u00f3n de mediaci\u00f3n entre ambas partes, la consecuci\u00f3n de una respuesta r\u00e1pida y proporcionada es producto, en muchas ocasiones, de las conversaciones con ambas partes, sin necesidad de plantear una reclamaci\u00f3n. Para ello ayuda la formaci\u00f3n continua que va realizando Hermosilla, y el contacto directo con el resto de Oficinas de la regi\u00f3n.<\/p>\n<p style=\"text-align: justify;\">Desde la Oficina se quiere transmitir a la sociedad hellinera que est\u00e1n a su servicio ante cualquier duda o reclamaci\u00f3n en materia de consumo, concertando cita previa en el n\u00famero 967 54 15 11, o a trav\u00e9s del correo: omic@hellin.es.<\/p>\n<p style=\"text-align: justify;\">El desajuste entre la contrataci\u00f3n de una estancia vacacional y la realidad cuando llegamos a ella; una compra por internet con un art\u00edculo descrito incorrectamente; un cobro abusivo de la compa\u00f1\u00eda el\u00e9ctrica; una incidencia que el seguro no quiere cubrir; e incluso la reclamaci\u00f3n de las comisiones cobradas irregularmente por los bancos en las hipotecas se pueden reclamar a trav\u00e9s de la OMIC.<\/p>\n<p><!--publicidad-voz03--><a href=\"https:\/\/www.facebook.com\/profile.php?id=100063593791305&amp;locale=es_ES\"><img decoding=\"async\" class=\"alignnone size-medium\" src=\"https:\/\/blogger.googleusercontent.com\/img\/b\/R29vZ2xl\/AVvXsEi8_n_ll8UOcGxCqzFvb_9Io4ICczlGC990BPtPj2w9Px-u7B3oqWUW5vtjZUqPNJ-nyjiUIorE0ATsib_l5tV8BVN-UJ03RTnU__IHJF_4DgDBtY4LIqXNG-FomrO-7ywes20CBCRM2Hcm7EJSh3UUw1dO-c_uTflUrtgY1i7uBRezj_DpympmEFkfbQY\/s1600\/logo-principal2.jpg\" width=\"100%\" height=\"100\" \/><\/a><!--bestpublic-voz03--><!--desk-in-out-voz03--><br \/>\n<!--publicidad-voz04--><a href=\"https:\/\/www.facebook.com\/profile.php?id=61557370768692&amp;locale=es_ES\"><img decoding=\"async\" class=\"alignnone size-medium\" src=\"https:\/\/blogger.googleusercontent.com\/img\/b\/R29vZ2xl\/AVvXsEgy5RdcfffrnrItnYTcV9bCJjgJwldsQLWssfVfrLbyfXeBNTFKgBf0rMIvhrUaGUhiXzVr9_eQgCbi-j63ZDpfTvLIty9w7s140y-m1yHe7eKmEK7v2NAHUJDVYGdfeiQFeRCqUjdwWmN1MX_AUxxz4IVdJ4WIM0APxit8bjWkXzrnEFGqBvW_1F13H1g\/s1600\/logo-principal5.jpg\" width=\"100%\" height=\"100\" \/><\/a><!--bestpublic-voz04--><!--desk-in-out-voz04--><br \/>\n<!--publicidad-voz05--><a href=\"https:\/\/www.facebook.com\/asociaciontamborileroshellin?locale=es_ES\"><img decoding=\"async\" class=\"alignnone size-medium\" src=\"https:\/\/blogger.googleusercontent.com\/img\/b\/R29vZ2xl\/AVvXsEhHEEpZsKK1VpwiYMrS7aE2ujtqIDZoLd4B5wtbiseSU9s2HdTdQfhF84So2XwEB1fv0BLw95GADm6hUl1bkKtzh-eIgVigXONuu_5RxeIMPhjk8q6uNX4EaEHbooKkbu7pCADWPpVJjhKIH5NQSJpWqedC-YBez4QAQeJYokkLot9bhrIaUAeztsGis6M\/s1600\/logo-principal3.jpg\" width=\"100%\" height=\"100\" \/><\/a><!--bestpublic-voz05--><!--desk-in-out-voz05--><br \/>\n<!--publicidad-voz06--><!--bestpublic-voz06--><!--desk-in-out-voz06--><br \/>\n<!--publicidad-voz07--><!--bestpublic-voz07--><!--desk-in-out-voz07--><br \/>\n<!--publicidad-voz08--><!--bestpublic-voz08--><!--desk-in-out-voz08--><br \/>\n<!--publicidad-voz09--><!--bestpublic-voz09--><!--desk-in-out-voz09--><br \/>\n<!--publicidad-voz10--><!--bestpublic-voz10--><!--desk-in-out-voz10--><br \/>\n<!--publicidad-voz11--><!--bestpublic-voz11--><!--desk-in-out-voz11--><br \/>\n<!--publicidad-voz12--><!--bestpublic-voz12--><!--desk-in-out-voz12--><br \/>\n<!--publicidad-voz13--><!--bestpublic-voz13--><!--desk-in-out-voz13--><br \/>\n<!--publicidad-voz14--><!--bestpublic-voz14--><!--desk-in-out-voz14--><br \/>\n<!--publicidad-voz15--><!--bestpublic-voz15--><!--desk-in-out-voz15--><br \/>\n<!--publicidad-voz16--><!--bestpublic-voz16--><!--desk-in-out-voz16--><\/p>\n","protected":false},"excerpt":{"rendered":"<p>\u00bfIncidencias o problemas en las rebajas, las vacaciones , o los servicios o las compras? La OMIC est\u00e1 de tu lado<\/p>\n","protected":false},"author":2,"featured_media":151507,"comment_status":"closed","ping_status":"closed","sticky":false,"template":"","format":"standard","meta":{"footnotes":""},"categories":[755,718,715,716,717],"tags":[],"class_list":["post-151506","post","type-post","status-publish","format-standard","has-post-thumbnail","hentry","category-blog-lv036","category-blogger","category-la-voz-de-hellin","category-la-voz-de-hellin-la-voz-de-hellin","category-noticias"],"_links":{"self":[{"href":"https:\/\/lavozdehellin.com\/noticias\/wp-json\/wp\/v2\/posts\/151506","targetHints":{"allow":["GET"]}}],"collection":[{"href":"https:\/\/lavozdehellin.com\/noticias\/wp-json\/wp\/v2\/posts"}],"about":[{"href":"https:\/\/lavozdehellin.com\/noticias\/wp-json\/wp\/v2\/types\/post"}],"author":[{"embeddable":true,"href":"https:\/\/lavozdehellin.com\/noticias\/wp-json\/wp\/v2\/users\/2"}],"replies":[{"embeddable":true,"href":"https:\/\/lavozdehellin.com\/noticias\/wp-json\/wp\/v2\/comments?post=151506"}],"version-history":[{"count":0,"href":"https:\/\/lavozdehellin.com\/noticias\/wp-json\/wp\/v2\/posts\/151506\/revisions"}],"wp:featuredmedia":[{"embeddable":true,"href":"https:\/\/lavozdehellin.com\/noticias\/wp-json\/wp\/v2\/media\/151507"}],"wp:attachment":[{"href":"https:\/\/lavozdehellin.com\/noticias\/wp-json\/wp\/v2\/media?parent=151506"}],"wp:term":[{"taxonomy":"category","embeddable":true,"href":"https:\/\/lavozdehellin.com\/noticias\/wp-json\/wp\/v2\/categories?post=151506"},{"taxonomy":"post_tag","embeddable":true,"href":"https:\/\/lavozdehellin.com\/noticias\/wp-json\/wp\/v2\/tags?post=151506"}],"curies":[{"name":"wp","href":"https:\/\/api.w.org\/{rel}","templated":true}]}}