{"id":151546,"date":"2024-07-09T13:19:16","date_gmt":"2024-07-09T11:19:16","guid":{"rendered":"https:\/\/lavozdehellin.com\/noticias\/?p=151546"},"modified":"2024-07-09T21:02:30","modified_gmt":"2024-07-09T19:02:30","slug":"v08-836-actividad-de-la-policia-local-de-hellin-del-1-07-2024-al-7-07-2024","status":"publish","type":"post","link":"https:\/\/lavozdehellin.com\/noticias\/v08-836-actividad-de-la-policia-local-de-hellin-del-1-07-2024-al-7-07-2024\/","title":{"rendered":"LVH NOTICIAS | ACTIVIDAD DE LA POLICIA LOCAL DE HELLIN DEL 1\/07\/2024 AL 7\/07\/2024"},"content":{"rendered":"<p style=\"text-align: justify;\">COMUNICADO DE PRENSA &#8211; ACTIVIDAD DE LA POLICIA LOCAL DE HELLIN DEL 1\/07\/2024 AL 7\/07\/2024<\/p>\n<p><!--more--><br \/>\n<!--publicidad-voz01--><a href=\"https:\/\/www.facebook.com\/SoloRadioHellin\/?locale=es_ES\"><img decoding=\"async\" class=\"alignnone size-medium\" src=\"https:\/\/blogger.googleusercontent.com\/img\/b\/R29vZ2xl\/AVvXsEiNncirNnyGedv00mhjZjh5Wl4_YPdJGanoAl8tL8zH-HwqE8uHqjEfSt340RHdx-9tuCSIkZ8rFamZiGyYlgDGxCsmXjCH_1xk5eYM3ntFZRvJP_jndOKR7w1UAo9Tu0vrZyOLfqRpHIxYI5SymJJ-pfGCQw6QVpggBH-UgfjiFQ2JOxqxG0Jx94kW83c\/s1600\/logo-principal.jpg\" width=\"100%\" height=\"100\" \/><\/a><!--bestpublic-voz01--><!--desk-in-out-voz01--><br \/>\n<!--publicidad-voz02--><a href=\"https:\/\/www.hellincf.com\/\"><img decoding=\"async\" class=\"alignnone size-medium\" src=\"https:\/\/blogger.googleusercontent.com\/img\/b\/R29vZ2xl\/AVvXsEhuZ4-XfBVj3UtdP8-RZugy3WVrg-Zv28c53m4oV47qYCxL1rX_dqWX_YddsGSnpH5SRDqZ7bZeKPIfDVCDncpjVlhy3aQs2vojcJBn7Gdv9hC2_Nzct_pRFrnFE1a7KTCdY1bT_kAgnY3-iadRZrGeJf1fR2P5fu11bokx0pWjaypoy-ctwCjklldpEbA\/s1600\/logo-principal7.jpg\" width=\"100%\" height=\"100\" \/><\/a><!--bestpublic-voz02--><!--desk-in-out-voz02--><\/p>\n<p style=\"text-align: justify;\">INCIDENCIAS Y ACTUACIONES<\/p>\n<p style=\"text-align: justify;\">Dando cumplimiento a los diferentes Operativos Policiales establecidos por Jefatura, se da cobertura a los eventos y actividades celebradas durante la semana anterior siendo atendidas:<\/p>\n<p style=\"text-align: justify;\">Evento cultural III Festival del Humor, que tuvo lugar en la Casa de la Cultura<\/p>\n<p style=\"text-align: justify;\">Cine de verano, en la explanada de la Ermita del Calvario<\/p>\n<p style=\"text-align: justify;\">Fiestas del Barrio de San Rafael en Hell\u00edn<\/p>\n<p style=\"text-align: justify;\">Fiestas y Romer\u00eda en Minateda<\/p>\n<p style=\"text-align: justify;\">Desarroll\u00e1ndose todas ellas sin incidentes.<\/p>\n<p style=\"text-align: justify;\">Destacar que, como consecuencia de acontecimientos inc\u00edvicos y actos vand\u00e1licos en el Centro Social del Barrio del Calvario -lugar donde se encuentran numerosas personas albergadas-, se han intensificado las vigilancias preventivas en la zona en materia de seguridad ciudadana.<\/p>\n<p style=\"text-align: justify;\">Por un aviso de una fuga de gas en una tuber\u00eda, se trasladan r\u00e1pidamente las patrullas a un inmueble habitado de Hell\u00edn, desplaz\u00e1ndose tambi\u00e9n hasta el lugar Bomberos del SEPEI y operarios de la empresa REDEXIS. Los agentes procedieron r\u00e1pidamente al desalojo del edificio y a acordonar la zona, no siendo necesaria la intervenci\u00f3n de los servicios sanitarios, ya que todos los residentes se encontraban en perfecto estado de salud.<\/p>\n<p style=\"text-align: justify;\">Una vez controlada la fuga y asegurado el edificio por los t\u00e9cnicos correspondientes, los residentes pudieron regresar de nuevo a sus viviendas.<\/p>\n<p style=\"text-align: justify;\">Se interviene en un incendio de un veh\u00edculo estacionado en la v\u00eda p\u00fablica, procediendo los agentes a crear un cord\u00f3n de seguridad en la zona. Los bomberos del SEPEI actuaron r\u00e1pidamente en las labores de extinci\u00f3n del fuego. Seguidamente se comprueba que no hay vecinos afectados por inhalaci\u00f3n de humos de los edificios colindantes, si bien hay rese\u00f1ar que, como consecuencias de las llamas, se vio afectada la fachada de un establecimiento.<\/p>\n<p style=\"text-align: justify;\">Tambi\u00e9n se atienden diversas incidencias en la v\u00eda p\u00fablica por falta de alumbrado por aver\u00eda el\u00e9ctrica y fugas de agua, procediendo a dar aviso a las empresas correspondientes.<\/p>\n<p style=\"text-align: justify;\">SEGURIDAD CIUDADANA<\/p>\n<p style=\"text-align: justify;\">La Polic\u00eda Local interviene en dos presuntos casos de Violencia de G\u00e9nero derivando la intervenci\u00f3n en la atenci\u00f3n de las v\u00edctimas; as\u00ed como la detenci\u00f3n de los presuntos autores en un presunto delito de agresi\u00f3n sexual, amenazas y agresi\u00f3n.<\/p>\n<p style=\"text-align: justify;\">Se colabora en la localizaci\u00f3n de personas desaparecidas; en la asistencia a personas necesitadas; en una pelea en la v\u00eda p\u00fablica; as\u00ed como en la localizaci\u00f3n y detenci\u00f3n de una persona por requisitoria del Juzgado. Se atienden avisos por da\u00f1os en la fachada de una vivienda; en bienes de uso p\u00fablico; en el salto de alarma en un edificio p\u00fablico; en posibles ocupaciones de dos viviendas; robos en otras tres, en un almac\u00e9n; y se media en un conflicto privado en establecimiento y en el \u00e1mbito familiar.<\/p>\n<p style=\"text-align: justify;\">Se recuperan dos bicicletas sustra\u00eddas, siendo identificada una persona, procediendo a su detenci\u00f3n ya que portaba una de ellas.<\/p>\n<p style=\"text-align: justify;\">As\u00ed como la recuperaci\u00f3n de un turismo que, tras ser sustra\u00eddo, fue identificado mediante las c\u00e1maras de vigilancia del tr\u00e1fico instaladas en las v\u00edas de nuestra localidad, y, tras la r\u00e1pida actuaci\u00f3n de los agentes, fue interceptado.<\/p>\n<p style=\"text-align: justify;\">Como cada semana se contin\u00faa trabajando en materia de Seguridad Ciudadana, Seguridad Vial y en el cumplimiento de Ordenanzas Municipales, en el desarrollo de los mercadillos semanales en Hell\u00edn e Isso en prevenci\u00f3n de robos, control de las licencias y autorizaciones de venta, venta ambulante, as\u00ed como la vigilancia del tr\u00e1fico rodado de veh\u00edculos y el tr\u00e1nsito de peatones.<\/p>\n<p style=\"text-align: justify;\">Seguimos trabajando dentro del denominado Plan Integral Comercio Seguro, en prevenci\u00f3n de robos en establecimientos. Tambi\u00e9n en el Plan Extraordinario Piscinas Seguras 2024 en las piscinas municipales de Hell\u00edn y pedan\u00edas.<\/p>\n<p style=\"text-align: justify;\">Por parte de nuestros agentes se contin\u00faan realizando las vigilancias preventivas habituales, realizando patrullas a pie en horarios diurnos y nocturnos en prevenci\u00f3n de robos, consumo de alcohol, consumo y tenencia de drogas y estupefacientes, as\u00ed como de posibles actos vand\u00e1licos. Se han vigilado zonas de extrarradios, prestando especial atenci\u00f3n a casas de campo y zonas industriales, por los diferentes Barrios de la localidad, Parques y Jardines, Casco Antiguo, Edificios P\u00fablicos y pedan\u00edas.<\/p>\n<p style=\"text-align: justify;\">TR\u00c1FICO Y SEGURIDAD VIAL<\/p>\n<p style=\"text-align: justify;\">Se contin\u00faa con la vigilancia del tr\u00e1fico y el control de los estacionamientos indebidos, lo que deriva en diversas sanciones de tr\u00e1fico; se intensifican en las entradas a la ciudad los controles de alcohol y drogas a conductores, motivados por del aumento en la \u00e9poca estival de los desplazamientos de veh\u00edculos a campos y pedan\u00edas; as\u00ed como controles aleatorios de veh\u00edculos y de personas.<\/p>\n<p style=\"text-align: justify;\">A requerimiento de conductores implicados en accidentes de circulaci\u00f3n, se atiende un total de siete siniestros viales con da\u00f1os materiales en veh\u00edculos, deriv\u00e1ndose las actuaciones de los agentes en la confecci\u00f3n de diligencias a prevenci\u00f3n oportunas.<\/p>\n<p style=\"text-align: justify;\">Hay que destacar negativamente que en el desarrollo de las funciones de vigilancia y control del tr\u00e1fico que se realizan, se ha detectado por las v\u00edas de nuestra ciudad un aumento de veh\u00edculos estacionados y en circulaci\u00f3n sin tener concertado sus titulares un Seguro de Responsabilidad Civil.<\/p>\n<p style=\"text-align: justify;\">Por lo tanto, NOS VEMOS EN LA OBLIGACI\u00d3N DE RECORDAR A LOS CIUDADANOS que la legislaci\u00f3n espa\u00f1ola obliga a todos los propietarios de veh\u00edculos a motor a suscribir y mantener en vigor un contrato de seguro por cada veh\u00edculo del que se sea titular. El seguro del veh\u00edculo y llevar la ITV en regla son algunas de las obligaciones que tiene todo veh\u00edculo que est\u00e9 dado de alta.<\/p>\n<p style=\"text-align: justify;\">No tener un seguro en vigor no deriva solo en una sanci\u00f3n econ\u00f3mica, tambi\u00e9n supone la inmovilizaci\u00f3n del veh\u00edculo por los agentes de la autoridad y en el caso de estar implicado en un siniestro vial puede tener graves consecuencias.<\/p>\n<p style=\"text-align: justify;\">INCUMPLIENTO DE ORDENANZAS MUNICIPALES<\/p>\n<p style=\"text-align: justify;\">En materia de Medio Ambiente, se contin\u00faa trabajando en la vigilancia y control del dep\u00f3sito de muebles y enseres en la v\u00eda p\u00fablica.<\/p>\n<p style=\"text-align: justify;\">En materia de disciplina urban\u00edstica, se da continuidad a la vigilancia obras, precintos y desprecintos.<\/p>\n<p style=\"text-align: justify;\">Se atienden diversas molestias por ruidos procedentes de viviendas, en la v\u00eda p\u00fablica y otras originadas por establecimientos p\u00fablicos; dando cumplimiento a la Ley de Espect\u00e1culos P\u00fablicos, Actividades Recreativas y Establecimientos P\u00fablicos de Castilla la Mancha, se procede al control del horario de cierre de terrazas y establecimientos destinados al ocio, siendo identificado e informado el responsable de uno de esos establecimientos de la propuesta para sanci\u00f3n por el incumplimiento de dicho horario de cierre.<\/p>\n<p style=\"text-align: justify;\">Se presta especial atenci\u00f3n en la vigilancia preventiva en Parques y Jardines y en otros puntos de la localidad en prevenci\u00f3n del \u201cbotell\u00f3n\u201d, derivando esa vigilancia en la identificaci\u00f3n de varias personas, siendo propuestas para sanci\u00f3n por el consumo de alcohol en la v\u00eda p\u00fablica.<\/p>\n<p><!--publicidad-voz03--><a href=\"https:\/\/www.facebook.com\/profile.php?id=100063593791305&amp;locale=es_ES\"><img decoding=\"async\" class=\"alignnone size-medium\" src=\"https:\/\/blogger.googleusercontent.com\/img\/b\/R29vZ2xl\/AVvXsEi8_n_ll8UOcGxCqzFvb_9Io4ICczlGC990BPtPj2w9Px-u7B3oqWUW5vtjZUqPNJ-nyjiUIorE0ATsib_l5tV8BVN-UJ03RTnU__IHJF_4DgDBtY4LIqXNG-FomrO-7ywes20CBCRM2Hcm7EJSh3UUw1dO-c_uTflUrtgY1i7uBRezj_DpympmEFkfbQY\/s1600\/logo-principal2.jpg\" width=\"100%\" height=\"100\" \/><\/a><!--bestpublic-voz03--><!--desk-in-out-voz03--><br \/>\n<!--publicidad-voz04--><a href=\"https:\/\/www.facebook.com\/profile.php?id=61557370768692&amp;locale=es_ES\"><img decoding=\"async\" class=\"alignnone size-medium\" src=\"https:\/\/blogger.googleusercontent.com\/img\/b\/R29vZ2xl\/AVvXsEgy5RdcfffrnrItnYTcV9bCJjgJwldsQLWssfVfrLbyfXeBNTFKgBf0rMIvhrUaGUhiXzVr9_eQgCbi-j63ZDpfTvLIty9w7s140y-m1yHe7eKmEK7v2NAHUJDVYGdfeiQFeRCqUjdwWmN1MX_AUxxz4IVdJ4WIM0APxit8bjWkXzrnEFGqBvW_1F13H1g\/s1600\/logo-principal5.jpg\" width=\"100%\" height=\"100\" \/><\/a><!--bestpublic-voz04--><!--desk-in-out-voz04--><br \/>\n<!--publicidad-voz05--><a href=\"https:\/\/www.facebook.com\/asociaciontamborileroshellin?locale=es_ES\"><img decoding=\"async\" class=\"alignnone size-medium\" src=\"https:\/\/blogger.googleusercontent.com\/img\/b\/R29vZ2xl\/AVvXsEhHEEpZsKK1VpwiYMrS7aE2ujtqIDZoLd4B5wtbiseSU9s2HdTdQfhF84So2XwEB1fv0BLw95GADm6hUl1bkKtzh-eIgVigXONuu_5RxeIMPhjk8q6uNX4EaEHbooKkbu7pCADWPpVJjhKIH5NQSJpWqedC-YBez4QAQeJYokkLot9bhrIaUAeztsGis6M\/s1600\/logo-principal3.jpg\" width=\"100%\" height=\"100\" \/><\/a><!--bestpublic-voz05--><!--desk-in-out-voz05--><br \/>\n<!--publicidad-voz06--><!--bestpublic-voz06--><!--desk-in-out-voz06--><br \/>\n<!--publicidad-voz07--><!--bestpublic-voz07--><!--desk-in-out-voz07--><br \/>\n<!--publicidad-voz08--><!--bestpublic-voz08--><!--desk-in-out-voz08--><br \/>\n<!--publicidad-voz09--><!--bestpublic-voz09--><!--desk-in-out-voz09--><br \/>\n<!--publicidad-voz10--><!--bestpublic-voz10--><!--desk-in-out-voz10--><br \/>\n<!--publicidad-voz11--><!--bestpublic-voz11--><!--desk-in-out-voz11--><br \/>\n<!--publicidad-voz12--><!--bestpublic-voz12--><!--desk-in-out-voz12--><br \/>\n<!--publicidad-voz13--><!--bestpublic-voz13--><!--desk-in-out-voz13--><br \/>\n<!--publicidad-voz14--><!--bestpublic-voz14--><!--desk-in-out-voz14--><br \/>\n<!--publicidad-voz15--><!--bestpublic-voz15--><!--desk-in-out-voz15--><br \/>\n<!--publicidad-voz16--><!--bestpublic-voz16--><!--desk-in-out-voz16--><\/p>\n","protected":false},"excerpt":{"rendered":"<p>COMUNICADO DE PRENSA &#8211; ACTIVIDAD DE LA POLICIA LOCAL DE HELLIN DEL 1\/07\/2024 AL 7\/07\/2024<\/p>\n","protected":false},"author":2,"featured_media":151547,"comment_status":"closed","ping_status":"closed","sticky":false,"template":"","format":"standard","meta":{"footnotes":""},"categories":[755,718,715,716,717],"tags":[],"class_list":["post-151546","post","type-post","status-publish","format-standard","has-post-thumbnail","hentry","category-blog-lv036","category-blogger","category-la-voz-de-hellin","category-la-voz-de-hellin-la-voz-de-hellin","category-noticias"],"_links":{"self":[{"href":"https:\/\/lavozdehellin.com\/noticias\/wp-json\/wp\/v2\/posts\/151546","targetHints":{"allow":["GET"]}}],"collection":[{"href":"https:\/\/lavozdehellin.com\/noticias\/wp-json\/wp\/v2\/posts"}],"about":[{"href":"https:\/\/lavozdehellin.com\/noticias\/wp-json\/wp\/v2\/types\/post"}],"author":[{"embeddable":true,"href":"https:\/\/lavozdehellin.com\/noticias\/wp-json\/wp\/v2\/users\/2"}],"replies":[{"embeddable":true,"href":"https:\/\/lavozdehellin.com\/noticias\/wp-json\/wp\/v2\/comments?post=151546"}],"version-history":[{"count":0,"href":"https:\/\/lavozdehellin.com\/noticias\/wp-json\/wp\/v2\/posts\/151546\/revisions"}],"wp:featuredmedia":[{"embeddable":true,"href":"https:\/\/lavozdehellin.com\/noticias\/wp-json\/wp\/v2\/media\/151547"}],"wp:attachment":[{"href":"https:\/\/lavozdehellin.com\/noticias\/wp-json\/wp\/v2\/media?parent=151546"}],"wp:term":[{"taxonomy":"category","embeddable":true,"href":"https:\/\/lavozdehellin.com\/noticias\/wp-json\/wp\/v2\/categories?post=151546"},{"taxonomy":"post_tag","embeddable":true,"href":"https:\/\/lavozdehellin.com\/noticias\/wp-json\/wp\/v2\/tags?post=151546"}],"curies":[{"name":"wp","href":"https:\/\/api.w.org\/{rel}","templated":true}]}}