{"id":151688,"date":"2024-07-01T12:25:49","date_gmt":"2024-07-01T10:25:49","guid":{"rendered":"https:\/\/lavozdehellin.com\/noticias\/?p=151688"},"modified":"2024-07-11T20:03:45","modified_gmt":"2024-07-11T18:03:45","slug":"v08-854-el-teatro-de-la-paz-y-el-talento-albacetense-protagonistas-de-la-programacion-de-cultural-albacete-para-la-feria-de-la-capital-que-llega-con-tres-grandes-estrenos","status":"publish","type":"post","link":"https:\/\/lavozdehellin.com\/noticias\/v08-854-el-teatro-de-la-paz-y-el-talento-albacetense-protagonistas-de-la-programacion-de-cultural-albacete-para-la-feria-de-la-capital-que-llega-con-tres-grandes-estrenos\/","title":{"rendered":"LVH NOTICIAS | EL TEATRO DE LA PAZ Y EL TALENTO ALBACETENSE, PROTAGONISTAS DE LA PROGRAMACI\u00d3N DE CULTURAL ALBACETE PARA LA FERIA DE LA CAPITAL QUE LLEGA CON TRES GRANDES ESTRENOS"},"content":{"rendered":"<p style=\"text-align: justify;\">La revista Cuatro Estaciones \u2018Feria 2024\u2019 se ha presentado este lunes dando a conocer la programaci\u00f3n que Cultural Albacete ha dise\u00f1ado, entre el 8 y el 15 de septiembre, en el marco de esta celebraci\u00f3n internacional, y el diputado provincial de Cultura, Miguel Zamora, ha participado en la cita, en la que se ha anunciado que tanto las entradas como los abonos est\u00e1n a la venta desde ma\u00f1ana.<\/p>\n<p><!--more--><br \/>\n<!--publicidad-voz01--><a href=\"https:\/\/www.facebook.com\/SoloRadioHellin\/?locale=es_ES\"><img decoding=\"async\" class=\"alignnone size-medium\" src=\"https:\/\/blogger.googleusercontent.com\/img\/b\/R29vZ2xl\/AVvXsEiNncirNnyGedv00mhjZjh5Wl4_YPdJGanoAl8tL8zH-HwqE8uHqjEfSt340RHdx-9tuCSIkZ8rFamZiGyYlgDGxCsmXjCH_1xk5eYM3ntFZRvJP_jndOKR7w1UAo9Tu0vrZyOLfqRpHIxYI5SymJJ-pfGCQw6QVpggBH-UgfjiFQ2JOxqxG0Jx94kW83c\/s1600\/logo-principal.jpg\" width=\"100%\" height=\"100\" \/><\/a><!--bestpublic-voz01--><!--desk-in-out-voz01--><br \/>\n<!--publicidad-voz02--><a href=\"https:\/\/www.hellincf.com\/\"><img decoding=\"async\" class=\"alignnone size-medium\" src=\"https:\/\/blogger.googleusercontent.com\/img\/b\/R29vZ2xl\/AVvXsEhuZ4-XfBVj3UtdP8-RZugy3WVrg-Zv28c53m4oV47qYCxL1rX_dqWX_YddsGSnpH5SRDqZ7bZeKPIfDVCDncpjVlhy3aQs2vojcJBn7Gdv9hC2_Nzct_pRFrnFE1a7KTCdY1bT_kAgnY3-iadRZrGeJf1fR2P5fu11bokx0pWjaypoy-ctwCjklldpEbA\/s1600\/logo-principal7.jpg\" width=\"100%\" height=\"100\" \/><\/a><!--bestpublic-voz02--><!--desk-in-out-voz02--><\/p>\n<p style=\"text-align: justify;\">En esta rueda de prensa, a la que tambi\u00e9n han asistido la concejala de Cultura, Elena Serrall\u00e9, y el gerente de Cultural Albacete, Ricardo Bel\u00e9ndez, se han dado a conocer los tres espect\u00e1culos que, en 18 sesiones, se extender\u00e1n a lo largo de estos d\u00edas en el Teatro de la Paz y el Teatro Circo.<\/p>\n<p style=\"text-align: justify;\">Se trata de \u2018Eurofia 2\u2019 dirigida por Antonio \u00c1lvarez, quien ha estado presente junto a Luis Huete y Luc\u00eda Fontanilla, actores de otro de los espect\u00e1culos, \u2018Bodas de Sangre. El Musical\u2019 que, junto a \u2018Azul\u2019, completa las propuestas ofertadas. Siendo los tres estrenos nacionales, \u201cque se ver\u00e1n por primera vez en nuestra tierra\u201d.<\/p>\n<p style=\"text-align: justify;\">Obras de una extraordinaria calidad, como han coincidido en apuntar todos los presentes, que vendr\u00e1n a completar las muchas y variadas actividades que incluir\u00e1 la Feria de Albacete, evidenciando que est\u00e1 es tan grande que no se queda \u00fanicamente en el Recinto Ferial, sino que va mucho m\u00e1s all\u00e1 y llena muchos espacios.<\/p>\n<p style=\"text-align: justify;\">En este sentido, Miguel Zamora ha comentado el orgullo que supone para la Diputaci\u00f3n que uno de esos espacios sea su Teatro de la Paz, que cada vez adquiere un mayor protagonismo en la vida cultural de este territorio.<\/p>\n<p style=\"text-align: justify;\">Adem\u00e1s, el responsable provincial ha destacado la unidad de acci\u00f3n de la Diputaci\u00f3n y el Ayuntamiento de la capital en pro de la cultura \u201cbajo ese paraguas \u00fanico que es Cultural Albacete, que contin\u00faa d\u00e1ndonos grandes \u00e9xitos a nivel provincial en todas las \u00e9pocas del a\u00f1o\u201d, remarcando que \u201ceste instrumento de gesti\u00f3n cultural no para y seguir\u00e1 dando muchas tardes y noches de gloria a la cultura albacetense\u201d.<\/p>\n<p style=\"text-align: justify;\">De hecho, para el Gobierno que preside Santi Caba\u00f1ero es \u201cun placer\u201d sumar el Teatro de la Paz, de la mano de Cultural Albacete, para enriquecer la vida cultural de esta Feria, como ha indicado Zamora.<\/p>\n<p style=\"text-align: justify;\">Asimismo, en esta programaci\u00f3n destaca la gran presencia de talento albacetense con Jorge Kent, Rakel Camacho y Antonio M. L\u00f3pez protagonistas en \u2018\u00c1zul\u2019, pero tambi\u00e9n con Mar\u00eda Navarro, que forma parte del reparto de Euforia 2, o Luis Huete (que pas\u00f3 una parte de su vida en nuestra tierra), lo que pone de relieve no s\u00f3lo el sobresaliente talento local de esta tierra, sino tambi\u00e9n el compromiso de Cultural Albacete con la visibilizaci\u00f3n y puesta en valor del mismo.<\/p>\n<p style=\"text-align: justify;\">Finalmente, Zamora ha animado a los vecinos y vecinas a disfrutar de los grandes recursos culturales de los que dispone la ciudad durante el mes de septiembre tanto dentro del Recinto Ferial como fuera de \u00e9ste, y ha remarcado que la Diputaci\u00f3n seguir\u00e1 trabajando para ofrecer la mejor cultura, garantizando el acceso a todas las personas de la provincia, vivan donde vivan y tenga el poder adquisitivo que tengan.<\/p>\n<p style=\"text-align: justify;\">Tres estrenos<\/p>\n<p style=\"text-align: justify;\">Por su parte, tanto Elena Serrall\u00e9 como Ricardo Bel\u00e9ndez han puesto en valor esta rica programaci\u00f3n y el contexto en el que se va a suceder. Y han sido Luis Huete, Luc\u00eda Fontanilla y Antonio \u00c1lvarez los encargados de explicar los detalles de los espect\u00e1culos. As\u00ed, los dos primeros han apuntado que \u2018Bodas de Sangre. El Musical\u2019 respeta el texto \u00edntegro del autor (Federico Garc\u00eda Lorca) y cuenta con una orquesta de gran formato y con estilos musicales muy variados, \u201cdese el Jazz hasta el Folclore\u201d. Adem\u00e1s, han destacado \u201cel gran reparto\u201d de la mano de su director, Pedro Mart\u00ednez \u201cquien aporta una visi\u00f3n contempor\u00e1nea\u201d sin renunciar a la esencia de la obra, a lo que se une una escenograf\u00eda \u201cmuy simbolista\u201d.<\/p>\n<p style=\"text-align: justify;\">Del mismo modo, Antonio \u00c1lvarez ha explicado que \u2018Euforia 1\u2019 \u201cfue una prueba para mantener el circo en el Teatro Circo durante la feria, y fue un \u00e9xito que sorprendi\u00f3 a todos\u201d, a\u00f1adiendo que este a\u00f1o han querido traer \u201cm\u00e1s artistas, m\u00e1s acrobacia, m\u00e1s bailes, m\u00e1s humor, m\u00e1s sensualidad\u2026.\u201d.<\/p>\n<p style=\"text-align: justify;\">Por tanto, la programaci\u00f3n, como se ha apuntado, incluye \u2018Euforia 2, que tendr\u00e1 lugar en diferentes sesiones y horarios en el Teatro Circo, del 8 al 15 de septiembre, combinando circo, cabaret y variedades. Por su parte, \u2018Azul\u2019, que se representar\u00e1 en el Teatro de la Paz del 8 al 10 de septiembre, narra la historia de una chica que perdi\u00f3 un ojo por el impacto de una pelota de goma durante una manifestaci\u00f3n, y contar\u00e1 con la participaci\u00f3n especial de Carmen Machi. Y, por \u00faltimo, \u2018Bodas de Sangre. El Musical\u2019 tambi\u00e9n cobrar\u00e1 vida sobre el escenario del Teatro de la Paz del 12 al 15 de septiembre.<\/p>\n<p><!--publicidad-voz03--><a href=\"https:\/\/www.facebook.com\/profile.php?id=100063593791305&amp;locale=es_ES\"><img decoding=\"async\" class=\"alignnone size-medium\" src=\"https:\/\/blogger.googleusercontent.com\/img\/b\/R29vZ2xl\/AVvXsEi8_n_ll8UOcGxCqzFvb_9Io4ICczlGC990BPtPj2w9Px-u7B3oqWUW5vtjZUqPNJ-nyjiUIorE0ATsib_l5tV8BVN-UJ03RTnU__IHJF_4DgDBtY4LIqXNG-FomrO-7ywes20CBCRM2Hcm7EJSh3UUw1dO-c_uTflUrtgY1i7uBRezj_DpympmEFkfbQY\/s1600\/logo-principal2.jpg\" width=\"100%\" height=\"100\" \/><\/a><!--bestpublic-voz03--><!--desk-in-out-voz03--><br \/>\n<!--publicidad-voz04--><a href=\"https:\/\/www.facebook.com\/profile.php?id=61557370768692&amp;locale=es_ES\"><img decoding=\"async\" class=\"alignnone size-medium\" src=\"https:\/\/blogger.googleusercontent.com\/img\/b\/R29vZ2xl\/AVvXsEgy5RdcfffrnrItnYTcV9bCJjgJwldsQLWssfVfrLbyfXeBNTFKgBf0rMIvhrUaGUhiXzVr9_eQgCbi-j63ZDpfTvLIty9w7s140y-m1yHe7eKmEK7v2NAHUJDVYGdfeiQFeRCqUjdwWmN1MX_AUxxz4IVdJ4WIM0APxit8bjWkXzrnEFGqBvW_1F13H1g\/s1600\/logo-principal5.jpg\" width=\"100%\" height=\"100\" \/><\/a><!--bestpublic-voz04--><!--desk-in-out-voz04--><br \/>\n<!--publicidad-voz05--><a href=\"https:\/\/www.facebook.com\/asociaciontamborileroshellin?locale=es_ES\"><img decoding=\"async\" class=\"alignnone size-medium\" src=\"https:\/\/blogger.googleusercontent.com\/img\/b\/R29vZ2xl\/AVvXsEhHEEpZsKK1VpwiYMrS7aE2ujtqIDZoLd4B5wtbiseSU9s2HdTdQfhF84So2XwEB1fv0BLw95GADm6hUl1bkKtzh-eIgVigXONuu_5RxeIMPhjk8q6uNX4EaEHbooKkbu7pCADWPpVJjhKIH5NQSJpWqedC-YBez4QAQeJYokkLot9bhrIaUAeztsGis6M\/s1600\/logo-principal3.jpg\" width=\"100%\" height=\"100\" \/><\/a><!--bestpublic-voz05--><!--desk-in-out-voz05--><br \/>\n<!--publicidad-voz06--><!--bestpublic-voz06--><!--desk-in-out-voz06--><br \/>\n<!--publicidad-voz07--><!--bestpublic-voz07--><!--desk-in-out-voz07--><br \/>\n<!--publicidad-voz08--><!--bestpublic-voz08--><!--desk-in-out-voz08--><br \/>\n<!--publicidad-voz09--><!--bestpublic-voz09--><!--desk-in-out-voz09--><br \/>\n<!--publicidad-voz10--><!--bestpublic-voz10--><!--desk-in-out-voz10--><br \/>\n<!--publicidad-voz11--><!--bestpublic-voz11--><!--desk-in-out-voz11--><br \/>\n<!--publicidad-voz12--><!--bestpublic-voz12--><!--desk-in-out-voz12--><br \/>\n<!--publicidad-voz13--><!--bestpublic-voz13--><!--desk-in-out-voz13--><br \/>\n<!--publicidad-voz14--><!--bestpublic-voz14--><!--desk-in-out-voz14--><br \/>\n<!--publicidad-voz15--><!--bestpublic-voz15--><!--desk-in-out-voz15--><br \/>\n<!--publicidad-voz16--><!--bestpublic-voz16--><!--desk-in-out-voz16--><\/p>\n","protected":false},"excerpt":{"rendered":"<p>La revista Cuatro Estaciones \u2018Feria 2024\u2019 se ha presentado este lunes dando a conocer la programaci\u00f3n que Cultural Albacete ha dise\u00f1ado, entre el 8 y el 15 de septiembre, en&#8230;<\/p>\n","protected":false},"author":2,"featured_media":151689,"comment_status":"closed","ping_status":"closed","sticky":false,"template":"","format":"standard","meta":{"footnotes":""},"categories":[755,718,715,716,717],"tags":[],"class_list":["post-151688","post","type-post","status-publish","format-standard","has-post-thumbnail","hentry","category-blog-lv036","category-blogger","category-la-voz-de-hellin","category-la-voz-de-hellin-la-voz-de-hellin","category-noticias"],"_links":{"self":[{"href":"https:\/\/lavozdehellin.com\/noticias\/wp-json\/wp\/v2\/posts\/151688","targetHints":{"allow":["GET"]}}],"collection":[{"href":"https:\/\/lavozdehellin.com\/noticias\/wp-json\/wp\/v2\/posts"}],"about":[{"href":"https:\/\/lavozdehellin.com\/noticias\/wp-json\/wp\/v2\/types\/post"}],"author":[{"embeddable":true,"href":"https:\/\/lavozdehellin.com\/noticias\/wp-json\/wp\/v2\/users\/2"}],"replies":[{"embeddable":true,"href":"https:\/\/lavozdehellin.com\/noticias\/wp-json\/wp\/v2\/comments?post=151688"}],"version-history":[{"count":0,"href":"https:\/\/lavozdehellin.com\/noticias\/wp-json\/wp\/v2\/posts\/151688\/revisions"}],"wp:featuredmedia":[{"embeddable":true,"href":"https:\/\/lavozdehellin.com\/noticias\/wp-json\/wp\/v2\/media\/151689"}],"wp:attachment":[{"href":"https:\/\/lavozdehellin.com\/noticias\/wp-json\/wp\/v2\/media?parent=151688"}],"wp:term":[{"taxonomy":"category","embeddable":true,"href":"https:\/\/lavozdehellin.com\/noticias\/wp-json\/wp\/v2\/categories?post=151688"},{"taxonomy":"post_tag","embeddable":true,"href":"https:\/\/lavozdehellin.com\/noticias\/wp-json\/wp\/v2\/tags?post=151688"}],"curies":[{"name":"wp","href":"https:\/\/api.w.org\/{rel}","templated":true}]}}