{"id":151691,"date":"2024-07-01T12:48:32","date_gmt":"2024-07-01T10:48:32","guid":{"rendered":"https:\/\/lavozdehellin.com\/noticias\/?p=151691"},"modified":"2024-11-25T19:24:43","modified_gmt":"2024-11-25T17:24:43","slug":"v08-855-valera-evalua-algunas-de-las-mejoras-diversas-impulsadas-en-bienservida-con-financiacion-de-la-diputacion-de-albacete","status":"publish","type":"post","link":"https:\/\/lavozdehellin.com\/noticias\/v08-855-valera-evalua-algunas-de-las-mejoras-diversas-impulsadas-en-bienservida-con-financiacion-de-la-diputacion-de-albacete\/","title":{"rendered":"LVH NOTICIAS | VALERA EVAL\u00daA ALGUNAS DE LAS MEJORAS DIVERSAS IMPULSADAS EN BIENSERVIDA CON FINANCIACI\u00d3N DE LA DIPUTACI\u00d3N DE ALBACETE"},"content":{"rendered":"<p style=\"text-align: justify;\">El vicepresidente provincial y responsable de Obras, Fran Valera, ha visitado Bienservida donde, junto al alcalde, Jos\u00e9 Luis Cano Ledesma, y acompa\u00f1ado de la diputada de Agenda 2030 y Fondos Europeos, Yolanda Ballesteros, ha revisado algunas de las mejoras recientes realizadas con el apoyo del Gobierno Provincial de Santi Caba\u00f1ero.<\/p>\n<p><!--more--><br \/>\n<!--publicidad-voz01--><a href=\"https:\/\/www.facebook.com\/SoloRadioHellin\/?locale=es_ES\"><img decoding=\"async\" class=\"alignnone size-medium\" src=\"https:\/\/blogger.googleusercontent.com\/img\/b\/R29vZ2xl\/AVvXsEiNncirNnyGedv00mhjZjh5Wl4_YPdJGanoAl8tL8zH-HwqE8uHqjEfSt340RHdx-9tuCSIkZ8rFamZiGyYlgDGxCsmXjCH_1xk5eYM3ntFZRvJP_jndOKR7w1UAo9Tu0vrZyOLfqRpHIxYI5SymJJ-pfGCQw6QVpggBH-UgfjiFQ2JOxqxG0Jx94kW83c\/s1600\/logo-principal.jpg\" width=\"100%\" height=\"100\" \/><\/a><!--bestpublic-voz01--><!--desk-in-out-voz01--><br \/>\n<!--publicidad-voz02--><a href=\"https:\/\/www.hellincf.com\/\"><img decoding=\"async\" class=\"alignnone size-medium\" src=\"https:\/\/blogger.googleusercontent.com\/img\/b\/R29vZ2xl\/AVvXsEhuZ4-XfBVj3UtdP8-RZugy3WVrg-Zv28c53m4oV47qYCxL1rX_dqWX_YddsGSnpH5SRDqZ7bZeKPIfDVCDncpjVlhy3aQs2vojcJBn7Gdv9hC2_Nzct_pRFrnFE1a7KTCdY1bT_kAgnY3-iadRZrGeJf1fR2P5fu11bokx0pWjaypoy-ctwCjklldpEbA\/s1600\/logo-principal7.jpg\" width=\"100%\" height=\"100\" \/><\/a><!--bestpublic-voz02--><!--desk-in-out-voz02--><\/p>\n<p style=\"text-align: justify;\">Durante su paso por la localidad, Valera ha tomado nota de los pr\u00f3ximos proyectos que el equipo de gobierno municipal planea para el municipio y ha explicado las novedades sobre las diversas l\u00edneas de ayuda y los proyectos que el Gobierno de la Diputaci\u00f3n de Albacete no deja de implementar desde su voluntad de apoyar a los ayuntamientos.<\/p>\n<p style=\"text-align: justify;\">Para este ejercicio 2024, Bienservida cuenta con 116.800 euros de la Diputaci\u00f3n s\u00f3lo en lo relativo a obras de mejora municipales. Estos fondos incluyen 57.000 euros a aportar por la instituci\u00f3n provincial dentro del Plan de Obras y Servicios (POS) destinados a la adecuaci\u00f3n y mejora de diversas calles; 41.000 euros del programa Dipualba Responde Inversiones, y 18.800 euros para el Dipualba Responde Gasto Corriente. Cifras que, como le ha avanzado al dirigente provincial el primer edil, pretenden destinar a mejorar las instalaciones deportivas y otros recursos tur\u00edsticos.<\/p>\n<p style=\"text-align: justify;\">En este sentido, tal y como le ha comentado Valera, dentro del programa Dipualba Responde Inversiones el Gobierno de Caba\u00f1ero acaba de aprobar (en su tercera Resoluci\u00f3n) cerca de 24.000 euros para la rehabilitaci\u00f3n del campamento de Bienservida, mejorando la oferta de ocio en un enclave estrat\u00e9gico como \u00e9ste, en plena Sierra de Alcaraz.<\/p>\n<p style=\"text-align: justify;\">Valera ha comprobado la reciente finalizaci\u00f3n del POS 2023, que permite a la poblaci\u00f3n disfrutar tanto del nuevo abastecimiento en la calle Torre como de la pavimentaci\u00f3n en la calle Puente Madera, con una inversi\u00f3n total de m\u00e1s de 54.700 euros de los cuales el Gobierno de Caba\u00f1ero ha aportado el 95% y, el consistorio, el 5% restante.<\/p>\n<p style=\"text-align: justify;\">Como ha valorado muy positivamente el vicepresidente en su recorrido por Bienservida, estas obras, junto con las del POS 2022 (que pavimentaron varias calles por m\u00e1s de 55.300 euros), est\u00e1n contribuyendo significativamente al embellecimiento y mejora de la accesibilidad en el municipio.<\/p>\n<p style=\"text-align: justify;\">Tambi\u00e9n se han realizado importantes arreglos en el entorno de la piscina, incluyendo la rehabilitaci\u00f3n de la misma, la instalaci\u00f3n de c\u00e9sped artificial y la compra de ventanas para las Casas Rurales Municipales, con una inversi\u00f3n total de m\u00e1s de 41.000 euros.<\/p>\n<p style=\"text-align: justify;\">La localidad tambi\u00e9n se beneficia este a\u00f1o de la convocatoria para el arreglo de caminos rurales, recibiendo 17.000 euros, y de la destinada a rehabilitaci\u00f3n patrimonial, destinando lo aprobado en este sentido a la recuperaci\u00f3n del mobiliario hist\u00f3rico del Sal\u00f3n de Plenos del ayuntamiento.<\/p>\n<p style=\"text-align: justify;\">M\u00e1s de 53.000 euros de inversi\u00f3n en la instalaci\u00f3n de paneles fotovoltaicos<\/p>\n<p style=\"text-align: justify;\">Muy importante ha sido la iniciativa DUS 5.000 en la localidad, traducida en una inversi\u00f3n de m\u00e1s de 53.600 euros de fondos europeos que ha permitido la instalaci\u00f3n de paneles fotovoltaicos en varios edificios municipales, promoviendo la sostenibilidad y generando ahorros energ\u00e9ticos significativos, tal y como el alcalde y el vicepresidente han tenido ocasi\u00f3n de comentar.<\/p>\n<p style=\"text-align: justify;\">Fran Valera le ha expresado su satisfacci\u00f3n por el papel clave que est\u00e1 pudiendo jugar el Gobierno Provincial de Santi Caba\u00f1ero con la mejora paulatina de distintas cuestiones que resultan importantes para el progreso de localidades, reiterando al primer edil la mano tendida de la Diputaci\u00f3n de Albacete para seguir avanzando en ese objetivo.<\/p>\n<p style=\"text-align: justify;\">\u201cNuestro compromiso con Bienservida es firme. Estamos aqu\u00ed para apoyar y trabajar junto a los municipios, atendiendo sus necesidades y mejorando continuamente la calidad de vida de quienes apuestan por vivir en nuestros pueblos y por darles un valor a\u00f1adido vital que es imprescindible. Este es s\u00f3lo un ejemplo m\u00e1s de lo bueno que resulta siempre el esfuerzo conjunto para transformar nuestras localidades\u201d, ha se\u00f1alado Valera.<\/p>\n<p style=\"text-align: justify;\">\u00c9xito de la zona de autocaravanas \u2018La Veguilla\u2019, impulsada con ayuda de la Diputaci\u00f3n<\/p>\n<p style=\"text-align: justify;\">En este sentido, el alcalde de Bienservida ha destacado la excelente acogida de la zona de p\u00e1rking de autocaravanas \u2018La Veguilla\u2019, ubicada junto a la piscina municipal y la pista de p\u00e1del. Este nuevo recurso tur\u00edstico, en un enclave perfecto de ocio, contribuye a la dinamizaci\u00f3n econ\u00f3mica y social de la comarca de la Sierra de Alcaraz y el equipo de gobierno local pretende seguir mejor\u00e1ndolo.<\/p>\n<p style=\"text-align: justify;\">Es algo que la localidad est\u00e1 pudiendo hacer posible gracias, tambi\u00e9n, al apoyo de la Diputaci\u00f3n de Albacete, dentro de la l\u00ednea que el Gobierno de Caba\u00f1ero impuls\u00f3 en 2022 (por primera vez con dotaci\u00f3n propia) para ayudar a las Entidades locales a desarrollar o potenciar este tipo de infraestructuras con las que dar respuesta a la demanda al alza de este tipo de turismo que, s\u00f3lo el pasado a\u00f1o, ve\u00eda un crecimiento del 90% en reservas e ingresos en 2023, seg\u00fan la plataforma CamperDays.<\/p>\n<p style=\"text-align: justify;\">Algo que est\u00e1n comprobando tambi\u00e9n las m\u00e1s de 30 localidades de la provincia de Albacete que cuentan con una de estas \u00e1reas gracias a la colaboraci\u00f3n de la Diputaci\u00f3n.<\/p>\n<p style=\"text-align: justify;\">Recursos que, como ha se\u00f1alado Valera, siempre vienen a sumar al trabajo de los ayuntamientos y que, sin duda, enriquecer\u00e1 la oferta de actividades dise\u00f1ada para Bienservida que, como le ha explicado el alcalde, incluye un aula de conciliaci\u00f3n para ni\u00f1os de 0-3 a\u00f1os, nataci\u00f3n, baile, p\u00e1del, gimnasio, f\u00fatbol y el IV Concurso local \u2018Reto Patios, Rejas, Balcones, Calles y Bienservidenses\u2019.<\/p>\n<p><!--publicidad-voz03--><a href=\"https:\/\/www.facebook.com\/profile.php?id=100063593791305&amp;locale=es_ES\"><img decoding=\"async\" class=\"alignnone size-medium\" src=\"https:\/\/blogger.googleusercontent.com\/img\/b\/R29vZ2xl\/AVvXsEi8_n_ll8UOcGxCqzFvb_9Io4ICczlGC990BPtPj2w9Px-u7B3oqWUW5vtjZUqPNJ-nyjiUIorE0ATsib_l5tV8BVN-UJ03RTnU__IHJF_4DgDBtY4LIqXNG-FomrO-7ywes20CBCRM2Hcm7EJSh3UUw1dO-c_uTflUrtgY1i7uBRezj_DpympmEFkfbQY\/s1600\/logo-principal2.jpg\" width=\"100%\" height=\"100\" \/><\/a><!--bestpublic-voz03--><!--desk-in-out-voz03--><br \/>\n<!--publicidad-voz04--><a href=\"https:\/\/www.facebook.com\/profile.php?id=61557370768692&amp;locale=es_ES\"><img decoding=\"async\" class=\"alignnone size-medium\" src=\"https:\/\/blogger.googleusercontent.com\/img\/b\/R29vZ2xl\/AVvXsEgy5RdcfffrnrItnYTcV9bCJjgJwldsQLWssfVfrLbyfXeBNTFKgBf0rMIvhrUaGUhiXzVr9_eQgCbi-j63ZDpfTvLIty9w7s140y-m1yHe7eKmEK7v2NAHUJDVYGdfeiQFeRCqUjdwWmN1MX_AUxxz4IVdJ4WIM0APxit8bjWkXzrnEFGqBvW_1F13H1g\/s1600\/logo-principal5.jpg\" width=\"100%\" height=\"100\" \/><\/a><!--bestpublic-voz04--><!--desk-in-out-voz04--><br \/>\n<!--publicidad-voz05--><a href=\"https:\/\/www.facebook.com\/asociaciontamborileroshellin?locale=es_ES\"><img decoding=\"async\" class=\"alignnone size-medium\" src=\"https:\/\/blogger.googleusercontent.com\/img\/b\/R29vZ2xl\/AVvXsEhHEEpZsKK1VpwiYMrS7aE2ujtqIDZoLd4B5wtbiseSU9s2HdTdQfhF84So2XwEB1fv0BLw95GADm6hUl1bkKtzh-eIgVigXONuu_5RxeIMPhjk8q6uNX4EaEHbooKkbu7pCADWPpVJjhKIH5NQSJpWqedC-YBez4QAQeJYokkLot9bhrIaUAeztsGis6M\/s1600\/logo-principal3.jpg\" width=\"100%\" height=\"100\" \/><\/a><!--bestpublic-voz05--><!--desk-in-out-voz05--><br \/>\n<!--publicidad-voz06--><!--bestpublic-voz06--><!--desk-in-out-voz06--><br \/>\n<!--publicidad-voz07--><!--bestpublic-voz07--><!--desk-in-out-voz07--><br \/>\n<!--publicidad-voz08--><!--bestpublic-voz08--><!--desk-in-out-voz08--><br \/>\n<!--publicidad-voz09--><!--bestpublic-voz09--><!--desk-in-out-voz09--><br \/>\n<!--publicidad-voz10--><!--bestpublic-voz10--><!--desk-in-out-voz10--><br \/>\n<!--publicidad-voz11--><!--bestpublic-voz11--><!--desk-in-out-voz11--><br \/>\n<!--publicidad-voz12--><!--bestpublic-voz12--><!--desk-in-out-voz12--><br \/>\n<!--publicidad-voz13--><!--bestpublic-voz13--><!--desk-in-out-voz13--><br \/>\n<!--publicidad-voz14--><!--bestpublic-voz14--><!--desk-in-out-voz14--><br \/>\n<!--publicidad-voz15--><!--bestpublic-voz15--><!--desk-in-out-voz15--><br \/>\n<!--publicidad-voz16--><!--bestpublic-voz16--><!--desk-in-out-voz16--><\/p>\n","protected":false},"excerpt":{"rendered":"<p>El vicepresidente provincial y responsable de Obras, Fran Valera, ha visitado Bienservida donde, junto al alcalde, Jos\u00e9 Luis Cano Ledesma, y acompa\u00f1ado de la diputada de Agenda 2030 y Fondos&#8230;<\/p>\n","protected":false},"author":2,"featured_media":151692,"comment_status":"closed","ping_status":"closed","sticky":false,"template":"","format":"standard","meta":{"footnotes":""},"categories":[755,718,715,716,717],"tags":[],"class_list":["post-151691","post","type-post","status-publish","format-standard","has-post-thumbnail","hentry","category-blog-lv036","category-blogger","category-la-voz-de-hellin","category-la-voz-de-hellin-la-voz-de-hellin","category-noticias"],"_links":{"self":[{"href":"https:\/\/lavozdehellin.com\/noticias\/wp-json\/wp\/v2\/posts\/151691","targetHints":{"allow":["GET"]}}],"collection":[{"href":"https:\/\/lavozdehellin.com\/noticias\/wp-json\/wp\/v2\/posts"}],"about":[{"href":"https:\/\/lavozdehellin.com\/noticias\/wp-json\/wp\/v2\/types\/post"}],"author":[{"embeddable":true,"href":"https:\/\/lavozdehellin.com\/noticias\/wp-json\/wp\/v2\/users\/2"}],"replies":[{"embeddable":true,"href":"https:\/\/lavozdehellin.com\/noticias\/wp-json\/wp\/v2\/comments?post=151691"}],"version-history":[{"count":0,"href":"https:\/\/lavozdehellin.com\/noticias\/wp-json\/wp\/v2\/posts\/151691\/revisions"}],"wp:featuredmedia":[{"embeddable":true,"href":"https:\/\/lavozdehellin.com\/noticias\/wp-json\/wp\/v2\/media\/151692"}],"wp:attachment":[{"href":"https:\/\/lavozdehellin.com\/noticias\/wp-json\/wp\/v2\/media?parent=151691"}],"wp:term":[{"taxonomy":"category","embeddable":true,"href":"https:\/\/lavozdehellin.com\/noticias\/wp-json\/wp\/v2\/categories?post=151691"},{"taxonomy":"post_tag","embeddable":true,"href":"https:\/\/lavozdehellin.com\/noticias\/wp-json\/wp\/v2\/tags?post=151691"}],"curies":[{"name":"wp","href":"https:\/\/api.w.org\/{rel}","templated":true}]}}