{"id":151694,"date":"2024-07-01T14:32:23","date_gmt":"2024-07-01T12:32:23","guid":{"rendered":"https:\/\/lavozdehellin.com\/noticias\/?p=151694"},"modified":"2024-11-25T19:24:43","modified_gmt":"2024-11-25T17:24:43","slug":"v08-856-dani-sancha-recibe-a-las-dos-jovenes-de-la-provincia-que-participaran-en-la-ruta-inti-2024-de-la-mano-de-las-becas-que-la-diputacion-de-albacete-financia","status":"publish","type":"post","link":"https:\/\/lavozdehellin.com\/noticias\/v08-856-dani-sancha-recibe-a-las-dos-jovenes-de-la-provincia-que-participaran-en-la-ruta-inti-2024-de-la-mano-de-las-becas-que-la-diputacion-de-albacete-financia\/","title":{"rendered":"LVH NOTICIAS | DANI SANCHA RECIBE A LAS DOS J\u00d3VENES DE LA PROVINCIA QUE PARTICIPAR\u00c1N EN LA RUTA INTI 2024 DE LA MANO DE LAS BECAS QUE LA DIPUTACI\u00d3N DE ALBACETE FINANCIA"},"content":{"rendered":"<p style=\"text-align: justify;\">El diputado de Juventud y Deportes, Dani Sancha, ha recibido en el Palacio Provincial a Luc\u00eda Soriano (Alborea) y a Laura Mart\u00ednez (Albacete), que han obtenido las dos becas que la Diputaci\u00f3n de Albacete ha puesto a disposici\u00f3n de la juventud de nuestro territorio para favorecer su participaci\u00f3n en la Expedici\u00f3n \u2018Ruta Inti 2024: Huellas en la arena, la d\u00e9cima aventura\u2019, que en esta ocasi\u00f3n recorrer\u00e1 Canarias y Marruecos entre el 21 de julio y el 17 de agosto.<\/p>\n<p><!--more--><br \/>\n<!--publicidad-voz01--><a href=\"https:\/\/www.facebook.com\/SoloRadioHellin\/?locale=es_ES\"><img decoding=\"async\" class=\"alignnone size-medium\" src=\"https:\/\/blogger.googleusercontent.com\/img\/b\/R29vZ2xl\/AVvXsEiNncirNnyGedv00mhjZjh5Wl4_YPdJGanoAl8tL8zH-HwqE8uHqjEfSt340RHdx-9tuCSIkZ8rFamZiGyYlgDGxCsmXjCH_1xk5eYM3ntFZRvJP_jndOKR7w1UAo9Tu0vrZyOLfqRpHIxYI5SymJJ-pfGCQw6QVpggBH-UgfjiFQ2JOxqxG0Jx94kW83c\/s1600\/logo-principal.jpg\" width=\"100%\" height=\"100\" \/><\/a><!--bestpublic-voz01--><!--desk-in-out-voz01--><br \/>\n<!--publicidad-voz02--><a href=\"https:\/\/www.hellincf.com\/\"><img decoding=\"async\" class=\"alignnone size-medium\" src=\"https:\/\/blogger.googleusercontent.com\/img\/b\/R29vZ2xl\/AVvXsEhuZ4-XfBVj3UtdP8-RZugy3WVrg-Zv28c53m4oV47qYCxL1rX_dqWX_YddsGSnpH5SRDqZ7bZeKPIfDVCDncpjVlhy3aQs2vojcJBn7Gdv9hC2_Nzct_pRFrnFE1a7KTCdY1bT_kAgnY3-iadRZrGeJf1fR2P5fu11bokx0pWjaypoy-ctwCjklldpEbA\/s1600\/logo-principal7.jpg\" width=\"100%\" height=\"100\" \/><\/a><!--bestpublic-voz02--><!--desk-in-out-voz02--><\/p>\n<p style=\"text-align: justify;\">Estas ayudas, integradas en el convenio de colaboraci\u00f3n (por valor de 5.000 \u20ac) que la instituci\u00f3n suscribe anualmente con la organizaci\u00f3n de esta iniciativa, se ponen en marcha hace algunos a\u00f1os en l\u00ednea con el del trabajo diario y transversal que el Gobierno que preside Santi Caba\u00f1ero viene realizando para promover y dinamizar iniciativas culturales, deportivas, formativas\u2026 entre la juventud de este territorio, favoreciendo que puedan vivir experiencias vitales transformadoras, como es el caso.<\/p>\n<p style=\"text-align: justify;\">Durante el encuentro, en el que han intercambiado an\u00e9cdotas y expectativas, Sancha, que reiterado la felicitaci\u00f3n a la organizaci\u00f3n de la Ruta Inti en la figura de Manuel J. Lacasa, ha reiterado el compromiso de la Diputaci\u00f3n con esta iniciativa, pero sobre todo con el d\u00eda a d\u00eda de la juventud albacetense \u201cpara que pueda crecer, desarrollarse y so\u00f1ar desde la igualdad de oportunidades\u201d.<\/p>\n<p style=\"text-align: justify;\">Por su parte, Luc\u00eda Soriano y Laura Mart\u00ednez han agradecido a la instituci\u00f3n provincial \u201cesta oportunidad \u00fanica\u201d que esperan \u201ccon nervios e ilusi\u00f3n\u201d, como ellas mismas le han trasladado al diputado, que las ha animado a aprovechar \u201cal m\u00e1ximo\u201d una aventura que alimenta el esp\u00edritu cr\u00edtico, contribuye al desarrollo personal y potencia el compromiso social.<\/p>\n<p><!--publicidad-voz03--><a href=\"https:\/\/www.facebook.com\/profile.php?id=100063593791305&amp;locale=es_ES\"><img decoding=\"async\" class=\"alignnone size-medium\" src=\"https:\/\/blogger.googleusercontent.com\/img\/b\/R29vZ2xl\/AVvXsEi8_n_ll8UOcGxCqzFvb_9Io4ICczlGC990BPtPj2w9Px-u7B3oqWUW5vtjZUqPNJ-nyjiUIorE0ATsib_l5tV8BVN-UJ03RTnU__IHJF_4DgDBtY4LIqXNG-FomrO-7ywes20CBCRM2Hcm7EJSh3UUw1dO-c_uTflUrtgY1i7uBRezj_DpympmEFkfbQY\/s1600\/logo-principal2.jpg\" width=\"100%\" height=\"100\" \/><\/a><!--bestpublic-voz03--><!--desk-in-out-voz03--><br \/>\n<!--publicidad-voz04--><a href=\"https:\/\/www.facebook.com\/profile.php?id=61557370768692&amp;locale=es_ES\"><img decoding=\"async\" class=\"alignnone size-medium\" src=\"https:\/\/blogger.googleusercontent.com\/img\/b\/R29vZ2xl\/AVvXsEgy5RdcfffrnrItnYTcV9bCJjgJwldsQLWssfVfrLbyfXeBNTFKgBf0rMIvhrUaGUhiXzVr9_eQgCbi-j63ZDpfTvLIty9w7s140y-m1yHe7eKmEK7v2NAHUJDVYGdfeiQFeRCqUjdwWmN1MX_AUxxz4IVdJ4WIM0APxit8bjWkXzrnEFGqBvW_1F13H1g\/s1600\/logo-principal5.jpg\" width=\"100%\" height=\"100\" \/><\/a><!--bestpublic-voz04--><!--desk-in-out-voz04--><br \/>\n<!--publicidad-voz05--><a href=\"https:\/\/www.facebook.com\/asociaciontamborileroshellin?locale=es_ES\"><img decoding=\"async\" class=\"alignnone size-medium\" src=\"https:\/\/blogger.googleusercontent.com\/img\/b\/R29vZ2xl\/AVvXsEhHEEpZsKK1VpwiYMrS7aE2ujtqIDZoLd4B5wtbiseSU9s2HdTdQfhF84So2XwEB1fv0BLw95GADm6hUl1bkKtzh-eIgVigXONuu_5RxeIMPhjk8q6uNX4EaEHbooKkbu7pCADWPpVJjhKIH5NQSJpWqedC-YBez4QAQeJYokkLot9bhrIaUAeztsGis6M\/s1600\/logo-principal3.jpg\" width=\"100%\" height=\"100\" \/><\/a><!--bestpublic-voz05--><!--desk-in-out-voz05--><br \/>\n<!--publicidad-voz06--><!--bestpublic-voz06--><!--desk-in-out-voz06--><br \/>\n<!--publicidad-voz07--><!--bestpublic-voz07--><!--desk-in-out-voz07--><br \/>\n<!--publicidad-voz08--><!--bestpublic-voz08--><!--desk-in-out-voz08--><br \/>\n<!--publicidad-voz09--><!--bestpublic-voz09--><!--desk-in-out-voz09--><br \/>\n<!--publicidad-voz10--><!--bestpublic-voz10--><!--desk-in-out-voz10--><br \/>\n<!--publicidad-voz11--><!--bestpublic-voz11--><!--desk-in-out-voz11--><br \/>\n<!--publicidad-voz12--><!--bestpublic-voz12--><!--desk-in-out-voz12--><br \/>\n<!--publicidad-voz13--><!--bestpublic-voz13--><!--desk-in-out-voz13--><br \/>\n<!--publicidad-voz14--><!--bestpublic-voz14--><!--desk-in-out-voz14--><br \/>\n<!--publicidad-voz15--><!--bestpublic-voz15--><!--desk-in-out-voz15--><br \/>\n<!--publicidad-voz16--><!--bestpublic-voz16--><!--desk-in-out-voz16--><\/p>\n","protected":false},"excerpt":{"rendered":"<p>El diputado de Juventud y Deportes, Dani Sancha, ha recibido en el Palacio Provincial a Luc\u00eda Soriano (Alborea) y a Laura Mart\u00ednez (Albacete), que han obtenido las dos becas que&#8230;<\/p>\n","protected":false},"author":2,"featured_media":151695,"comment_status":"closed","ping_status":"closed","sticky":false,"template":"","format":"standard","meta":{"footnotes":""},"categories":[755,718,715,716,717],"tags":[],"class_list":["post-151694","post","type-post","status-publish","format-standard","has-post-thumbnail","hentry","category-blog-lv036","category-blogger","category-la-voz-de-hellin","category-la-voz-de-hellin-la-voz-de-hellin","category-noticias"],"_links":{"self":[{"href":"https:\/\/lavozdehellin.com\/noticias\/wp-json\/wp\/v2\/posts\/151694","targetHints":{"allow":["GET"]}}],"collection":[{"href":"https:\/\/lavozdehellin.com\/noticias\/wp-json\/wp\/v2\/posts"}],"about":[{"href":"https:\/\/lavozdehellin.com\/noticias\/wp-json\/wp\/v2\/types\/post"}],"author":[{"embeddable":true,"href":"https:\/\/lavozdehellin.com\/noticias\/wp-json\/wp\/v2\/users\/2"}],"replies":[{"embeddable":true,"href":"https:\/\/lavozdehellin.com\/noticias\/wp-json\/wp\/v2\/comments?post=151694"}],"version-history":[{"count":0,"href":"https:\/\/lavozdehellin.com\/noticias\/wp-json\/wp\/v2\/posts\/151694\/revisions"}],"wp:featuredmedia":[{"embeddable":true,"href":"https:\/\/lavozdehellin.com\/noticias\/wp-json\/wp\/v2\/media\/151695"}],"wp:attachment":[{"href":"https:\/\/lavozdehellin.com\/noticias\/wp-json\/wp\/v2\/media?parent=151694"}],"wp:term":[{"taxonomy":"category","embeddable":true,"href":"https:\/\/lavozdehellin.com\/noticias\/wp-json\/wp\/v2\/categories?post=151694"},{"taxonomy":"post_tag","embeddable":true,"href":"https:\/\/lavozdehellin.com\/noticias\/wp-json\/wp\/v2\/tags?post=151694"}],"curies":[{"name":"wp","href":"https:\/\/api.w.org\/{rel}","templated":true}]}}