{"id":151697,"date":"2024-07-01T14:40:51","date_gmt":"2024-07-01T12:40:51","guid":{"rendered":"https:\/\/lavozdehellin.com\/noticias\/?p=151697"},"modified":"2024-11-25T19:24:43","modified_gmt":"2024-11-25T17:24:43","slug":"v08-857-cabanero-asiste-en-sevilla-a-la-reunion-de-la-comision-de-diputaciones-de-la-femp-que-ha-ahondado-en-el-proyecto-de-ojm-cuya-experiencia-piloto-impulso-en-albacete-el-ministerio-de-justicia-co","status":"publish","type":"post","link":"https:\/\/lavozdehellin.com\/noticias\/v08-857-cabanero-asiste-en-sevilla-a-la-reunion-de-la-comision-de-diputaciones-de-la-femp-que-ha-ahondado-en-el-proyecto-de-ojm-cuya-experiencia-piloto-impulso-en-albacete-el-ministerio-de-justicia-co\/","title":{"rendered":"LVH NOTICIAS | CABA\u00d1ERO ASISTE EN SEVILLA A LA REUNI\u00d3N DE LA COMISI\u00d3N DE DIPUTACIONES DE LA FEMP, QUE HA AHONDADO EN EL PROYECTO DE OJM CUYA EXPERIENCIA PILOTO IMPULS\u00d3 EN ALBACETE EL MINISTERIO DE JUSTICIA CON LA COLABORACI\u00d3N DE LA DIPUTACI\u00d3N"},"content":{"rendered":"<p style=\"text-align: justify;\">El presidente de la Diputaci\u00f3n de Albacete, Santi Caba\u00f1ero, ha participado este lunes en la reuni\u00f3n de la Comisi\u00f3n de Diputaciones Provinciales, Cabildos y Consejos Insulares de la Federaci\u00f3n Espa\u00f1ola de Municipios y Provincias (FEMP) que se ha celebrado en Sevilla.<\/p>\n<p><!--more--><br \/>\n<!--publicidad-voz01--><a href=\"https:\/\/www.facebook.com\/SoloRadioHellin\/?locale=es_ES\"><img decoding=\"async\" class=\"alignnone size-medium\" src=\"https:\/\/blogger.googleusercontent.com\/img\/b\/R29vZ2xl\/AVvXsEiNncirNnyGedv00mhjZjh5Wl4_YPdJGanoAl8tL8zH-HwqE8uHqjEfSt340RHdx-9tuCSIkZ8rFamZiGyYlgDGxCsmXjCH_1xk5eYM3ntFZRvJP_jndOKR7w1UAo9Tu0vrZyOLfqRpHIxYI5SymJJ-pfGCQw6QVpggBH-UgfjiFQ2JOxqxG0Jx94kW83c\/s1600\/logo-principal.jpg\" width=\"100%\" height=\"100\" \/><\/a><!--bestpublic-voz01--><!--desk-in-out-voz01--><br \/>\n<!--publicidad-voz02--><a href=\"https:\/\/www.hellincf.com\/\"><img decoding=\"async\" class=\"alignnone size-medium\" src=\"https:\/\/blogger.googleusercontent.com\/img\/b\/R29vZ2xl\/AVvXsEhuZ4-XfBVj3UtdP8-RZugy3WVrg-Zv28c53m4oV47qYCxL1rX_dqWX_YddsGSnpH5SRDqZ7bZeKPIfDVCDncpjVlhy3aQs2vojcJBn7Gdv9hC2_Nzct_pRFrnFE1a7KTCdY1bT_kAgnY3-iadRZrGeJf1fR2P5fu11bokx0pWjaypoy-ctwCjklldpEbA\/s1600\/logo-principal7.jpg\" width=\"100%\" height=\"100\" \/><\/a><!--bestpublic-voz02--><!--desk-in-out-voz02--><\/p>\n<p style=\"text-align: justify;\">Un encuentro que ha tenido lugar en el emblem\u00e1tico edificio del antiguo cuartel de la Puerta de la Carne, actual sede provincial, y en San Luis de los Franceses, una joya arquitect\u00f3nica del Barroco sevillano, y en el que presidente de la Diputaci\u00f3n sevillana y vicepresidente de dicho \u00f3rgano de la FEMP, Javier Fern\u00e1ndez, ha ejercido de anfitri\u00f3n. Javier Aureliano Garc\u00eda, presidente de la Diputaci\u00f3n de Almer\u00eda y de la Comisi\u00f3n, ha defendido en la cita el apoyo provincial a los peque\u00f1os municipios, para que \u201cpuedan disponer de los mismos servicios que las capitales\u201d.<\/p>\n<p style=\"text-align: justify;\">Los y las representantes de los gobiernos provinciales e insulares han subrayado su papel como vertebradores del territorio y como garant\u00eda de cohesi\u00f3n social, territorial y digital y, como viene siendo una constante en los \u00faltimos a\u00f1os, han analizando su papel en la distribuci\u00f3n de los fondos europeos.<\/p>\n<p style=\"text-align: justify;\">Uno de los temas destacados a abordar ha sido el del Proyecto de Oficinas Judiciales en los Municipios (OJM) que, precisamente, comenz\u00f3 como su \u2018experiencia piloto\u2019 en la provincia de Albacete de la mano de la Diputaci\u00f3n, demostrando ser un modelo innovador y efectivo de modernizaci\u00f3n administrativa al servicio de la cohesi\u00f3n social y territorial.<\/p>\n<p style=\"text-align: justify;\">A partir de esta experiencia, Santi Caba\u00f1ero ha podido comentar en Sevilla c\u00f3mo este proyecto comenz\u00f3 a caminar en el territorio albacetense de la mano del compromiso de la Diputaci\u00f3n con la innovaci\u00f3n tecnol\u00f3gica en materia de administraci\u00f3n electr\u00f3nica. Un \u00e1mbito donde la plataforma \u2018Sedipualba\u2019, desarrollada \u00edntegramente por personal p\u00fablico de la instituci\u00f3n provincial de Albacete, ha sido fundamental en la automatizaci\u00f3n y optimizaci\u00f3n de procesos administrativos y judiciales, conectando diariamente a miles de empleados p\u00fablicos de m\u00e1s de 1.000 administraciones y entidades de todos los puntos del pa\u00eds.<\/p>\n<p style=\"text-align: justify;\">Pasos hacia una Justicia m\u00e1s cercana mediante una administraci\u00f3n m\u00e1s modernizada<\/p>\n<p style=\"text-align: justify;\">Caba\u00f1ero ha se\u00f1alado c\u00f3mo esa experiencia piloto de las OJM que se impuls\u00f3 en la agrupaci\u00f3n judicial de Tarazona de la Mancha fue marcando entre los vecinos y vecinas de las distintas localidades a las que iba llegando \u2018un antes y un despu\u00e9s\u2019 en cuanto a la cercan\u00eda y la protecci\u00f3n que la poblaci\u00f3n del medio rural sent\u00eda con respecto a la Justicia y m\u00faltiples tr\u00e1mites vinculados.<\/p>\n<p style=\"text-align: justify;\">No en vano, ese proyecto permiti\u00f3 que residentes de peque\u00f1os municipios pudieran accedan a servicios judiciales y administrativos de manera eficiente y sin largas esperas sin salir de sus respectivos municipios. Un modelo que ha revitalizado los antiguos juzgados de paz, permitiendo la solicitud de documentos oficiales y el acceso a servicios digitales personalizados avanzando hacia un modelo de registro civil \u00fanico.<\/p>\n<p style=\"text-align: justify;\">El presidente de la Diputaci\u00f3n ha se\u00f1alado c\u00f3mo gracias a tecnolog\u00edas como las que emplea \u2018Sedipualba\u2019 y el innovador canal de atenci\u00f3n ciudadana mediante \u2018Telepresencia\u2019 tambi\u00e9n impulsado por la Diputaci\u00f3n, cualquier vecino puede conectarse en tiempo real con personal funcionario de la instituci\u00f3n provincial que le ayuda a resolver desde su propio ayuntamiento diversos tr\u00e1mites con la administraci\u00f3n, incluyendo algunos de la Direcci\u00f3n General de Tr\u00e1fico que, de hecho, ha sido otro de los temas sobre los que se ha hablado en este reuni\u00f3n de la comisi\u00f3n de diputaciones de la FEMP.<\/p>\n<p style=\"text-align: justify;\">Caba\u00f1ero ha enfatizado la importancia de seguir impulsando este tipo de proyectos que son claves para reducir la \u2018brecha digital\u2019 que, especialmente, afecta a las zonas rurales, donde la poblaci\u00f3n es m\u00e1s vulnerable. \u201cNo es asumible que nadie pierda una oportunidad por no vivir en una gran poblaci\u00f3n o por no tener acceso a la tecnolog\u00eda\u201d, ha afirmado el presidente de la Diputaci\u00f3n de Albacete.<\/p>\n<p><!--publicidad-voz03--><a href=\"https:\/\/www.facebook.com\/profile.php?id=100063593791305&amp;locale=es_ES\"><img decoding=\"async\" class=\"alignnone size-medium\" src=\"https:\/\/blogger.googleusercontent.com\/img\/b\/R29vZ2xl\/AVvXsEi8_n_ll8UOcGxCqzFvb_9Io4ICczlGC990BPtPj2w9Px-u7B3oqWUW5vtjZUqPNJ-nyjiUIorE0ATsib_l5tV8BVN-UJ03RTnU__IHJF_4DgDBtY4LIqXNG-FomrO-7ywes20CBCRM2Hcm7EJSh3UUw1dO-c_uTflUrtgY1i7uBRezj_DpympmEFkfbQY\/s1600\/logo-principal2.jpg\" width=\"100%\" height=\"100\" \/><\/a><!--bestpublic-voz03--><!--desk-in-out-voz03--><br \/>\n<!--publicidad-voz04--><a href=\"https:\/\/www.facebook.com\/profile.php?id=61557370768692&amp;locale=es_ES\"><img decoding=\"async\" class=\"alignnone size-medium\" src=\"https:\/\/blogger.googleusercontent.com\/img\/b\/R29vZ2xl\/AVvXsEgy5RdcfffrnrItnYTcV9bCJjgJwldsQLWssfVfrLbyfXeBNTFKgBf0rMIvhrUaGUhiXzVr9_eQgCbi-j63ZDpfTvLIty9w7s140y-m1yHe7eKmEK7v2NAHUJDVYGdfeiQFeRCqUjdwWmN1MX_AUxxz4IVdJ4WIM0APxit8bjWkXzrnEFGqBvW_1F13H1g\/s1600\/logo-principal5.jpg\" width=\"100%\" height=\"100\" \/><\/a><!--bestpublic-voz04--><!--desk-in-out-voz04--><br \/>\n<!--publicidad-voz05--><a href=\"https:\/\/www.facebook.com\/asociaciontamborileroshellin?locale=es_ES\"><img decoding=\"async\" class=\"alignnone size-medium\" src=\"https:\/\/blogger.googleusercontent.com\/img\/b\/R29vZ2xl\/AVvXsEhHEEpZsKK1VpwiYMrS7aE2ujtqIDZoLd4B5wtbiseSU9s2HdTdQfhF84So2XwEB1fv0BLw95GADm6hUl1bkKtzh-eIgVigXONuu_5RxeIMPhjk8q6uNX4EaEHbooKkbu7pCADWPpVJjhKIH5NQSJpWqedC-YBez4QAQeJYokkLot9bhrIaUAeztsGis6M\/s1600\/logo-principal3.jpg\" width=\"100%\" height=\"100\" \/><\/a><!--bestpublic-voz05--><!--desk-in-out-voz05--><br \/>\n<!--publicidad-voz06--><!--bestpublic-voz06--><!--desk-in-out-voz06--><br \/>\n<!--publicidad-voz07--><!--bestpublic-voz07--><!--desk-in-out-voz07--><br \/>\n<!--publicidad-voz08--><!--bestpublic-voz08--><!--desk-in-out-voz08--><br \/>\n<!--publicidad-voz09--><!--bestpublic-voz09--><!--desk-in-out-voz09--><br \/>\n<!--publicidad-voz10--><!--bestpublic-voz10--><!--desk-in-out-voz10--><br \/>\n<!--publicidad-voz11--><!--bestpublic-voz11--><!--desk-in-out-voz11--><br \/>\n<!--publicidad-voz12--><!--bestpublic-voz12--><!--desk-in-out-voz12--><br \/>\n<!--publicidad-voz13--><!--bestpublic-voz13--><!--desk-in-out-voz13--><br \/>\n<!--publicidad-voz14--><!--bestpublic-voz14--><!--desk-in-out-voz14--><br \/>\n<!--publicidad-voz15--><!--bestpublic-voz15--><!--desk-in-out-voz15--><br \/>\n<!--publicidad-voz16--><!--bestpublic-voz16--><!--desk-in-out-voz16--><\/p>\n","protected":false},"excerpt":{"rendered":"<p>El presidente de la Diputaci\u00f3n de Albacete, Santi Caba\u00f1ero, ha participado este lunes en la reuni\u00f3n de la Comisi\u00f3n de Diputaciones Provinciales, Cabildos y Consejos Insulares de la Federaci\u00f3n Espa\u00f1ola&#8230;<\/p>\n","protected":false},"author":2,"featured_media":151698,"comment_status":"closed","ping_status":"closed","sticky":false,"template":"","format":"standard","meta":{"footnotes":""},"categories":[755,718,715,716,717],"tags":[],"class_list":["post-151697","post","type-post","status-publish","format-standard","has-post-thumbnail","hentry","category-blog-lv036","category-blogger","category-la-voz-de-hellin","category-la-voz-de-hellin-la-voz-de-hellin","category-noticias"],"_links":{"self":[{"href":"https:\/\/lavozdehellin.com\/noticias\/wp-json\/wp\/v2\/posts\/151697","targetHints":{"allow":["GET"]}}],"collection":[{"href":"https:\/\/lavozdehellin.com\/noticias\/wp-json\/wp\/v2\/posts"}],"about":[{"href":"https:\/\/lavozdehellin.com\/noticias\/wp-json\/wp\/v2\/types\/post"}],"author":[{"embeddable":true,"href":"https:\/\/lavozdehellin.com\/noticias\/wp-json\/wp\/v2\/users\/2"}],"replies":[{"embeddable":true,"href":"https:\/\/lavozdehellin.com\/noticias\/wp-json\/wp\/v2\/comments?post=151697"}],"version-history":[{"count":0,"href":"https:\/\/lavozdehellin.com\/noticias\/wp-json\/wp\/v2\/posts\/151697\/revisions"}],"wp:featuredmedia":[{"embeddable":true,"href":"https:\/\/lavozdehellin.com\/noticias\/wp-json\/wp\/v2\/media\/151698"}],"wp:attachment":[{"href":"https:\/\/lavozdehellin.com\/noticias\/wp-json\/wp\/v2\/media?parent=151697"}],"wp:term":[{"taxonomy":"category","embeddable":true,"href":"https:\/\/lavozdehellin.com\/noticias\/wp-json\/wp\/v2\/categories?post=151697"},{"taxonomy":"post_tag","embeddable":true,"href":"https:\/\/lavozdehellin.com\/noticias\/wp-json\/wp\/v2\/tags?post=151697"}],"curies":[{"name":"wp","href":"https:\/\/api.w.org\/{rel}","templated":true}]}}