{"id":151703,"date":"2024-07-02T13:19:02","date_gmt":"2024-07-02T11:19:02","guid":{"rendered":"https:\/\/lavozdehellin.com\/noticias\/?p=151703"},"modified":"2024-11-25T19:24:43","modified_gmt":"2024-11-25T17:24:43","slug":"v08-859-cabanero-subraya-el-impulso-cualitativo-de-progreso-que-el-hub-logistico-de-airbus-helicopters-imprime-a-la-provincia-de-albacete-como-centro-de-operaciones-de-la-industria-de-helico","status":"publish","type":"post","link":"https:\/\/lavozdehellin.com\/noticias\/v08-859-cabanero-subraya-el-impulso-cualitativo-de-progreso-que-el-hub-logistico-de-airbus-helicopters-imprime-a-la-provincia-de-albacete-como-centro-de-operaciones-de-la-industria-de-helico\/","title":{"rendered":"LVH NOTICIAS | CABA\u00d1ERO SUBRAYA EL IMPULSO CUALITATIVO DE PROGRESO QUE EL HUB LOG\u00cdSTICO DE AIRBUS HELICOPTERS IMPRIME A LA PROVINCIA DE ALBACETE COMO \u2018CENTRO DE OPERACIONES\u2019 DE LA INDUSTRIA DE HELIC\u00d3PTEROS EN ESPA\u00d1A"},"content":{"rendered":"<p style=\"text-align: justify;\">Este martes, en el Pol\u00edgono Aeron\u00e1utico y Log\u00edstico de Albacete, se ha inaugurado oficialmente el HUB Log\u00edstico Industrial de Airbus Helicopters en Espa\u00f1a, un proyecto que marca un hito significativo para la industria aeron\u00e1utica del pa\u00eds y consolida a Albacete como \u2018centro de operaciones\u2019 de la industria de helic\u00f3pteros en Espa\u00f1a, tal y como ha puesto en valor el presidente de la Diputaci\u00f3n de Albacete, Santi Caba\u00f1ero, que ha asistido acompa\u00f1ado del vicepresidente, Fran Valera.<\/p>\n<p><!--more--><br \/>\n<!--publicidad-voz01--><a href=\"https:\/\/www.facebook.com\/SoloRadioHellin\/?locale=es_ES\"><img decoding=\"async\" class=\"alignnone size-medium\" src=\"https:\/\/blogger.googleusercontent.com\/img\/b\/R29vZ2xl\/AVvXsEiNncirNnyGedv00mhjZjh5Wl4_YPdJGanoAl8tL8zH-HwqE8uHqjEfSt340RHdx-9tuCSIkZ8rFamZiGyYlgDGxCsmXjCH_1xk5eYM3ntFZRvJP_jndOKR7w1UAo9Tu0vrZyOLfqRpHIxYI5SymJJ-pfGCQw6QVpggBH-UgfjiFQ2JOxqxG0Jx94kW83c\/s1600\/logo-principal.jpg\" width=\"100%\" height=\"100\" \/><\/a><!--bestpublic-voz01--><!--desk-in-out-voz01--><br \/>\n<!--publicidad-voz02--><a href=\"https:\/\/www.hellincf.com\/\"><img decoding=\"async\" class=\"alignnone size-medium\" src=\"https:\/\/blogger.googleusercontent.com\/img\/b\/R29vZ2xl\/AVvXsEhuZ4-XfBVj3UtdP8-RZugy3WVrg-Zv28c53m4oV47qYCxL1rX_dqWX_YddsGSnpH5SRDqZ7bZeKPIfDVCDncpjVlhy3aQs2vojcJBn7Gdv9hC2_Nzct_pRFrnFE1a7KTCdY1bT_kAgnY3-iadRZrGeJf1fR2P5fu11bokx0pWjaypoy-ctwCjklldpEbA\/s1600\/logo-principal7.jpg\" width=\"100%\" height=\"100\" \/><\/a><!--bestpublic-voz02--><!--desk-in-out-voz02--><\/p>\n<p style=\"text-align: justify;\">El evento, encabezado por el presidente del Gobierno de Espa\u00f1a, Pedro S\u00e1nchez, y el de Castilla-La Mancha, Emiliano Garc\u00eda-Page, tambi\u00e9n ha reunido a Margarita Robles, ministra de Defensa; Fernando Grande-Marlaska, ministro del Interior; y Jordi Hereu, ministro de Industria y Turismo; as\u00ed como a la delegada del Gobierno, Milagros Tol\u00f3n; la vicepresidenta de las Cortes de C-LM, Josefina Navarrete; diputados nacionales y provinciales y representantes de la C\u00e1mara Alta. Y, por supuesto, como grandes \u2018anfitriones\u2019, a Guillaume Faury, CEO de Airbus y presidente de la Asociaci\u00f3n de Industrias Aeroespaciales de Francia (GIFAS) que tambi\u00e9n ha sido recientemente nombrado presidente de la Asociaci\u00f3n Europea de Industrias Aeroespaciales, de Seguridad y Defensa (ASD); Bruno Even, CEO de Airbus Helicopters; y Fernando Lombo, director de Airbus Helicopters en Espa\u00f1a.<\/p>\n<p style=\"text-align: justify;\">Una gran inauguraci\u00f3n que, como ha tenido ocasi\u00f3n de comentar Caba\u00f1ero, imprime \u201cun impulso cualitativo de progreso\u201d a la provincia, tras ver realizado el que ha calificado como \u201cla materializaci\u00f3n de uno de los mayores compromisos que se han \u2018peleado\u2019 (y conseguido)\u201d en este territorio en favor de un concepto de avance totalmente orientado a la innovaci\u00f3n y la modernidad, haciendo valer tanto su ubicaci\u00f3n estrat\u00e9gica como su trayectoria al alza en materia de industria aeron\u00e1utica a lo largo de los a\u00f1os.<\/p>\n<p style=\"text-align: justify;\">Un \u2018foco\u2019 de presente y futuro que, ha se\u00f1alado, viene a encarnar tambi\u00e9n algo que es, si cabe, mucho m\u00e1s trascendental en esa idea de progreso: esa formaci\u00f3n que, adaptada a las potencialidades del territorio, tiene el incalculable valor de mejorar la cualificaci\u00f3n profesional y la empleabilidad de quienes la reciben.<\/p>\n<p style=\"text-align: justify;\">Innovaci\u00f3n y modernidad se dan la mano en el HUB Log\u00edstico, operado por Daher<\/p>\n<p style=\"text-align: justify;\">El HUB Log\u00edstico de Airbus Helicopters en Albacete cuenta con unas instalaciones de 5.000 m\u00b2 y se espera que genere hasta 350 nuevos puestos de trabajo directos que se sumar\u00e1n a los 900 empleos ya existentes. La planta, con una extensi\u00f3n total de 46.000 m\u00b2, gestionar\u00e1 los flujos log\u00edsticos entrantes desde distintas partes del mundo y su env\u00edo a las plantas de producci\u00f3n de helic\u00f3pteros en Francia, Alemania y Albacete. Se estima un tr\u00e1fico diario de 100 movimientos de veh\u00edculos pesados, con la entrada de 2.000 piezas y la salida de 5.000 piezas diariamente.<\/p>\n<p style=\"text-align: justify;\">El centro ser\u00e1 operado por Daher y estar\u00e1 altamente automatizado, con una flota de unos 20 robots encargados de los trabajos de clasificaci\u00f3n y almacenaje de piezas. Airbus Helicopters concentrar\u00e1 en esta planta todas las piezas de sus distintos modelos de helic\u00f3pteros, optimizando as\u00ed la relaci\u00f3n con m\u00e1s de 1.200 proveedores y mejorando la eficiencia log\u00edstica.<\/p>\n<p style=\"text-align: justify;\">Impacto positivo en la formaci\u00f3n cualificada y el empleo<\/p>\n<p style=\"text-align: justify;\">Caba\u00f1ero tambi\u00e9n ha tenido ocasi\u00f3n de poner en valor la importancia de la formaci\u00f3n profesional que se ha vinculado a este proyecto, fruto de un s\u00f3lido compromiso \u2018a varias bandas\u2019: de un lado, el de las administraciones, con el Gobierno de Espa\u00f1a y de C-LM a la cabeza, uni\u00e9ndose para dar este impulso definitivo a esta gran \u2018Estrategia nacional\u2019 que mira de lleno a Albacete.<\/p>\n<p style=\"text-align: justify;\">De otra parte, vital, se ha referido a la potente apuesta del \u00e1mbito privado, encarnado en Airbus Helicopters y Daher, y tambi\u00e9n en la Confederaci\u00f3n Empresarial de esta provincia (FEDA), en cuyas instalaciones se ha cursado parte de las formaciones espec\u00edficas ligadas a este centro.<\/p>\n<p style=\"text-align: justify;\">\u201cCreo firmemente que no hay mayor \u00e9xito para el progreso, para la creaci\u00f3n de un empleo de garant\u00edas, que el af\u00e1n de no formar para \u2018expulsar\u2019; de no formar para que luego la gente tenga que buscar las oportunidades lejos del territorio en el que se forma; aqu\u00ed se ha formado dirigiendo la formaci\u00f3n a las necesidades para dar a esas personas las oportunidades aqu\u00ed, aprovechando y fomentando el talento\u00bb, ha comentado Caba\u00f1ero.<\/p>\n<p style=\"text-align: justify;\">Tras la inauguraci\u00f3n, el presidente de la Diputaci\u00f3n ha reiterado su agradecimiento tanto a los y las responsables de Airbus Helicopters y Daher \u201cque, no s\u00f3lo no han dudado nunca en apostar por Albacete, sino que han seguido apostando con valent\u00eda y determinaci\u00f3n por este territorio en toda circunstancia\u201d. Agradecimiento en el que tambi\u00e9n ha incluido a todas las administraciones que han \u2018remando en la misma direcci\u00f3n\u2019 para hacer posible este hito.<\/p>\n<p style=\"text-align: justify;\">El nuevo HUB Log\u00edstico de Airbus Helicopters en Albacete no s\u00f3lo representa un avance significativo en la capacidad log\u00edstica de la empresa, sino que simboliza un compromiso s\u00f3lido con el desarrollo econ\u00f3mico, tecnol\u00f3gico y social de la provincia. Este centro de innovaci\u00f3n y modernidad refuerza el liderazgo de Albacete en la industria aeron\u00e1utica y \u2018suma\u2019 hacia un futuro m\u00e1s pr\u00f3spero para la zona y sus habitantes.<\/p>\n<p><!--publicidad-voz03--><a href=\"https:\/\/www.facebook.com\/profile.php?id=100063593791305&amp;locale=es_ES\"><img decoding=\"async\" class=\"alignnone size-medium\" src=\"https:\/\/blogger.googleusercontent.com\/img\/b\/R29vZ2xl\/AVvXsEi8_n_ll8UOcGxCqzFvb_9Io4ICczlGC990BPtPj2w9Px-u7B3oqWUW5vtjZUqPNJ-nyjiUIorE0ATsib_l5tV8BVN-UJ03RTnU__IHJF_4DgDBtY4LIqXNG-FomrO-7ywes20CBCRM2Hcm7EJSh3UUw1dO-c_uTflUrtgY1i7uBRezj_DpympmEFkfbQY\/s1600\/logo-principal2.jpg\" width=\"100%\" height=\"100\" \/><\/a><!--bestpublic-voz03--><!--desk-in-out-voz03--><br \/>\n<!--publicidad-voz04--><a href=\"https:\/\/www.facebook.com\/profile.php?id=61557370768692&amp;locale=es_ES\"><img decoding=\"async\" class=\"alignnone size-medium\" src=\"https:\/\/blogger.googleusercontent.com\/img\/b\/R29vZ2xl\/AVvXsEgy5RdcfffrnrItnYTcV9bCJjgJwldsQLWssfVfrLbyfXeBNTFKgBf0rMIvhrUaGUhiXzVr9_eQgCbi-j63ZDpfTvLIty9w7s140y-m1yHe7eKmEK7v2NAHUJDVYGdfeiQFeRCqUjdwWmN1MX_AUxxz4IVdJ4WIM0APxit8bjWkXzrnEFGqBvW_1F13H1g\/s1600\/logo-principal5.jpg\" width=\"100%\" height=\"100\" \/><\/a><!--bestpublic-voz04--><!--desk-in-out-voz04--><br \/>\n<!--publicidad-voz05--><a href=\"https:\/\/www.facebook.com\/asociaciontamborileroshellin?locale=es_ES\"><img decoding=\"async\" class=\"alignnone size-medium\" src=\"https:\/\/blogger.googleusercontent.com\/img\/b\/R29vZ2xl\/AVvXsEhHEEpZsKK1VpwiYMrS7aE2ujtqIDZoLd4B5wtbiseSU9s2HdTdQfhF84So2XwEB1fv0BLw95GADm6hUl1bkKtzh-eIgVigXONuu_5RxeIMPhjk8q6uNX4EaEHbooKkbu7pCADWPpVJjhKIH5NQSJpWqedC-YBez4QAQeJYokkLot9bhrIaUAeztsGis6M\/s1600\/logo-principal3.jpg\" width=\"100%\" height=\"100\" \/><\/a><!--bestpublic-voz05--><!--desk-in-out-voz05--><br \/>\n<!--publicidad-voz06--><!--bestpublic-voz06--><!--desk-in-out-voz06--><br \/>\n<!--publicidad-voz07--><!--bestpublic-voz07--><!--desk-in-out-voz07--><br \/>\n<!--publicidad-voz08--><!--bestpublic-voz08--><!--desk-in-out-voz08--><br \/>\n<!--publicidad-voz09--><!--bestpublic-voz09--><!--desk-in-out-voz09--><br \/>\n<!--publicidad-voz10--><!--bestpublic-voz10--><!--desk-in-out-voz10--><br \/>\n<!--publicidad-voz11--><!--bestpublic-voz11--><!--desk-in-out-voz11--><br \/>\n<!--publicidad-voz12--><!--bestpublic-voz12--><!--desk-in-out-voz12--><br \/>\n<!--publicidad-voz13--><!--bestpublic-voz13--><!--desk-in-out-voz13--><br \/>\n<!--publicidad-voz14--><!--bestpublic-voz14--><!--desk-in-out-voz14--><br \/>\n<!--publicidad-voz15--><!--bestpublic-voz15--><!--desk-in-out-voz15--><br \/>\n<!--publicidad-voz16--><!--bestpublic-voz16--><!--desk-in-out-voz16--><\/p>\n","protected":false},"excerpt":{"rendered":"<p>Este martes, en el Pol\u00edgono Aeron\u00e1utico y Log\u00edstico de Albacete, se ha inaugurado oficialmente el HUB Log\u00edstico Industrial de Airbus Helicopters en Espa\u00f1a, un proyecto que marca un hito significativo&#8230;<\/p>\n","protected":false},"author":2,"featured_media":151704,"comment_status":"closed","ping_status":"closed","sticky":false,"template":"","format":"standard","meta":{"footnotes":""},"categories":[755,718,715,716,717],"tags":[],"class_list":["post-151703","post","type-post","status-publish","format-standard","has-post-thumbnail","hentry","category-blog-lv036","category-blogger","category-la-voz-de-hellin","category-la-voz-de-hellin-la-voz-de-hellin","category-noticias"],"_links":{"self":[{"href":"https:\/\/lavozdehellin.com\/noticias\/wp-json\/wp\/v2\/posts\/151703","targetHints":{"allow":["GET"]}}],"collection":[{"href":"https:\/\/lavozdehellin.com\/noticias\/wp-json\/wp\/v2\/posts"}],"about":[{"href":"https:\/\/lavozdehellin.com\/noticias\/wp-json\/wp\/v2\/types\/post"}],"author":[{"embeddable":true,"href":"https:\/\/lavozdehellin.com\/noticias\/wp-json\/wp\/v2\/users\/2"}],"replies":[{"embeddable":true,"href":"https:\/\/lavozdehellin.com\/noticias\/wp-json\/wp\/v2\/comments?post=151703"}],"version-history":[{"count":0,"href":"https:\/\/lavozdehellin.com\/noticias\/wp-json\/wp\/v2\/posts\/151703\/revisions"}],"wp:featuredmedia":[{"embeddable":true,"href":"https:\/\/lavozdehellin.com\/noticias\/wp-json\/wp\/v2\/media\/151704"}],"wp:attachment":[{"href":"https:\/\/lavozdehellin.com\/noticias\/wp-json\/wp\/v2\/media?parent=151703"}],"wp:term":[{"taxonomy":"category","embeddable":true,"href":"https:\/\/lavozdehellin.com\/noticias\/wp-json\/wp\/v2\/categories?post=151703"},{"taxonomy":"post_tag","embeddable":true,"href":"https:\/\/lavozdehellin.com\/noticias\/wp-json\/wp\/v2\/tags?post=151703"}],"curies":[{"name":"wp","href":"https:\/\/api.w.org\/{rel}","templated":true}]}}