{"id":151709,"date":"2024-07-03T13:41:26","date_gmt":"2024-07-03T11:41:26","guid":{"rendered":"https:\/\/lavozdehellin.com\/noticias\/?p=151709"},"modified":"2024-11-25T19:24:42","modified_gmt":"2024-11-25T17:24:42","slug":"v08-861-la-diputacion-de-albacete-y-joma-presentan-una-zapatilla-de-edicion-especial-para-los-circuitos-deportivos-provinciales","status":"publish","type":"post","link":"https:\/\/lavozdehellin.com\/noticias\/v08-861-la-diputacion-de-albacete-y-joma-presentan-una-zapatilla-de-edicion-especial-para-los-circuitos-deportivos-provinciales\/","title":{"rendered":"LVH NOTICIAS | LA DIPUTACI\u00d3N DE ALBACETE Y JOMA PRESENTAN UNA ZAPATILLA DE EDICI\u00d3N ESPECIAL PARA LOS CIRCUITOS DEPORTIVOS PROVINCIALES"},"content":{"rendered":"<p style=\"text-align: justify;\">Los Circuitos Deportivos de la Diputaci\u00f3n de Albacete tendr\u00e1n su propia zapatilla. Un \u2018hito\u2019 m\u00e1s dentro de la historia de estrecha colaboraci\u00f3n que la propia instituci\u00f3n provincial y Joma vienen materializando desde hace m\u00e1s de veintid\u00f3s a\u00f1os.<\/p>\n<p><!--more--><br \/>\n<!--publicidad-voz01--><a href=\"https:\/\/www.facebook.com\/SoloRadioHellin\/?locale=es_ES\"><img decoding=\"async\" class=\"alignnone size-medium\" src=\"https:\/\/blogger.googleusercontent.com\/img\/b\/R29vZ2xl\/AVvXsEiNncirNnyGedv00mhjZjh5Wl4_YPdJGanoAl8tL8zH-HwqE8uHqjEfSt340RHdx-9tuCSIkZ8rFamZiGyYlgDGxCsmXjCH_1xk5eYM3ntFZRvJP_jndOKR7w1UAo9Tu0vrZyOLfqRpHIxYI5SymJJ-pfGCQw6QVpggBH-UgfjiFQ2JOxqxG0Jx94kW83c\/s1600\/logo-principal.jpg\" width=\"100%\" height=\"100\" \/><\/a><!--bestpublic-voz01--><!--desk-in-out-voz01--><br \/>\n<!--publicidad-voz02--><a href=\"https:\/\/www.hellincf.com\/\"><img decoding=\"async\" class=\"alignnone size-medium\" src=\"https:\/\/blogger.googleusercontent.com\/img\/b\/R29vZ2xl\/AVvXsEhuZ4-XfBVj3UtdP8-RZugy3WVrg-Zv28c53m4oV47qYCxL1rX_dqWX_YddsGSnpH5SRDqZ7bZeKPIfDVCDncpjVlhy3aQs2vojcJBn7Gdv9hC2_Nzct_pRFrnFE1a7KTCdY1bT_kAgnY3-iadRZrGeJf1fR2P5fu11bokx0pWjaypoy-ctwCjklldpEbA\/s1600\/logo-principal7.jpg\" width=\"100%\" height=\"100\" \/><\/a><!--bestpublic-voz02--><!--desk-in-out-voz02--><\/p>\n<p style=\"text-align: justify;\">El presidente de la Diputaci\u00f3n, Santi Caba\u00f1ero, ha presentado el prototipo de la edici\u00f3n especial del modelo de alta gama TR-8 que, con un dise\u00f1o totalmente personalizado y lleno de gui\u00f1os a Albacete, estar\u00e1 dedicado a los m\u00edticos Circuitos Deportivos con los que la instituci\u00f3n provincial viene dinamizando y promocionando el territorio a trav\u00e9s de la fuerza del deporte popular.<\/p>\n<p style=\"text-align: justify;\">Lo ha hecho junto al diputado de Deportes, Dani Sancha; al responsable de Patrocinios de Trail y Atletismo de Joma, Marcos Fern\u00e1ndez; y al atleta profesional de running trail y desarrollador de producto para Joma, Miguel Heras.<\/p>\n<p style=\"text-align: justify;\">\u00abCompartimos con Joma muchas cosas: quiz\u00e1 la m\u00e1s evidente es el territorio. Es un orgullo contar en Castilla-La Mancha con una marca ejemplar en su campo como \u00e9sta; pero tambi\u00e9n nos une algo inquebrantable: la pasi\u00f3n por el deporte y nuestro af\u00e1n por impulsarlo, por democratizarlo\u00ab, ha afirmado Caba\u00f1ero sobre esta gran empresa que, en 1965, naci\u00f3 en Portillo de Toledo del sue\u00f1o de Fructuoso L\u00f3pez y que se ha consolidado como un referente en calzado deportivo, con presencia en m\u00e1s de 120 pa\u00edses y empleando a m\u00e1s de 3.000 personas en todo el mundo.<\/p>\n<p style=\"text-align: justify;\">Entidad \u201creferente\u201d, como los Circuitos Deportivos Provinciales que impulsa la Diputaci\u00f3n de Albacete y que son, como ha asegurado su presidente, uno de los mayores \u201cmotivos de orgullo\u201d para su Gobierno que, a\u00f1o tras a\u00f1o, no deja de incrementar el apoyo econ\u00f3mico que reciben (este 2024, unos 3.700.000 euros al \u00e1rea deportiva que revierten triplicados al territorio) y que, a su vez, se traduce en una cada vez mayor respuesta de las y los deportistas.<\/p>\n<p style=\"text-align: justify;\">As\u00ed, Caba\u00f1ero ha destacado el \u201ccrecimiento espectacular\u201d en el n\u00famero de inscripciones este a\u00f1o. En Carreras Populares y Trail, 2.855 personas inscritas: un 82% m\u00e1s que en 2023; y en BTT, 1.451, un 89% m\u00e1s que el a\u00f1o pasado. En total, m\u00e1s de 42.000 deportistas tomaron la salida en alguna de las m\u00e1s de 80 pruebas que la Diputaci\u00f3n ofert\u00f3 el pasado ejercicio dentro de esos tres Circuitos.<\/p>\n<p style=\"text-align: justify;\">\u201cLa provincia de Albacete, hecha zapatilla\u201d, para devolver a los y las deportistas el cari\u00f1o que dan a los Circuitos de Diputaci\u00f3n<\/p>\n<p style=\"text-align: justify;\">Una \u201cgran respuesta\u201d popular que, tal y como ha comentado el presidente, se merec\u00eda algo \u2018a la altura\u2019 a esa fidelidad al alza. De la mano de Joma, a lo largo de estos a\u00f1os la Diputaci\u00f3n ha entregado a los y las participantes que han superado el n\u00famero de pruebas m\u00ednimo de sus respectivos Circuitos todo tipo de material deportivo (ch\u00e1ndales, sudaderas, camisetas, etc.). \u201cEsta vez, quer\u00edamos algo especial, que ilusionara y devolviera parte de ese cari\u00f1o que tanta gente viene poniendo durante tanto tiempo en estos Circuitos\u2026\u201d, ha comentado Caba\u00f1ero.<\/p>\n<p style=\"text-align: justify;\">Y Joma, como adquidicataria final de la petici\u00f3n que la Diputaci\u00f3n public\u00f3 en el perfil del contratante para realizar 1.200 pares de una zapatilla especial, ha puesto todo su saber al servicio del reto, materializado en una versi\u00f3n \u00fanica de la zapatilla TR-8 (con caja tambi\u00e9n personalizada) para los Circuitos Provinciales de Albacete que, de esta forma, se equiparan a con otros \u2018grandes\u2019 carreras del mundo (como las de Madrid, Valencia, Ibiza, Par\u00eds y Roma).<\/p>\n<p style=\"text-align: justify;\">El modelo destaca por su dise\u00f1o, con un \u2018360\u00ba\u2019 que evoca cien por cien al territorio. \u201cLa provincia de Albacete hecha zapatilla\u201d, como han coincidido en calificarla. Se inspira en una reinterpretaci\u00f3n de los colores de la bandera albacetense, con granate, blanco, negro y dorado, plasmados de forma elegante. Sobre un upper blanco, totalmente pulcro, destaca el print homenaje a Albacete con flores que recuerdan al bordado de los refajos serranos y, en el interior, otro gui\u00f1o con estampado t\u00edpico del traje manchego. Sin duda, \u201calgo \u00fanico que a cualquier deportista con v\u00ednculo a Albacete le gustar\u00e1 tener y llevar con orgullo\u201d y que, como entre risas ha se\u00f1alado el presidente, har\u00e1 que mucha gente que a\u00fan no lo hace, se plantee salir a correr.<\/p>\n<p style=\"text-align: justify;\">Con el prototipo ya listo y hoy p\u00fablicamente presentado, en diciembre (en las galas de clausura) la Diputaci\u00f3n entregar\u00e1 \u201cesta joya\u201d, en exclusiva, a los y las participantes que completen el n\u00famero de pruebas m\u00ednimo requerido para ello en los distintos Circuitos: 16 de las 45 pruebas de Carreras Populares; 10 de las 15 pruebas de Trail, o 10 de las 37 pruebas de BTT). Ser\u00e1 a partir de enero cuando la marca las saque al mercado.<\/p>\n<p style=\"text-align: justify;\">Tecnolog\u00eda avanzada para unas zapatillas de alto rendimiento<\/p>\n<p style=\"text-align: justify;\">Pero la TR-8 con sello \u2018Circuitos Deportivos de la Diputaci\u00f3n de Albacete\u2019 de Joma es, adem\u00e1s de un ejemplar singular lleno de simbolismo para la provincia, una zapatilla que aporta el m\u00e1ximo rendimiento a trail runners profesionales.<\/p>\n<p style=\"text-align: justify;\">Como ha concretado Marcos Fern\u00e1ndez, el upper est\u00e1 hecho principalmente de mesh t\u00e9cnico con sistema de ventilaci\u00f3n del sudor VTS y ajuste termosellado JOMA SPORTECH para una sujeci\u00f3n c\u00f3moda; la puntera y los laterales tienen refuerzo termosellado PROTECTION para proteger de golpes y evitar la entrada de arena; la mediasuela tiene un drop de 8 mm y es de doble material: la parte trasera utiliza la tecnolog\u00eda FLY REACTIVE para absorci\u00f3n de impactos y la parte delantera, de phylon para estabilidad; y la suela de caucho DURABILITY con tacos de agarre, asegura estabilidad en terrenos de dificultad media-t\u00e9cnica. En definitiva, unas zapatillas que garantizan el control de los movimientos.<\/p>\n<p style=\"text-align: justify;\">El responsable de Patrocinios de Trail y Atletismo de Joma ha aprovechado para agradecer al presidente y al diputado de Deportes \u201csu pasi\u00f3n y su apuesta por ofrecer este valor a\u00f1adido al Circuito de la Diputaci\u00f3n, que es muy importante\u201d.<\/p>\n<p style=\"text-align: justify;\">El atleta salmantino Miguel Heras (hermano de Roberto Eras) que, a sus 48 a\u00f1os, no s\u00f3lo sigue compitiendo en la \u00e9lite, sino que pelea la victoria en las pruebas de mayor prestigio del trial running, desarrolla producto para Joma , faceta que ha asegurado que le apasiona.<\/p>\n<p style=\"text-align: justify;\">Desde su experiencia, ha subrayado que \u201ces la primera vez que se hace una edici\u00f3n limitada pero no de un modelo que ya exist\u00eda, sino de un modelo nuevo\u201d. Desde su papel de a\u00f1os viendo qu\u00e9 funciona y qu\u00e9 no, ha afirmado esta zapatilla le encanta: \u201cVa a ser un producto que le va a gustar a todo tipo de corredores porque Joma, en realidad, cuando piensa en desarrollar un producto, piensa no solamente en la \u00e9lite, sino en todo tipo de corredores\u201d.<\/p>\n<p style=\"text-align: justify;\">Con este gesto, Diputaci\u00f3n de Albacete y Joma siguen uniendo fuerzas para poner en valor el deporte y apoyar a quienes cada d\u00eda hacen de \u00e9l una parte imprescindible de sus vidas y de nuestros pueblos y ciudades reportando, adem\u00e1s de salud, mayor promoci\u00f3n y riqueza al territorio.<\/p>\n<p><!--publicidad-voz03--><a href=\"https:\/\/www.facebook.com\/profile.php?id=100063593791305&amp;locale=es_ES\"><img decoding=\"async\" class=\"alignnone size-medium\" src=\"https:\/\/blogger.googleusercontent.com\/img\/b\/R29vZ2xl\/AVvXsEi8_n_ll8UOcGxCqzFvb_9Io4ICczlGC990BPtPj2w9Px-u7B3oqWUW5vtjZUqPNJ-nyjiUIorE0ATsib_l5tV8BVN-UJ03RTnU__IHJF_4DgDBtY4LIqXNG-FomrO-7ywes20CBCRM2Hcm7EJSh3UUw1dO-c_uTflUrtgY1i7uBRezj_DpympmEFkfbQY\/s1600\/logo-principal2.jpg\" width=\"100%\" height=\"100\" \/><\/a><!--bestpublic-voz03--><!--desk-in-out-voz03--><br \/>\n<!--publicidad-voz04--><a href=\"https:\/\/www.facebook.com\/profile.php?id=61557370768692&amp;locale=es_ES\"><img decoding=\"async\" class=\"alignnone size-medium\" src=\"https:\/\/blogger.googleusercontent.com\/img\/b\/R29vZ2xl\/AVvXsEgy5RdcfffrnrItnYTcV9bCJjgJwldsQLWssfVfrLbyfXeBNTFKgBf0rMIvhrUaGUhiXzVr9_eQgCbi-j63ZDpfTvLIty9w7s140y-m1yHe7eKmEK7v2NAHUJDVYGdfeiQFeRCqUjdwWmN1MX_AUxxz4IVdJ4WIM0APxit8bjWkXzrnEFGqBvW_1F13H1g\/s1600\/logo-principal5.jpg\" width=\"100%\" height=\"100\" \/><\/a><!--bestpublic-voz04--><!--desk-in-out-voz04--><br \/>\n<!--publicidad-voz05--><a href=\"https:\/\/www.facebook.com\/asociaciontamborileroshellin?locale=es_ES\"><img decoding=\"async\" class=\"alignnone size-medium\" src=\"https:\/\/blogger.googleusercontent.com\/img\/b\/R29vZ2xl\/AVvXsEhHEEpZsKK1VpwiYMrS7aE2ujtqIDZoLd4B5wtbiseSU9s2HdTdQfhF84So2XwEB1fv0BLw95GADm6hUl1bkKtzh-eIgVigXONuu_5RxeIMPhjk8q6uNX4EaEHbooKkbu7pCADWPpVJjhKIH5NQSJpWqedC-YBez4QAQeJYokkLot9bhrIaUAeztsGis6M\/s1600\/logo-principal3.jpg\" width=\"100%\" height=\"100\" \/><\/a><!--bestpublic-voz05--><!--desk-in-out-voz05--><br \/>\n<!--publicidad-voz06--><!--bestpublic-voz06--><!--desk-in-out-voz06--><br \/>\n<!--publicidad-voz07--><!--bestpublic-voz07--><!--desk-in-out-voz07--><br \/>\n<!--publicidad-voz08--><!--bestpublic-voz08--><!--desk-in-out-voz08--><br \/>\n<!--publicidad-voz09--><!--bestpublic-voz09--><!--desk-in-out-voz09--><br \/>\n<!--publicidad-voz10--><!--bestpublic-voz10--><!--desk-in-out-voz10--><br \/>\n<!--publicidad-voz11--><!--bestpublic-voz11--><!--desk-in-out-voz11--><br \/>\n<!--publicidad-voz12--><!--bestpublic-voz12--><!--desk-in-out-voz12--><br \/>\n<!--publicidad-voz13--><!--bestpublic-voz13--><!--desk-in-out-voz13--><br \/>\n<!--publicidad-voz14--><!--bestpublic-voz14--><!--desk-in-out-voz14--><br \/>\n<!--publicidad-voz15--><!--bestpublic-voz15--><!--desk-in-out-voz15--><br \/>\n<!--publicidad-voz16--><!--bestpublic-voz16--><!--desk-in-out-voz16--><\/p>\n","protected":false},"excerpt":{"rendered":"<p>Los Circuitos Deportivos de la Diputaci\u00f3n de Albacete tendr\u00e1n su propia zapatilla. Un \u2018hito\u2019 m\u00e1s dentro de la historia de estrecha colaboraci\u00f3n que la propia instituci\u00f3n provincial y Joma vienen&#8230;<\/p>\n","protected":false},"author":2,"featured_media":151710,"comment_status":"closed","ping_status":"closed","sticky":false,"template":"","format":"standard","meta":{"footnotes":""},"categories":[755,718,715,716,717],"tags":[],"class_list":["post-151709","post","type-post","status-publish","format-standard","has-post-thumbnail","hentry","category-blog-lv036","category-blogger","category-la-voz-de-hellin","category-la-voz-de-hellin-la-voz-de-hellin","category-noticias"],"_links":{"self":[{"href":"https:\/\/lavozdehellin.com\/noticias\/wp-json\/wp\/v2\/posts\/151709","targetHints":{"allow":["GET"]}}],"collection":[{"href":"https:\/\/lavozdehellin.com\/noticias\/wp-json\/wp\/v2\/posts"}],"about":[{"href":"https:\/\/lavozdehellin.com\/noticias\/wp-json\/wp\/v2\/types\/post"}],"author":[{"embeddable":true,"href":"https:\/\/lavozdehellin.com\/noticias\/wp-json\/wp\/v2\/users\/2"}],"replies":[{"embeddable":true,"href":"https:\/\/lavozdehellin.com\/noticias\/wp-json\/wp\/v2\/comments?post=151709"}],"version-history":[{"count":0,"href":"https:\/\/lavozdehellin.com\/noticias\/wp-json\/wp\/v2\/posts\/151709\/revisions"}],"wp:featuredmedia":[{"embeddable":true,"href":"https:\/\/lavozdehellin.com\/noticias\/wp-json\/wp\/v2\/media\/151710"}],"wp:attachment":[{"href":"https:\/\/lavozdehellin.com\/noticias\/wp-json\/wp\/v2\/media?parent=151709"}],"wp:term":[{"taxonomy":"category","embeddable":true,"href":"https:\/\/lavozdehellin.com\/noticias\/wp-json\/wp\/v2\/categories?post=151709"},{"taxonomy":"post_tag","embeddable":true,"href":"https:\/\/lavozdehellin.com\/noticias\/wp-json\/wp\/v2\/tags?post=151709"}],"curies":[{"name":"wp","href":"https:\/\/api.w.org\/{rel}","templated":true}]}}