{"id":151712,"date":"2024-07-03T18:58:12","date_gmt":"2024-07-03T16:58:12","guid":{"rendered":"https:\/\/lavozdehellin.com\/noticias\/?p=151712"},"modified":"2024-11-25T19:24:42","modified_gmt":"2024-11-25T17:24:42","slug":"v08-862-cabanero-tiende-la-mano-de-la-diputacion-de-albacete-a-c-lm-inclusiva-cocemfe-para-continuar-fortaleciendo-el-estado-social","status":"publish","type":"post","link":"https:\/\/lavozdehellin.com\/noticias\/v08-862-cabanero-tiende-la-mano-de-la-diputacion-de-albacete-a-c-lm-inclusiva-cocemfe-para-continuar-fortaleciendo-el-estado-social\/","title":{"rendered":"LVH NOTICIAS | CABA\u00d1ERO TIENDE LA MANO DE LA DIPUTACI\u00d3N DE ALBACETE A C-LM INCLUSIVA COCEMFE PARA CONTINUAR FORTALECIENDO EL \u2018ESTADO SOCIAL\u2019"},"content":{"rendered":"<p style=\"text-align: justify;\">El Centro Infanta Leonor de Albacete ha sido el escenario de la Asamblea de C-LM Inclusiva Cocemfe; un evento que, en su clausura, ha contado con la presencia del presidente de la Diputaci\u00f3n de Albacete, Santi Caba\u00f1ero, y del diputado responsable del \u00c1rea Social, Jos\u00e9 Gonz\u00e1lez.<\/p>\n<p><!--more--><br \/>\n<!--publicidad-voz01--><a href=\"https:\/\/www.facebook.com\/SoloRadioHellin\/?locale=es_ES\"><img decoding=\"async\" class=\"alignnone size-medium\" src=\"https:\/\/blogger.googleusercontent.com\/img\/b\/R29vZ2xl\/AVvXsEiNncirNnyGedv00mhjZjh5Wl4_YPdJGanoAl8tL8zH-HwqE8uHqjEfSt340RHdx-9tuCSIkZ8rFamZiGyYlgDGxCsmXjCH_1xk5eYM3ntFZRvJP_jndOKR7w1UAo9Tu0vrZyOLfqRpHIxYI5SymJJ-pfGCQw6QVpggBH-UgfjiFQ2JOxqxG0Jx94kW83c\/s1600\/logo-principal.jpg\" width=\"100%\" height=\"100\" \/><\/a><!--bestpublic-voz01--><!--desk-in-out-voz01--><br \/>\n<!--publicidad-voz02--><a href=\"https:\/\/www.hellincf.com\/\"><img decoding=\"async\" class=\"alignnone size-medium\" src=\"https:\/\/blogger.googleusercontent.com\/img\/b\/R29vZ2xl\/AVvXsEhuZ4-XfBVj3UtdP8-RZugy3WVrg-Zv28c53m4oV47qYCxL1rX_dqWX_YddsGSnpH5SRDqZ7bZeKPIfDVCDncpjVlhy3aQs2vojcJBn7Gdv9hC2_Nzct_pRFrnFE1a7KTCdY1bT_kAgnY3-iadRZrGeJf1fR2P5fu11bokx0pWjaypoy-ctwCjklldpEbA\/s1600\/logo-principal7.jpg\" width=\"100%\" height=\"100\" \/><\/a><!--bestpublic-voz02--><!--desk-in-out-voz02--><\/p>\n<p style=\"text-align: justify;\">Durante su intervenci\u00f3n, Caba\u00f1ero ha destacado la importancia de la colaboraci\u00f3n entre las instituciones p\u00fablicas y las entidades sociosanitarias como C-LM Inclusiva Cocemfe, que trabaja incansablemente en la mejora de la vida de las personas con discapacidad f\u00edsica y org\u00e1nica en la regi\u00f3n, con la mirada puesta en garantizar sus derechos y mejorar sus condiciones de vida y ciudadan\u00eda, y ha felicitado a la entidad en la figura de su presidente, Enrique Alarc\u00f3n, y de su vicepresidente en Albacete, Marcelino Escobar, por la labor que desarrollan.<\/p>\n<p style=\"text-align: justify;\">Un compromiso que, como el propio Caba\u00f1ero ha destacado, vienen demostrando \u201ca diario\u201d no s\u00f3lo con los socios y socias de sus 110 asociaciones, sino con toda la regi\u00f3n y la provincia, \u201ccon esfuerzo y dedicaci\u00f3n\u201d.<\/p>\n<p style=\"text-align: justify;\">El presidente ha resaltado que de la mano de C-LM Inclusiva Cocemfe y del \u201cextraordinario tejido asociativo de la provincia de Albacete\u201d, la Diputaci\u00f3n puede avanzar en su af\u00e1n de favorecer que la ciudadan\u00eda, sin importar su condici\u00f3n, pueda tener una vida lo m\u00e1s plena posible, y ha subrayado el papel fundamental del trabajo conjunto con el tejido asociativo para avanzar en ese \u2018Estado Social\u2019 definido en el primer art\u00edculo de la Constituci\u00f3n Espa\u00f1ola.<\/p>\n<p style=\"text-align: justify;\">Esto supone, ha afirmado Caba\u00f1ero, \u201cque las personas tienen que estar por encima de cualquier otra cosa; que la atenci\u00f3n a las personas no es una cuesti\u00f3n de caridad o solidaridad, es un derecho para las personas y una obligaci\u00f3n para las instituciones\u201d.<\/p>\n<p style=\"text-align: justify;\">El presidente tambi\u00e9n ha aprovechado su presencia en esta asamblea para reafirmar el compromiso de la Diputaci\u00f3n con C-LM Inclusiva Cocemfe y con el Tercer Sector. Y cabe se\u00f1alar, a modo de ejemplo, el convenio de colaboraci\u00f3n que la instituci\u00f3n provincial mantiene con Cocemfe, que no s\u00f3lo representa un apoyo econ\u00f3mico, sino tambi\u00e9n \u201cun reconocimiento\u201d a la labor vital de esta entidad en nuestro territorio.<\/p>\n<p style=\"text-align: justify;\">\u201cLas administraciones debemos estar al lado del Tercer Sector, agradeci\u00e9ndole que sea esa sociedad articulada a trav\u00e9s de colectivos, como C-LM Inclusiva, quien preste unos servicios a los que no vienen obligados, porque somos las administraciones las que estamos obligadas, las que debemos dar respuesta a las diferentes necesidades y realidades\u201d, ha explicado Caba\u00f1ero, destacando que, adem\u00e1s, \u201cponen ese punto de cercan\u00eda, de conocimiento y cari\u00f1o\u201d.<\/p>\n<p style=\"text-align: justify;\">En este sentido, ha remarcado que las instituciones p\u00fablicas tienen que sumar recursos y no mirar para otro lado: \u201cTenemos que estar ah\u00ed, y ah\u00ed est\u00e1 la Diputaci\u00f3n de Albacete, para que todas las personas, pero m\u00e1s las que m\u00e1s necesitan de lo p\u00fablico y, especialmente, las m\u00e1s vulnerables (todos podemos ser vulnerables) tengan las mismas oportunidades y puedan vivir en igualdad\u201d.<\/p>\n<p style=\"text-align: justify;\">Finalmente, Caba\u00f1ero ha animado a la gran \u2018familia\u2019 de C-LM Inclusiva Cocemfe a que mantengan el esp\u00edritu reivindicativo y luchador que les caracteriza para avanzar en los derechos de las personas con discapacidad f\u00edsica y org\u00e1nica, apuntando que siempre contar\u00e1n con el apoyo de la Diputaci\u00f3n, e incidiendo en que \u201ces fundamental que repitamos, una y otra vez, que son derechos\u201d, y ha reiterado, como tambi\u00e9n ha puesto de manifiesto Enrique Alarc\u00f3n, que \u00e9stos pasan por avanzar en la inclusi\u00f3n en el \u00e1mbito laboral, en independencia y autonom\u00eda personal.<\/p>\n<p style=\"text-align: justify;\">La Asamblea ha sido un reflejo del compromiso conjunto por la inclusi\u00f3n y la mejora de la calidad de vida de las personas con discapacidad en Albacete, reafirmando la importancia de la colaboraci\u00f3n entre las administraciones y las entidades del Tercer Sector.<\/p>\n<p><!--publicidad-voz03--><a href=\"https:\/\/www.facebook.com\/profile.php?id=100063593791305&amp;locale=es_ES\"><img decoding=\"async\" class=\"alignnone size-medium\" src=\"https:\/\/blogger.googleusercontent.com\/img\/b\/R29vZ2xl\/AVvXsEi8_n_ll8UOcGxCqzFvb_9Io4ICczlGC990BPtPj2w9Px-u7B3oqWUW5vtjZUqPNJ-nyjiUIorE0ATsib_l5tV8BVN-UJ03RTnU__IHJF_4DgDBtY4LIqXNG-FomrO-7ywes20CBCRM2Hcm7EJSh3UUw1dO-c_uTflUrtgY1i7uBRezj_DpympmEFkfbQY\/s1600\/logo-principal2.jpg\" width=\"100%\" height=\"100\" \/><\/a><!--bestpublic-voz03--><!--desk-in-out-voz03--><br \/>\n<!--publicidad-voz04--><a href=\"https:\/\/www.facebook.com\/profile.php?id=61557370768692&amp;locale=es_ES\"><img decoding=\"async\" class=\"alignnone size-medium\" src=\"https:\/\/blogger.googleusercontent.com\/img\/b\/R29vZ2xl\/AVvXsEgy5RdcfffrnrItnYTcV9bCJjgJwldsQLWssfVfrLbyfXeBNTFKgBf0rMIvhrUaGUhiXzVr9_eQgCbi-j63ZDpfTvLIty9w7s140y-m1yHe7eKmEK7v2NAHUJDVYGdfeiQFeRCqUjdwWmN1MX_AUxxz4IVdJ4WIM0APxit8bjWkXzrnEFGqBvW_1F13H1g\/s1600\/logo-principal5.jpg\" width=\"100%\" height=\"100\" \/><\/a><!--bestpublic-voz04--><!--desk-in-out-voz04--><br \/>\n<!--publicidad-voz05--><a href=\"https:\/\/www.facebook.com\/asociaciontamborileroshellin?locale=es_ES\"><img decoding=\"async\" class=\"alignnone size-medium\" src=\"https:\/\/blogger.googleusercontent.com\/img\/b\/R29vZ2xl\/AVvXsEhHEEpZsKK1VpwiYMrS7aE2ujtqIDZoLd4B5wtbiseSU9s2HdTdQfhF84So2XwEB1fv0BLw95GADm6hUl1bkKtzh-eIgVigXONuu_5RxeIMPhjk8q6uNX4EaEHbooKkbu7pCADWPpVJjhKIH5NQSJpWqedC-YBez4QAQeJYokkLot9bhrIaUAeztsGis6M\/s1600\/logo-principal3.jpg\" width=\"100%\" height=\"100\" \/><\/a><!--bestpublic-voz05--><!--desk-in-out-voz05--><br \/>\n<!--publicidad-voz06--><!--bestpublic-voz06--><!--desk-in-out-voz06--><br \/>\n<!--publicidad-voz07--><!--bestpublic-voz07--><!--desk-in-out-voz07--><br \/>\n<!--publicidad-voz08--><!--bestpublic-voz08--><!--desk-in-out-voz08--><br \/>\n<!--publicidad-voz09--><!--bestpublic-voz09--><!--desk-in-out-voz09--><br \/>\n<!--publicidad-voz10--><!--bestpublic-voz10--><!--desk-in-out-voz10--><br \/>\n<!--publicidad-voz11--><!--bestpublic-voz11--><!--desk-in-out-voz11--><br \/>\n<!--publicidad-voz12--><!--bestpublic-voz12--><!--desk-in-out-voz12--><br \/>\n<!--publicidad-voz13--><!--bestpublic-voz13--><!--desk-in-out-voz13--><br \/>\n<!--publicidad-voz14--><!--bestpublic-voz14--><!--desk-in-out-voz14--><br \/>\n<!--publicidad-voz15--><!--bestpublic-voz15--><!--desk-in-out-voz15--><br \/>\n<!--publicidad-voz16--><!--bestpublic-voz16--><!--desk-in-out-voz16--><\/p>\n","protected":false},"excerpt":{"rendered":"<p>El Centro Infanta Leonor de Albacete ha sido el escenario de la Asamblea de C-LM Inclusiva Cocemfe; un evento que, en su clausura, ha contado con la presencia del presidente&#8230;<\/p>\n","protected":false},"author":2,"featured_media":151713,"comment_status":"closed","ping_status":"closed","sticky":false,"template":"","format":"standard","meta":{"footnotes":""},"categories":[755,718,715,716,717],"tags":[],"class_list":["post-151712","post","type-post","status-publish","format-standard","has-post-thumbnail","hentry","category-blog-lv036","category-blogger","category-la-voz-de-hellin","category-la-voz-de-hellin-la-voz-de-hellin","category-noticias"],"_links":{"self":[{"href":"https:\/\/lavozdehellin.com\/noticias\/wp-json\/wp\/v2\/posts\/151712","targetHints":{"allow":["GET"]}}],"collection":[{"href":"https:\/\/lavozdehellin.com\/noticias\/wp-json\/wp\/v2\/posts"}],"about":[{"href":"https:\/\/lavozdehellin.com\/noticias\/wp-json\/wp\/v2\/types\/post"}],"author":[{"embeddable":true,"href":"https:\/\/lavozdehellin.com\/noticias\/wp-json\/wp\/v2\/users\/2"}],"replies":[{"embeddable":true,"href":"https:\/\/lavozdehellin.com\/noticias\/wp-json\/wp\/v2\/comments?post=151712"}],"version-history":[{"count":0,"href":"https:\/\/lavozdehellin.com\/noticias\/wp-json\/wp\/v2\/posts\/151712\/revisions"}],"wp:featuredmedia":[{"embeddable":true,"href":"https:\/\/lavozdehellin.com\/noticias\/wp-json\/wp\/v2\/media\/151713"}],"wp:attachment":[{"href":"https:\/\/lavozdehellin.com\/noticias\/wp-json\/wp\/v2\/media?parent=151712"}],"wp:term":[{"taxonomy":"category","embeddable":true,"href":"https:\/\/lavozdehellin.com\/noticias\/wp-json\/wp\/v2\/categories?post=151712"},{"taxonomy":"post_tag","embeddable":true,"href":"https:\/\/lavozdehellin.com\/noticias\/wp-json\/wp\/v2\/tags?post=151712"}],"curies":[{"name":"wp","href":"https:\/\/api.w.org\/{rel}","templated":true}]}}