{"id":151715,"date":"2024-07-04T09:01:42","date_gmt":"2024-07-04T07:01:42","guid":{"rendered":"https:\/\/lavozdehellin.com\/noticias\/?p=151715"},"modified":"2024-11-25T19:24:42","modified_gmt":"2024-11-25T17:24:42","slug":"v08-863-la-diputacion-de-albacete-redobla-esfuerzos-para-que-pozohondo-la-recueja-hellin-jorquera-y-chinchilla-restauren-la-normalidad-cuanto-antes-tras-el-paso-de-la-dana","status":"publish","type":"post","link":"https:\/\/lavozdehellin.com\/noticias\/v08-863-la-diputacion-de-albacete-redobla-esfuerzos-para-que-pozohondo-la-recueja-hellin-jorquera-y-chinchilla-restauren-la-normalidad-cuanto-antes-tras-el-paso-de-la-dana\/","title":{"rendered":"LVH NOTICIAS | LA DIPUTACI\u00d3N DE ALBACETE REDOBLA ESFUERZOS PARA QUE POZOHONDO, LA RECUEJA, HELL\u00cdN, JORQUERA Y CHINCHILLA RESTAUREN LA NORMALIDAD CUANTO ANTES TRAS EL PASO DE LA DANA"},"content":{"rendered":"<p style=\"text-align: justify;\">La Diputaci\u00f3n de Albacete sigue actuando, tanto con medios propios como con medios externos, para revertir cuanto antes los da\u00f1os que, desde las 18:00 horas del pasado viernes y en un corto espacio de tiempo, el paso de la DANA dej\u00f3 en varias localidades de la provincia.<\/p>\n<p><!--more--><br \/>\n<!--publicidad-voz01--><a href=\"https:\/\/www.facebook.com\/SoloRadioHellin\/?locale=es_ES\"><img decoding=\"async\" class=\"alignnone size-medium\" src=\"https:\/\/blogger.googleusercontent.com\/img\/b\/R29vZ2xl\/AVvXsEiNncirNnyGedv00mhjZjh5Wl4_YPdJGanoAl8tL8zH-HwqE8uHqjEfSt340RHdx-9tuCSIkZ8rFamZiGyYlgDGxCsmXjCH_1xk5eYM3ntFZRvJP_jndOKR7w1UAo9Tu0vrZyOLfqRpHIxYI5SymJJ-pfGCQw6QVpggBH-UgfjiFQ2JOxqxG0Jx94kW83c\/s1600\/logo-principal.jpg\" width=\"100%\" height=\"100\" \/><\/a><!--bestpublic-voz01--><!--desk-in-out-voz01--><br \/>\n<!--publicidad-voz02--><a href=\"https:\/\/www.hellincf.com\/\"><img decoding=\"async\" class=\"alignnone size-medium\" src=\"https:\/\/blogger.googleusercontent.com\/img\/b\/R29vZ2xl\/AVvXsEhuZ4-XfBVj3UtdP8-RZugy3WVrg-Zv28c53m4oV47qYCxL1rX_dqWX_YddsGSnpH5SRDqZ7bZeKPIfDVCDncpjVlhy3aQs2vojcJBn7Gdv9hC2_Nzct_pRFrnFE1a7KTCdY1bT_kAgnY3-iadRZrGeJf1fR2P5fu11bokx0pWjaypoy-ctwCjklldpEbA\/s1600\/logo-principal7.jpg\" width=\"100%\" height=\"100\" \/><\/a><!--bestpublic-voz02--><!--desk-in-out-voz02--><\/p>\n<p style=\"text-align: justify;\">Fundamentalmente, Hell\u00edn, Pozohondo Chinchilla, La Recueja y Jorquera despidieron junio con ese episodio de tormentas de gran intensidad que, en algunos casos, llegaron acompa\u00f1adas de granizo.<\/p>\n<p style=\"text-align: justify;\">El vicepresidente y responsable de Carreteras de la instituci\u00f3n provincial, Fran Valera, ha visitado todas esas localidades para conocer de primera mano la evoluci\u00f3n de los trabajos y compartir con los alcaldes, alcaldesas y distintos miembros de las respectivas Corporaciones Municipales la evoluci\u00f3n de las labores sondeando, adem\u00e1s, qu\u00e9 cuestiones hay que seguir reforzando.<\/p>\n<p style=\"text-align: justify;\">Contacto y colaboraci\u00f3n constantes con los ayuntamientos de las localidades afectadas<\/p>\n<p style=\"text-align: justify;\">Desde que se produjeran esas tormentas, el contacto con los ayuntamientos y la colaboraci\u00f3n por parte del Gobierno Provincial de Santi Caba\u00f1ero han sido constantes tal y como ha comentado Valera, que ha apuntado que las tareas durante estos d\u00edas han consistido, principalmente, en \u201capoyar la limpieza viaria, garantizar el pleno tr\u00e1nsito por los cascos urbanos de las localidades y, a partir de ah\u00ed, continuar mejorando los accesos principales de los municipios en el caso de caminos rurales\u201d.<\/p>\n<p style=\"text-align: justify;\">Si bien ha apuntado que quiz\u00e1s sea pronto para hacer una valoraci\u00f3n econ\u00f3mica exacta de la cuant\u00eda que, este mismo s\u00e1bado, en su visita a La Recueja y Jorquera, el presidente Caba\u00f1ero avanz\u00f3 que se va a habilitar para ayudar a las localidades afectadas a paliar esos da\u00f1os, el vicepresidente econ\u00f3mico ha comentado que \u201cprobablemente, ser\u00e1n entre 150.000 y 200.000 euros\u201d que servir\u00e1n para \u201cdevolver la normalidad cuanto antes a estos municipios\u201d.<\/p>\n<p style=\"text-align: justify;\">Pozohondo y La Recueja, los municipios m\u00e1s da\u00f1ados<\/p>\n<p style=\"text-align: justify;\">Durante su visita a todas las localidades para dar cuenta de las labores que se est\u00e1n desarrollando, Fran Valera ha comprobado que \u201cen Pozohondo y La Recueja es donde los da\u00f1os han sido m\u00e1s graves\u201d. En Pozohondo abundan los desperfectos en los viales, ya que el agua corri\u00f3 con mucha fuerza levantando a su paso el firme de varias zonas del municipio; adem\u00e1s, hay varios centros p\u00fablicos (como el auditorio) cuyos techos han sufrido da\u00f1os que, tal y como ha se\u00f1alado Valera, la Diputaci\u00f3n va a ayudar a arreglar.<\/p>\n<p style=\"text-align: justify;\">Y es que, en apenas 15-18 d\u00edas, la poblaci\u00f3n de esta localidad ha sufrido dos trombas de agua que, tal y como le ha explicado la alcaldesa, Julia S\u00e1nchez, \u201chan afectado muy gravemente a lo que es la infraestructura principal del pueblo porque, aparte de anegarse locales y de los destrozos en los edificios p\u00fablicos, la pavimentaci\u00f3n y calzada p\u00fablica tambi\u00e9n se han visto muy afectadas\u201d, agradeciendo \u201cel apoyo que Diputaci\u00f3n de Albacete nos est\u00e1 prestando para dar respuesta inmediatamente y poder subsanar todos estos destrozos poco a poco\u201d.<\/p>\n<p style=\"text-align: justify;\">En cuanto a La Recueja, Valera ha explicado que lo m\u00e1s afectado es el cauce del r\u00edo, as\u00ed como el parque y la piscina; entornos donde hay muchos \u00e1rboles ca\u00eddos. \u201cDesde el mismo lunes, hab\u00eda una empresa contratada por Diputaci\u00f3n trabajando en el saneamiento de la zona y colaboraremos tambi\u00e9n econ\u00f3micamente con el Ayuntamiento para la restauraci\u00f3n del parque municipal, de la piscina, tambi\u00e9n de la zona deportiva (cuya valla ha sufrido da\u00f1os)\u201d, ha concretado.<\/p>\n<p style=\"text-align: justify;\">En su paso por Hell\u00edn, el vicepresidente ha visitado los trabajos que se est\u00e1n realizando tanto en el Pol\u00edgono de San Rafael como en las pedan\u00edas de Torre Uchea y Agram\u00f3n. En Chinchilla de Montearag\u00f3n, ha sido testigo de la labores que se est\u00e1n acometiendo para paliar unos da\u00f1os que, en este caso, se produjeron fundamentalmente por arrastres; adem\u00e1s, se est\u00e1 actuando la reparaci\u00f3n de caminos de acceso a distintos n\u00facleos urbanos cercanos a la localidad.<\/p>\n<p style=\"text-align: justify;\">Todas las carreteras de la Red Viaria Provincial est\u00e1n abiertas al tr\u00e1fico<\/p>\n<p style=\"text-align: justify;\">Por su parte, en La Recueja, \u201clas labores del Parque M\u00f3vil de la Diputaci\u00f3n (con veh\u00edculos y personal del Parque M\u00f3vil y de Carreteras) se centran en la retirada de \u00e1rboles ca\u00eddos sobre las v\u00edas, el despeje de cunetas y la limpieza de arrastres\u201d actuando, principalmente, en la AB-206 (Alcozarejos a Jorquera por Cubas) y la AB-209 (Jorquera a Alcal\u00e1 del J\u00faca por La Recueja), si bien \u201ca d\u00eda de hoy, todas las carreteras son perfectamente transitables y est\u00e1n abiertas al tr\u00e1fico\u201d, tal y como ha afirmado el responsable provincial.<\/p>\n<p style=\"text-align: justify;\">En nombre del presidente y en el suyo propio, Fran Valera ha felicitado \u201ca todo el personal de Diputaci\u00f3n; principalmente, de los servicios de Parque M\u00f3vil y Carreteras, tambi\u00e9n del Servicio Especial de Prevenci\u00f3n y Extinci\u00f3n de Incendios (SEPEI) porque, desde el primer momento, han estado a disposici\u00f3n de la Casa Provincial con el objetivo de restituir la normalidad cuanto antes\u201d, ha concluido.<\/p>\n<p><!--publicidad-voz03--><a href=\"https:\/\/www.facebook.com\/profile.php?id=100063593791305&amp;locale=es_ES\"><img decoding=\"async\" class=\"alignnone size-medium\" src=\"https:\/\/blogger.googleusercontent.com\/img\/b\/R29vZ2xl\/AVvXsEi8_n_ll8UOcGxCqzFvb_9Io4ICczlGC990BPtPj2w9Px-u7B3oqWUW5vtjZUqPNJ-nyjiUIorE0ATsib_l5tV8BVN-UJ03RTnU__IHJF_4DgDBtY4LIqXNG-FomrO-7ywes20CBCRM2Hcm7EJSh3UUw1dO-c_uTflUrtgY1i7uBRezj_DpympmEFkfbQY\/s1600\/logo-principal2.jpg\" width=\"100%\" height=\"100\" \/><\/a><!--bestpublic-voz03--><!--desk-in-out-voz03--><br \/>\n<!--publicidad-voz04--><a href=\"https:\/\/www.facebook.com\/profile.php?id=61557370768692&amp;locale=es_ES\"><img decoding=\"async\" class=\"alignnone size-medium\" src=\"https:\/\/blogger.googleusercontent.com\/img\/b\/R29vZ2xl\/AVvXsEgy5RdcfffrnrItnYTcV9bCJjgJwldsQLWssfVfrLbyfXeBNTFKgBf0rMIvhrUaGUhiXzVr9_eQgCbi-j63ZDpfTvLIty9w7s140y-m1yHe7eKmEK7v2NAHUJDVYGdfeiQFeRCqUjdwWmN1MX_AUxxz4IVdJ4WIM0APxit8bjWkXzrnEFGqBvW_1F13H1g\/s1600\/logo-principal5.jpg\" width=\"100%\" height=\"100\" \/><\/a><!--bestpublic-voz04--><!--desk-in-out-voz04--><br \/>\n<!--publicidad-voz05--><a href=\"https:\/\/www.facebook.com\/asociaciontamborileroshellin?locale=es_ES\"><img decoding=\"async\" class=\"alignnone size-medium\" src=\"https:\/\/blogger.googleusercontent.com\/img\/b\/R29vZ2xl\/AVvXsEhHEEpZsKK1VpwiYMrS7aE2ujtqIDZoLd4B5wtbiseSU9s2HdTdQfhF84So2XwEB1fv0BLw95GADm6hUl1bkKtzh-eIgVigXONuu_5RxeIMPhjk8q6uNX4EaEHbooKkbu7pCADWPpVJjhKIH5NQSJpWqedC-YBez4QAQeJYokkLot9bhrIaUAeztsGis6M\/s1600\/logo-principal3.jpg\" width=\"100%\" height=\"100\" \/><\/a><!--bestpublic-voz05--><!--desk-in-out-voz05--><br \/>\n<!--publicidad-voz06--><!--bestpublic-voz06--><!--desk-in-out-voz06--><br \/>\n<!--publicidad-voz07--><!--bestpublic-voz07--><!--desk-in-out-voz07--><br \/>\n<!--publicidad-voz08--><!--bestpublic-voz08--><!--desk-in-out-voz08--><br \/>\n<!--publicidad-voz09--><!--bestpublic-voz09--><!--desk-in-out-voz09--><br \/>\n<!--publicidad-voz10--><!--bestpublic-voz10--><!--desk-in-out-voz10--><br \/>\n<!--publicidad-voz11--><!--bestpublic-voz11--><!--desk-in-out-voz11--><br \/>\n<!--publicidad-voz12--><!--bestpublic-voz12--><!--desk-in-out-voz12--><br \/>\n<!--publicidad-voz13--><!--bestpublic-voz13--><!--desk-in-out-voz13--><br \/>\n<!--publicidad-voz14--><!--bestpublic-voz14--><!--desk-in-out-voz14--><br \/>\n<!--publicidad-voz15--><!--bestpublic-voz15--><!--desk-in-out-voz15--><br \/>\n<!--publicidad-voz16--><!--bestpublic-voz16--><!--desk-in-out-voz16--><\/p>\n","protected":false},"excerpt":{"rendered":"<p>La Diputaci\u00f3n de Albacete sigue actuando, tanto con medios propios como con medios externos, para revertir cuanto antes los da\u00f1os que, desde las 18:00 horas del pasado viernes y en&#8230;<\/p>\n","protected":false},"author":2,"featured_media":151716,"comment_status":"closed","ping_status":"closed","sticky":false,"template":"","format":"standard","meta":{"footnotes":""},"categories":[755,718,715,716,717],"tags":[],"class_list":["post-151715","post","type-post","status-publish","format-standard","has-post-thumbnail","hentry","category-blog-lv036","category-blogger","category-la-voz-de-hellin","category-la-voz-de-hellin-la-voz-de-hellin","category-noticias"],"_links":{"self":[{"href":"https:\/\/lavozdehellin.com\/noticias\/wp-json\/wp\/v2\/posts\/151715","targetHints":{"allow":["GET"]}}],"collection":[{"href":"https:\/\/lavozdehellin.com\/noticias\/wp-json\/wp\/v2\/posts"}],"about":[{"href":"https:\/\/lavozdehellin.com\/noticias\/wp-json\/wp\/v2\/types\/post"}],"author":[{"embeddable":true,"href":"https:\/\/lavozdehellin.com\/noticias\/wp-json\/wp\/v2\/users\/2"}],"replies":[{"embeddable":true,"href":"https:\/\/lavozdehellin.com\/noticias\/wp-json\/wp\/v2\/comments?post=151715"}],"version-history":[{"count":0,"href":"https:\/\/lavozdehellin.com\/noticias\/wp-json\/wp\/v2\/posts\/151715\/revisions"}],"wp:featuredmedia":[{"embeddable":true,"href":"https:\/\/lavozdehellin.com\/noticias\/wp-json\/wp\/v2\/media\/151716"}],"wp:attachment":[{"href":"https:\/\/lavozdehellin.com\/noticias\/wp-json\/wp\/v2\/media?parent=151715"}],"wp:term":[{"taxonomy":"category","embeddable":true,"href":"https:\/\/lavozdehellin.com\/noticias\/wp-json\/wp\/v2\/categories?post=151715"},{"taxonomy":"post_tag","embeddable":true,"href":"https:\/\/lavozdehellin.com\/noticias\/wp-json\/wp\/v2\/tags?post=151715"}],"curies":[{"name":"wp","href":"https:\/\/api.w.org\/{rel}","templated":true}]}}