{"id":151721,"date":"2024-07-05T09:47:56","date_gmt":"2024-07-05T07:47:56","guid":{"rendered":"https:\/\/lavozdehellin.com\/noticias\/?p=151721"},"modified":"2024-11-25T19:24:42","modified_gmt":"2024-11-25T17:24:42","slug":"v08-865-la-provincia-de-albacete-olimpica-en-bicicletas-con-berria-bikes","status":"publish","type":"post","link":"https:\/\/lavozdehellin.com\/noticias\/v08-865-la-provincia-de-albacete-olimpica-en-bicicletas-con-berria-bikes\/","title":{"rendered":"LVH NOTICIAS | LA PROVINCIA DE ALBACETE, \u2018OL\u00cdMPICA\u2019 EN BICICLETAS CON BERRIA BIKES"},"content":{"rendered":"<p style=\"text-align: justify;\">La Diputaci\u00f3n de Albacete ha recibido una visita muy especial de David Vitoria: CEO y uno de los fundadores de Berria Bikes, empresa con sede en Villarrobledo que viene colaborando activamente con la instituci\u00f3n provincial en todo tipo de citas ligadas al ciclismo.<\/p>\n<p><!--more--><br \/>\n<!--publicidad-voz01--><a href=\"https:\/\/www.facebook.com\/SoloRadioHellin\/?locale=es_ES\"><img decoding=\"async\" class=\"alignnone size-medium\" src=\"https:\/\/blogger.googleusercontent.com\/img\/b\/R29vZ2xl\/AVvXsEiNncirNnyGedv00mhjZjh5Wl4_YPdJGanoAl8tL8zH-HwqE8uHqjEfSt340RHdx-9tuCSIkZ8rFamZiGyYlgDGxCsmXjCH_1xk5eYM3ntFZRvJP_jndOKR7w1UAo9Tu0vrZyOLfqRpHIxYI5SymJJ-pfGCQw6QVpggBH-UgfjiFQ2JOxqxG0Jx94kW83c\/s1600\/logo-principal.jpg\" width=\"100%\" height=\"100\" \/><\/a><!--bestpublic-voz01--><!--desk-in-out-voz01--><br \/>\n<!--publicidad-voz02--><a href=\"https:\/\/www.hellincf.com\/\"><img decoding=\"async\" class=\"alignnone size-medium\" src=\"https:\/\/blogger.googleusercontent.com\/img\/b\/R29vZ2xl\/AVvXsEhuZ4-XfBVj3UtdP8-RZugy3WVrg-Zv28c53m4oV47qYCxL1rX_dqWX_YddsGSnpH5SRDqZ7bZeKPIfDVCDncpjVlhy3aQs2vojcJBn7Gdv9hC2_Nzct_pRFrnFE1a7KTCdY1bT_kAgnY3-iadRZrGeJf1fR2P5fu11bokx0pWjaypoy-ctwCjklldpEbA\/s1600\/logo-principal7.jpg\" width=\"100%\" height=\"100\" \/><\/a><!--bestpublic-voz02--><!--desk-in-out-voz02--><\/p>\n<p style=\"text-align: justify;\">Justo antes de enviarlas a sus destinos, ha querido mostrar en primicia las dos bicicletas fabricadas por la compa\u00f1\u00eda que competir\u00e1n, nada m\u00e1s y nada menos, que en los pr\u00f3ximos Juegos Ol\u00edmpicos de Par\u00eds.<\/p>\n<p style=\"text-align: justify;\">David Vitoria ha compartido con el vicepresidente provincial, Fran Valera, y el diputado de Deportes, Dani Sancha, (sendos apasionados del ciclismo), \u201cla emoci\u00f3n y la ilusi\u00f3n\u201d de presentar estas Berria Mako, dise\u00f1adas para el corredor colombiano Diego Arias y el alem\u00e1n Julian Schelb.<\/p>\n<p style=\"text-align: justify;\">Dos \u201cobras de arte\u201d con tres a\u00f1os de desarrollo de proyecto como rodaje<\/p>\n<p style=\"text-align: justify;\">\u00abEs un orgullo estar aqu\u00ed, present\u00e1ndoos las bicicletas ol\u00edmpicas que hemos hecho para los que son nuestros primeros Juegos Ol\u00edmpicos. Estamos s\u00faper orgullosos, sobre todo, porque detr\u00e1s hay tres a\u00f1os de desarrollo de proyecto; es un producto que este a\u00f1o ya nos ha llevado a estar en el p\u00f3dium de Copa del Mundo; tambi\u00e9n hemos hecho medallas en los \u00faltimos campeonatos europeos, de modo que vamos a las Olimpiadas con mucha ambici\u00f3n y con el convencimiento de haber hecho las cosas bien\u00bb, ha afirmado Vitoria.<\/p>\n<p style=\"text-align: justify;\">Adem\u00e1s, ha destacado la dedicaci\u00f3n y el esfuerzo que ha depositado en ello todo el equipo de Berria Bikes: \u00abSomos una empresa de aqu\u00ed, de la regi\u00f3n, de 40 personas, donde hay un equipo de ingenier\u00eda que trabaja de forma espec\u00edfica en lo que es la parte del producto; pero luego hay muchas m\u00e1s personas que realmente trabajan el proceso productivo. No os pod\u00e9is imaginar la ilusi\u00f3n de la gente cuando las ha fabricado, en el proceso de pintura, de ensamblaje\u2026 Yo creo que, aparte de la ingenier\u00eda, esas bicicletas van con una energ\u00eda y un cari\u00f1o muy grandes porque se han hecho de una forma realmente especial\u00bb.<\/p>\n<p style=\"text-align: justify;\">Valera: \u201cEsto es hacer provincia y \u2018marca Albacete\u2019 con tecnolog\u00eda punta\u201d<\/p>\n<p style=\"text-align: justify;\">Por su parte, Fran Valera ha resaltado el honor que representa para la provincia el logro de Berria Bikes: \u00abAlbacete es ol\u00edmpica y hoy lo demostramos, no s\u00f3lo con la fuerza de nuestros deportistas, sino tambi\u00e9n con el producto. Hemos visto c\u00f3mo dos bicicletas producidas en nuestra provincia van a ser las bicicletas de mountain bike que dos corredores van a usar en la prueba ol\u00edmpica\u201d.<\/p>\n<p style=\"text-align: justify;\">Admirado de tenerlas \u2018frente a frente\u2019, el vicepresidente ha subrayado que \u201cpara la Diputaci\u00f3n es un orgullo tener colaboraci\u00f3n con este tipo de empresas, porque esto es \u2018marca Albacete\u2019, esto es hacer provincia y, sobre todo, tambi\u00e9n es poner en valor algo que va mucho m\u00e1s all\u00e1 de una prueba deportiva: es una tecnolog\u00eda punta de las principales evoluciones del mercado de la bicicleta, plasmadas en dos bicicletas que son verdaderas obras de arte\u00bb.<\/p>\n<p style=\"text-align: justify;\">Diputaci\u00f3n de Albacete y Berria Bikes, \u201cuna pareja consolidada\u201d unida por el deporte<\/p>\n<p style=\"text-align: justify;\">Valera tambi\u00e9n ha destacado la consolidada relaci\u00f3n entre la instituci\u00f3n provincial y Berria Bikes: \u00abLa pareja \u2018Diputaci\u00f3n Provincial y Berria\u2019 est\u00e1 consolidada desde hace tiempo. Como siempre dice nuestro presidente, Santi Caba\u00f1ero, la Diputaci\u00f3n tiene esa ambici\u00f3n en la promoci\u00f3n del deporte como manera de promocionar la salud (tanto f\u00edsica como mental), y Berria es un gran aliado que nos acompa\u00f1a en las citas provinciales importantes, como la Gran Fondo Sierra de Albacete: una prueba cicloturista referente en el calendario nacional. Se agradece que Berria est\u00e9 ah\u00ed junto con otras marcas, pero es cierto que \u00e9sta es una empresa de Albacete y que, cuando est\u00e1, ambos nos hacemos m\u00e1s fuertes\u00bb.<\/p>\n<p style=\"text-align: justify;\">Con la participaci\u00f3n de las bicicletas Berria Mako en los Juegos Ol\u00edmpicos, la de Albacete sigue proyect\u00e1ndose al mundo, no s\u00f3lo como una provincia que apoya el deporte, sino tambi\u00e9n como un referente de innovaci\u00f3n y excelencia en la industria del ciclismo.<\/p>\n<p style=\"text-align: justify;\">\u201cEstaremos muy pendientes de la evoluci\u00f3n de estas bicicletas que van a servir (esperemos) para que estos dos corredores tengan los mejores resultados y Albacete, por tanto, pueda subir tambi\u00e9n al p\u00f3dium ol\u00edmpico\u201d, ha deseado Valera.<\/p>\n<p><!--publicidad-voz03--><a href=\"https:\/\/www.facebook.com\/profile.php?id=100063593791305&amp;locale=es_ES\"><img decoding=\"async\" class=\"alignnone size-medium\" src=\"https:\/\/blogger.googleusercontent.com\/img\/b\/R29vZ2xl\/AVvXsEi8_n_ll8UOcGxCqzFvb_9Io4ICczlGC990BPtPj2w9Px-u7B3oqWUW5vtjZUqPNJ-nyjiUIorE0ATsib_l5tV8BVN-UJ03RTnU__IHJF_4DgDBtY4LIqXNG-FomrO-7ywes20CBCRM2Hcm7EJSh3UUw1dO-c_uTflUrtgY1i7uBRezj_DpympmEFkfbQY\/s1600\/logo-principal2.jpg\" width=\"100%\" height=\"100\" \/><\/a><!--bestpublic-voz03--><!--desk-in-out-voz03--><br \/>\n<!--publicidad-voz04--><a href=\"https:\/\/www.facebook.com\/profile.php?id=61557370768692&amp;locale=es_ES\"><img decoding=\"async\" class=\"alignnone size-medium\" src=\"https:\/\/blogger.googleusercontent.com\/img\/b\/R29vZ2xl\/AVvXsEgy5RdcfffrnrItnYTcV9bCJjgJwldsQLWssfVfrLbyfXeBNTFKgBf0rMIvhrUaGUhiXzVr9_eQgCbi-j63ZDpfTvLIty9w7s140y-m1yHe7eKmEK7v2NAHUJDVYGdfeiQFeRCqUjdwWmN1MX_AUxxz4IVdJ4WIM0APxit8bjWkXzrnEFGqBvW_1F13H1g\/s1600\/logo-principal5.jpg\" width=\"100%\" height=\"100\" \/><\/a><!--bestpublic-voz04--><!--desk-in-out-voz04--><br \/>\n<!--publicidad-voz05--><a href=\"https:\/\/www.facebook.com\/asociaciontamborileroshellin?locale=es_ES\"><img decoding=\"async\" class=\"alignnone size-medium\" src=\"https:\/\/blogger.googleusercontent.com\/img\/b\/R29vZ2xl\/AVvXsEhHEEpZsKK1VpwiYMrS7aE2ujtqIDZoLd4B5wtbiseSU9s2HdTdQfhF84So2XwEB1fv0BLw95GADm6hUl1bkKtzh-eIgVigXONuu_5RxeIMPhjk8q6uNX4EaEHbooKkbu7pCADWPpVJjhKIH5NQSJpWqedC-YBez4QAQeJYokkLot9bhrIaUAeztsGis6M\/s1600\/logo-principal3.jpg\" width=\"100%\" height=\"100\" \/><\/a><!--bestpublic-voz05--><!--desk-in-out-voz05--><br \/>\n<!--publicidad-voz06--><!--bestpublic-voz06--><!--desk-in-out-voz06--><br \/>\n<!--publicidad-voz07--><!--bestpublic-voz07--><!--desk-in-out-voz07--><br \/>\n<!--publicidad-voz08--><!--bestpublic-voz08--><!--desk-in-out-voz08--><br \/>\n<!--publicidad-voz09--><!--bestpublic-voz09--><!--desk-in-out-voz09--><br \/>\n<!--publicidad-voz10--><!--bestpublic-voz10--><!--desk-in-out-voz10--><br \/>\n<!--publicidad-voz11--><!--bestpublic-voz11--><!--desk-in-out-voz11--><br \/>\n<!--publicidad-voz12--><!--bestpublic-voz12--><!--desk-in-out-voz12--><br \/>\n<!--publicidad-voz13--><!--bestpublic-voz13--><!--desk-in-out-voz13--><br \/>\n<!--publicidad-voz14--><!--bestpublic-voz14--><!--desk-in-out-voz14--><br \/>\n<!--publicidad-voz15--><!--bestpublic-voz15--><!--desk-in-out-voz15--><br \/>\n<!--publicidad-voz16--><!--bestpublic-voz16--><!--desk-in-out-voz16--><\/p>\n","protected":false},"excerpt":{"rendered":"<p>La Diputaci\u00f3n de Albacete ha recibido una visita muy especial de David Vitoria: CEO y uno de los fundadores de Berria Bikes, empresa con sede en Villarrobledo que viene colaborando&#8230;<\/p>\n","protected":false},"author":2,"featured_media":151722,"comment_status":"closed","ping_status":"closed","sticky":false,"template":"","format":"standard","meta":{"footnotes":""},"categories":[755,718,715,716,717],"tags":[],"class_list":["post-151721","post","type-post","status-publish","format-standard","has-post-thumbnail","hentry","category-blog-lv036","category-blogger","category-la-voz-de-hellin","category-la-voz-de-hellin-la-voz-de-hellin","category-noticias"],"_links":{"self":[{"href":"https:\/\/lavozdehellin.com\/noticias\/wp-json\/wp\/v2\/posts\/151721","targetHints":{"allow":["GET"]}}],"collection":[{"href":"https:\/\/lavozdehellin.com\/noticias\/wp-json\/wp\/v2\/posts"}],"about":[{"href":"https:\/\/lavozdehellin.com\/noticias\/wp-json\/wp\/v2\/types\/post"}],"author":[{"embeddable":true,"href":"https:\/\/lavozdehellin.com\/noticias\/wp-json\/wp\/v2\/users\/2"}],"replies":[{"embeddable":true,"href":"https:\/\/lavozdehellin.com\/noticias\/wp-json\/wp\/v2\/comments?post=151721"}],"version-history":[{"count":0,"href":"https:\/\/lavozdehellin.com\/noticias\/wp-json\/wp\/v2\/posts\/151721\/revisions"}],"wp:featuredmedia":[{"embeddable":true,"href":"https:\/\/lavozdehellin.com\/noticias\/wp-json\/wp\/v2\/media\/151722"}],"wp:attachment":[{"href":"https:\/\/lavozdehellin.com\/noticias\/wp-json\/wp\/v2\/media?parent=151721"}],"wp:term":[{"taxonomy":"category","embeddable":true,"href":"https:\/\/lavozdehellin.com\/noticias\/wp-json\/wp\/v2\/categories?post=151721"},{"taxonomy":"post_tag","embeddable":true,"href":"https:\/\/lavozdehellin.com\/noticias\/wp-json\/wp\/v2\/tags?post=151721"}],"curies":[{"name":"wp","href":"https:\/\/api.w.org\/{rel}","templated":true}]}}