{"id":151724,"date":"2024-07-05T14:00:40","date_gmt":"2024-07-05T12:00:40","guid":{"rendered":"https:\/\/lavozdehellin.com\/noticias\/?p=151724"},"modified":"2024-11-25T19:24:42","modified_gmt":"2024-11-25T17:24:42","slug":"v08-866-el-ii-festival-internacional-de-titeres-de-chinchilla-y-sus-pedanias-se-celebra-del-18-al-21-de-julio-con-el-apoyo-de-la-diputacion-de-albacete-y-del-gobierno-regional","status":"publish","type":"post","link":"https:\/\/lavozdehellin.com\/noticias\/v08-866-el-ii-festival-internacional-de-titeres-de-chinchilla-y-sus-pedanias-se-celebra-del-18-al-21-de-julio-con-el-apoyo-de-la-diputacion-de-albacete-y-del-gobierno-regional\/","title":{"rendered":"LVH NOTICIAS | EL II FESTIVAL INTERNACIONAL DE T\u00cdTERES DE CHINCHILLA Y SUS PEDAN\u00cdAS SE CELEBRA DEL 18 AL 21 DE JULIO CON EL APOYO DE LA DIPUTACI\u00d3N DE ALBACETE Y DEL GOBIERNO REGIONAL"},"content":{"rendered":"<p style=\"text-align: justify;\">El Festival Internacional de T\u00edteres de Chinchilla y sus Pedan\u00edas vivir\u00e1 su segunda edici\u00f3n del 18 al 21 de julio en la propia localidad, as\u00ed como en La Felipa, Villar de Chinchilla y La Estaci\u00f3n. Y lo har\u00e1 sumando, como ya ocurriera en 2023, el apoyo de la Diputaci\u00f3n de Albacete y del Gobierno regional.<\/p>\n<p><!--more--><br \/>\n<!--publicidad-voz01--><a href=\"https:\/\/www.facebook.com\/SoloRadioHellin\/?locale=es_ES\"><img decoding=\"async\" class=\"alignnone size-medium\" src=\"https:\/\/blogger.googleusercontent.com\/img\/b\/R29vZ2xl\/AVvXsEiNncirNnyGedv00mhjZjh5Wl4_YPdJGanoAl8tL8zH-HwqE8uHqjEfSt340RHdx-9tuCSIkZ8rFamZiGyYlgDGxCsmXjCH_1xk5eYM3ntFZRvJP_jndOKR7w1UAo9Tu0vrZyOLfqRpHIxYI5SymJJ-pfGCQw6QVpggBH-UgfjiFQ2JOxqxG0Jx94kW83c\/s1600\/logo-principal.jpg\" width=\"100%\" height=\"100\" \/><\/a><!--bestpublic-voz01--><!--desk-in-out-voz01--><br \/>\n<!--publicidad-voz02--><a href=\"https:\/\/www.hellincf.com\/\"><img decoding=\"async\" class=\"alignnone size-medium\" src=\"https:\/\/blogger.googleusercontent.com\/img\/b\/R29vZ2xl\/AVvXsEhuZ4-XfBVj3UtdP8-RZugy3WVrg-Zv28c53m4oV47qYCxL1rX_dqWX_YddsGSnpH5SRDqZ7bZeKPIfDVCDncpjVlhy3aQs2vojcJBn7Gdv9hC2_Nzct_pRFrnFE1a7KTCdY1bT_kAgnY3-iadRZrGeJf1fR2P5fu11bokx0pWjaypoy-ctwCjklldpEbA\/s1600\/logo-principal7.jpg\" width=\"100%\" height=\"100\" \/><\/a><!--bestpublic-voz02--><!--desk-in-out-voz02--><\/p>\n<p style=\"text-align: justify;\">As\u00ed lo ha dado a conocer el diputado provincial del \u00c1rea Social, Jos\u00e9 Gonz\u00e1lez, junto al delegado provincial de la JCCM, Pedro Antonio Ruiz Santos, en la rueda de prensa de presentaci\u00f3n de este evento, en la que han participado tambi\u00e9n el alcalde del municipio protagonista, Francisco Morote, as\u00ed como los ped\u00e1neos y ped\u00e1neas de estos n\u00facleos de poblaci\u00f3n, y el director art\u00edstico del evento, Facundo Castelli.<\/p>\n<p style=\"text-align: justify;\">En total, se trata de 10 espect\u00e1culos que llegar\u00e1n de la mano de 8 compa\u00f1\u00edas, entre las que habr\u00e1, como novedad, representaci\u00f3n de todas las provincias de Castilla-La Mancha, adem\u00e1s de una compa\u00f1\u00eda de Chile y otra de Argentina.<\/p>\n<p style=\"text-align: justify;\">Durante su intervenci\u00f3n, el diputado provincial del \u00c1rea Social, Jos\u00e9 Gonz\u00e1lez, ha felicitado tanto al Ayuntamiento como a las entidades que hacen posible este festival, y ha destacado la importancia que tiene no s\u00f3lo para el ocio o la dinamizaci\u00f3n cultural, sino \u201cpara fomentar el pensamiento cr\u00edtico desde edades tempranas\u201d, aludiendo a su importancia en una sociedad en la que cada vez m\u00e1s \u201cnos asaltan las fake news y los bulos\u201d, y ha dejado claro que \u201cla Diputaci\u00f3n ha estado, est\u00e1 y quiere estar al lado de este Festival Internacional de T\u00edteres de Chinchilla y sus pedan\u00edas\u201d.<\/p>\n<p style=\"text-align: justify;\">La Diputaci\u00f3n incrementa su colaboraci\u00f3n con este Festival en su segunda edici\u00f3n<\/p>\n<p style=\"text-align: justify;\">De hecho, Gonz\u00e1lez ha explicado que en esta segunda edici\u00f3n la instituci\u00f3n que preside Santi Caba\u00f1ero ha realizado un esfuerzo \u2018extra\u2019 para apoyar este evento, y ha incrementado su aportaci\u00f3n en un 130 por ciento con relaci\u00f3n a 2023 (pasando de 1.500 euros a 3.500), al tiempo que ha se\u00f1alado que esta iniciativa comparte dos objetivos en los que el Gobierno provincial viene trabajando afanadamente, como es el fomento de la cultura \u201ccomo se\u00f1a de identidad de los pueblos y como elemento dinamizador y motor econ\u00f3mico\u201d, as\u00ed como la unidad de acci\u00f3n y la colaboraci\u00f3n entre administraciones, especialmente cuando se trata de apoyar a Ayuntamientos, desde la certeza de que \u201ccada vez que sumamos esfuerzos el resultado es multiplicador\u201d.<\/p>\n<p style=\"text-align: justify;\">Finalmente, el diputado ha destacado el inmenso trabajo que en Chinchilla vienen realizando a lo largo de todo el a\u00f1o en materia cultural, remarcando que esta \u2018Ciudad Centenaria\u2019 se \u201cest\u00e1 posicionando como uno de los puntos culturales claves no s\u00f3lo en la provincia, sino en la regi\u00f3n\u201d, y les ha tendido la mano de la Diputaci\u00f3n para continuar avanzando en este camino.<\/p>\n<p style=\"text-align: justify;\">El Gobierno regional reitera su compromiso de consolidar el Centro de Interpretaci\u00f3n de la Marioneta en La Felipa<\/p>\n<p style=\"text-align: justify;\">Por su parte, el delegado de la Junta en Albacete, Pedro Antonio Ruiz Santos, ha explicado que se ofrecer\u00e1n al p\u00fablico 10 espect\u00e1culos \u201cque nos van a permitir contar con lo mejor del mundo de los t\u00edteres en una cita que en la primera edici\u00f3n super\u00f3 los 2.000 asistentes, y que aspira, en 2024, a llegar a los 3.000\u201d.<\/p>\n<p style=\"text-align: justify;\">Ruiz Santos tambi\u00e9n se ha referido al compromiso del Gobierno regional para consolidar el \u2018Centro de Interpretaci\u00f3n de la Marioneta\u2019 en la pedan\u00eda de La Felipa, apuntando que \u201csigue siendo intenci\u00f3n del Gobierno de Castilla-La Mancha que La Felipa cuente con un Centro de Interpretaci\u00f3n de la Marioneta. Se est\u00e1 intentando materializar este proyecto, ya se est\u00e1n estudiando los espacios y, sin duda alguna, iremos d\u00e1ndole vida, como iremos, tambi\u00e9n, consolidando este festival\u201d.<\/p>\n<p style=\"text-align: justify;\">Adem\u00e1s, ha hecho menci\u00f3n a la apuesta del municipio de Chinchilla por la cultura, llegando, actualmente, a \u201ccomplementar la actividad cultural de la ciudad de Albacete\u201d. A este respecto, el delegado ha mencionado el Festival de Teatro Cl\u00e1sico, que acaba de finalizar, y la reciente declaraci\u00f3n como Fiesta de Inter\u00e9s Tur\u00edstico Regional de Los Mi\u00e9rcoles, adem\u00e1s de su Semana Santa.<\/p>\n<p style=\"text-align: justify;\">El festival suma apoyos y conmemora el 25 aniversario de la Uni\u00f3n Internacional de la Marioneta en C-LM<\/p>\n<p style=\"text-align: justify;\">A continuaci\u00f3n, el alcalde de Chinchilla, Francisco Morote, ha comenzado su intervenci\u00f3n con palabras de agradecimiento hacia la Junta de Comunidades y la Diputaci\u00f3n provincial por su apoyo al festival, a cuyos patrocinios se suma ahora tambi\u00e9n Globalcaja.<\/p>\n<p style=\"text-align: justify;\">\u201cEl a\u00f1o pasado decidimos apostar por ello y en esta segunda edici\u00f3n deseo que se mantenga y cada a\u00f1o vaya en aumento\u201d, ha manifestado el alcalde, quien ha aclarado que el festival de t\u00edteres se extiende a las pedan\u00edas con m\u00e1s poblaci\u00f3n, ya que \u201cson Chinchilla tambi\u00e9n y llevar la cultura a ellas es algo grande\u201d.<\/p>\n<p style=\"text-align: justify;\">Acto seguido, ha tomado la palabra \u00c1ngela G\u00f3mez, ped\u00e1nea de La Felipa, quien ha instado a las administraciones a que mantengan el \u201ccompromiso firme por este evento, porque la cultura debe llegar a todos los rincones. Poder ofrecer este festival a los vecinos de nuestras pedan\u00edas es todo un orgullo\u201d.<\/p>\n<p style=\"text-align: justify;\">Y ha finalizado el turno de intervenciones Facundo Castelli, director art\u00edstico del festival, quien ha centrado su discurso en la conmemoraci\u00f3n, dentro de la programaci\u00f3n del festival, del 25 aniversario de la Uni\u00f3n Internacional de la Marioneta en Castilla-La Mancha. El acto tendr\u00e1 lugar el domingo 21 de julio en La Felipa, con la presentaci\u00f3n de un v\u00eddeo que repasar\u00e1 la trayectoria de esta asociaci\u00f3n en la regi\u00f3n, a la que seguir\u00e1 el espect\u00e1culo de t\u00edteres \u2018El Tesoro del Emir\u2019, a cargo de T\u00edteres Larderos, de Cuenca.<\/p>\n<p><!--publicidad-voz03--><a href=\"https:\/\/www.facebook.com\/profile.php?id=100063593791305&amp;locale=es_ES\"><img decoding=\"async\" class=\"alignnone size-medium\" src=\"https:\/\/blogger.googleusercontent.com\/img\/b\/R29vZ2xl\/AVvXsEi8_n_ll8UOcGxCqzFvb_9Io4ICczlGC990BPtPj2w9Px-u7B3oqWUW5vtjZUqPNJ-nyjiUIorE0ATsib_l5tV8BVN-UJ03RTnU__IHJF_4DgDBtY4LIqXNG-FomrO-7ywes20CBCRM2Hcm7EJSh3UUw1dO-c_uTflUrtgY1i7uBRezj_DpympmEFkfbQY\/s1600\/logo-principal2.jpg\" width=\"100%\" height=\"100\" \/><\/a><!--bestpublic-voz03--><!--desk-in-out-voz03--><br \/>\n<!--publicidad-voz04--><a href=\"https:\/\/www.facebook.com\/profile.php?id=61557370768692&amp;locale=es_ES\"><img decoding=\"async\" class=\"alignnone size-medium\" src=\"https:\/\/blogger.googleusercontent.com\/img\/b\/R29vZ2xl\/AVvXsEgy5RdcfffrnrItnYTcV9bCJjgJwldsQLWssfVfrLbyfXeBNTFKgBf0rMIvhrUaGUhiXzVr9_eQgCbi-j63ZDpfTvLIty9w7s140y-m1yHe7eKmEK7v2NAHUJDVYGdfeiQFeRCqUjdwWmN1MX_AUxxz4IVdJ4WIM0APxit8bjWkXzrnEFGqBvW_1F13H1g\/s1600\/logo-principal5.jpg\" width=\"100%\" height=\"100\" \/><\/a><!--bestpublic-voz04--><!--desk-in-out-voz04--><br \/>\n<!--publicidad-voz05--><a href=\"https:\/\/www.facebook.com\/asociaciontamborileroshellin?locale=es_ES\"><img decoding=\"async\" class=\"alignnone size-medium\" src=\"https:\/\/blogger.googleusercontent.com\/img\/b\/R29vZ2xl\/AVvXsEhHEEpZsKK1VpwiYMrS7aE2ujtqIDZoLd4B5wtbiseSU9s2HdTdQfhF84So2XwEB1fv0BLw95GADm6hUl1bkKtzh-eIgVigXONuu_5RxeIMPhjk8q6uNX4EaEHbooKkbu7pCADWPpVJjhKIH5NQSJpWqedC-YBez4QAQeJYokkLot9bhrIaUAeztsGis6M\/s1600\/logo-principal3.jpg\" width=\"100%\" height=\"100\" \/><\/a><!--bestpublic-voz05--><!--desk-in-out-voz05--><br \/>\n<!--publicidad-voz06--><!--bestpublic-voz06--><!--desk-in-out-voz06--><br \/>\n<!--publicidad-voz07--><!--bestpublic-voz07--><!--desk-in-out-voz07--><br \/>\n<!--publicidad-voz08--><!--bestpublic-voz08--><!--desk-in-out-voz08--><br \/>\n<!--publicidad-voz09--><!--bestpublic-voz09--><!--desk-in-out-voz09--><br \/>\n<!--publicidad-voz10--><!--bestpublic-voz10--><!--desk-in-out-voz10--><br \/>\n<!--publicidad-voz11--><!--bestpublic-voz11--><!--desk-in-out-voz11--><br \/>\n<!--publicidad-voz12--><!--bestpublic-voz12--><!--desk-in-out-voz12--><br \/>\n<!--publicidad-voz13--><!--bestpublic-voz13--><!--desk-in-out-voz13--><br \/>\n<!--publicidad-voz14--><!--bestpublic-voz14--><!--desk-in-out-voz14--><br \/>\n<!--publicidad-voz15--><!--bestpublic-voz15--><!--desk-in-out-voz15--><br \/>\n<!--publicidad-voz16--><!--bestpublic-voz16--><!--desk-in-out-voz16--><\/p>\n","protected":false},"excerpt":{"rendered":"<p>El Festival Internacional de T\u00edteres de Chinchilla y sus Pedan\u00edas vivir\u00e1 su segunda edici\u00f3n del 18 al 21 de julio en la propia localidad, as\u00ed como en La Felipa, Villar&#8230;<\/p>\n","protected":false},"author":2,"featured_media":151725,"comment_status":"closed","ping_status":"closed","sticky":false,"template":"","format":"standard","meta":{"footnotes":""},"categories":[755,718,715,716,717],"tags":[],"class_list":["post-151724","post","type-post","status-publish","format-standard","has-post-thumbnail","hentry","category-blog-lv036","category-blogger","category-la-voz-de-hellin","category-la-voz-de-hellin-la-voz-de-hellin","category-noticias"],"_links":{"self":[{"href":"https:\/\/lavozdehellin.com\/noticias\/wp-json\/wp\/v2\/posts\/151724","targetHints":{"allow":["GET"]}}],"collection":[{"href":"https:\/\/lavozdehellin.com\/noticias\/wp-json\/wp\/v2\/posts"}],"about":[{"href":"https:\/\/lavozdehellin.com\/noticias\/wp-json\/wp\/v2\/types\/post"}],"author":[{"embeddable":true,"href":"https:\/\/lavozdehellin.com\/noticias\/wp-json\/wp\/v2\/users\/2"}],"replies":[{"embeddable":true,"href":"https:\/\/lavozdehellin.com\/noticias\/wp-json\/wp\/v2\/comments?post=151724"}],"version-history":[{"count":0,"href":"https:\/\/lavozdehellin.com\/noticias\/wp-json\/wp\/v2\/posts\/151724\/revisions"}],"wp:featuredmedia":[{"embeddable":true,"href":"https:\/\/lavozdehellin.com\/noticias\/wp-json\/wp\/v2\/media\/151725"}],"wp:attachment":[{"href":"https:\/\/lavozdehellin.com\/noticias\/wp-json\/wp\/v2\/media?parent=151724"}],"wp:term":[{"taxonomy":"category","embeddable":true,"href":"https:\/\/lavozdehellin.com\/noticias\/wp-json\/wp\/v2\/categories?post=151724"},{"taxonomy":"post_tag","embeddable":true,"href":"https:\/\/lavozdehellin.com\/noticias\/wp-json\/wp\/v2\/tags?post=151724"}],"curies":[{"name":"wp","href":"https:\/\/api.w.org\/{rel}","templated":true}]}}