{"id":151727,"date":"2024-07-06T09:57:30","date_gmt":"2024-07-06T07:57:30","guid":{"rendered":"https:\/\/lavozdehellin.com\/noticias\/?p=151727"},"modified":"2024-11-25T19:24:42","modified_gmt":"2024-11-25T17:24:42","slug":"v08-867-cabanero-felicita-a-la-familia-del-barrax-rural-innovation-hub-en-su-segundo-aniversario-convertido-en-un-referente-de-la-innovacion-en-el-sector-agroalimentario","status":"publish","type":"post","link":"https:\/\/lavozdehellin.com\/noticias\/v08-867-cabanero-felicita-a-la-familia-del-barrax-rural-innovation-hub-en-su-segundo-aniversario-convertido-en-un-referente-de-la-innovacion-en-el-sector-agroalimentario\/","title":{"rendered":"LVH NOTICIAS | CABA\u00d1ERO FELICITA A LA \u2018FAMILIA\u2019 DEL BARRAX RURAL INNOVATION HUB EN SU SEGUNDO ANIVERSARIO CONVERTIDO EN \u201cUN REFERENTE DE LA INNOVACI\u00d3N EN EL SECTOR AGROALIMENTARIO\u201d"},"content":{"rendered":"<p style=\"text-align: justify;\">El presidente de la Diputaci\u00f3n de Albacete, Santi Caba\u00f1ero, asisti\u00f3 anoche al acto conmemorativo del segundo aniversario de la apertura oficial del Barrax Rural Innovation Hub, donde tuvo la oportunidad de felicitar personalmente a la gran \u2018familia\u2019 de este centro convertido \u201cen un referente de la innovaci\u00f3n en el sector agroalimentario\u201d.<\/p>\n<p><!--more--><br \/>\n<!--publicidad-voz01--><a href=\"https:\/\/www.facebook.com\/SoloRadioHellin\/?locale=es_ES\"><img decoding=\"async\" class=\"alignnone size-medium\" src=\"https:\/\/blogger.googleusercontent.com\/img\/b\/R29vZ2xl\/AVvXsEiNncirNnyGedv00mhjZjh5Wl4_YPdJGanoAl8tL8zH-HwqE8uHqjEfSt340RHdx-9tuCSIkZ8rFamZiGyYlgDGxCsmXjCH_1xk5eYM3ntFZRvJP_jndOKR7w1UAo9Tu0vrZyOLfqRpHIxYI5SymJJ-pfGCQw6QVpggBH-UgfjiFQ2JOxqxG0Jx94kW83c\/s1600\/logo-principal.jpg\" width=\"100%\" height=\"100\" \/><\/a><!--bestpublic-voz01--><!--desk-in-out-voz01--><br \/>\n<!--publicidad-voz02--><a href=\"https:\/\/www.hellincf.com\/\"><img decoding=\"async\" class=\"alignnone size-medium\" src=\"https:\/\/blogger.googleusercontent.com\/img\/b\/R29vZ2xl\/AVvXsEhuZ4-XfBVj3UtdP8-RZugy3WVrg-Zv28c53m4oV47qYCxL1rX_dqWX_YddsGSnpH5SRDqZ7bZeKPIfDVCDncpjVlhy3aQs2vojcJBn7Gdv9hC2_Nzct_pRFrnFE1a7KTCdY1bT_kAgnY3-iadRZrGeJf1fR2P5fu11bokx0pWjaypoy-ctwCjklldpEbA\/s1600\/logo-principal7.jpg\" width=\"100%\" height=\"100\" \/><\/a><!--bestpublic-voz02--><!--desk-in-out-voz02--><\/p>\n<p style=\"text-align: justify;\">Junto al consejero de Agricultura, Ganader\u00eda y Desarrollo Rural, Juli\u00e1n Mart\u00ednez, y a los delegados provinciales del \u00e1rea, Ram\u00f3n S\u00e1ez; y de Econom\u00eda, Empresas y Empleo, Nicol\u00e1s Merino, Caba\u00f1ero tuvo palabras de reconocimiento y gratitud tanto para los empresarios y empresarias de este Hub con Jos\u00e9 Manuel V\u00e1zquez al frente, como para Josefina Navarrete, alcaldesa del municipio.<\/p>\n<p style=\"text-align: justify;\">\u201cBarrax est\u00e1 de moda, est\u00e1is haciendo un magn\u00edfico trabajo desde la parte institucional, desde el Ayuntamiento, consiguiendo importantes avances para el municipio, pero tambi\u00e9n lo est\u00e1is haciendo a trav\u00e9s de su sociedad civil articulada, como se manifiesta en este Hub y en el crecimiento de este pol\u00edgono industrial\u201d, afirm\u00f3 el presidente de la Diputaci\u00f3n, remarcando que \u201ccuando los emprendedores y emprendedoras quieren invertir en su municipio, en su presente y en su futuro, como es el caso, debemos agradecerlo\u201d.<\/p>\n<p style=\"text-align: justify;\">Caba\u00f1ero destaca la importancia cualitativa y cuantitativa de este Hub<\/p>\n<p style=\"text-align: justify;\">En este sentido, Caba\u00f1ero dej\u00f3 claro que el \u00e9xito de este Hub \u201cno es casual, es causal; fruto del gran trabajo que est\u00e1is realizando aqu\u00ed\u201d, y se refiri\u00f3 a la importancia del mismo, \u201cuna importancia cuantitativa por lo que aport\u00e1is de conocimiento, de tecnificaci\u00f3n y desarrollo para el sector primario, que es b\u00e1sico en esta provincia, en esta regi\u00f3n y en este pa\u00eds\u201d.<\/p>\n<p style=\"text-align: justify;\">Adem\u00e1s, destac\u00f3 su valor cualitativo, \u201cporque los que trabajamos en el \u00e1mbito del desarrollo rural sabemos que sufrimos un problema cultural, llevamos m\u00e1s de 40 a\u00f1os en los que el sector primario se ligaba, por desgracia, a un cierto subdesarrollo, parec\u00eda que quien se iba del campo crec\u00eda en el \u2018ascensor social\u2019; hoy se ha demostrado que no es cierto, que el sector del campo es un sector moderno, tecnificado y cualificado\u201d.<\/p>\n<p style=\"text-align: justify;\">De hecho, Caba\u00f1ero apunt\u00f3 que \u201cexperiencias como este Hub aportan ese salto cualitativo que nos da esa marca y esa identidad, ese sentimiento de pertenencia que nos hace sentirnos orgullosos de nuestro campo\u201d, y subray\u00f3 el papel de este centro como motor para el desarrollo rural de la provincia y de la regi\u00f3n, al tiempo que advirti\u00f3 \u201cel valor a\u00f1adido\u201d que aporta la tecnolog\u00eda, la innovaci\u00f3n, la investigaci\u00f3n y la transferencia de conocimientos al servicio del sector agroalimentario, a\u00f1adiendo las oportunidades socioecon\u00f3micas que esto genera de cara a la fijaci\u00f3n de poblaci\u00f3n y a la atracci\u00f3n y retenci\u00f3n del talento local.<\/p>\n<p style=\"text-align: justify;\">Apoyo de la Diputaci\u00f3n y del ITAP<\/p>\n<p style=\"text-align: justify;\">El presidente provincial tambi\u00e9n aprovech\u00f3 la ocasi\u00f3n para reafirmar el respaldo de la Diputaci\u00f3n de Albacete al Barrax Rural Innovation Hub, recordando que, junto a su Instituto T\u00e9cnico Agron\u00f3mico Provincial (ITAP), es \u2018partners\u2019 de este Hub, y remarc\u00f3 el esfuerzo que vienen realizando para tejer alianzas entre sectores claves para el desarrollo de nuestra tierra, como lo son el tecnol\u00f3gico y el agr\u00edcola.<br \/>\nCaba\u00f1ero reitera el compromiso de la Diputaci\u00f3n en la defensa de los intereses h\u00eddricos de la provincia<\/p>\n<p style=\"text-align: justify;\">Adem\u00e1s, ante las reivindicaciones de la alcaldesa en materia de agua para que la localidad y su pol\u00edgono puedan seguir creciendo, Caba\u00f1ero reiter\u00f3 el apoyo del Gobierno provincial, explicando que aunque la instituci\u00f3n no tiene competencias en lo relativo al desarrollo h\u00eddrico, s\u00ed tiene \u201cel firme compromiso de trabajar en la defensa de los intereses de esta tierra\u201d, y asegur\u00f3 que \u201csiempre seremos embajadores de las necesidades y peticiones leg\u00edtimas de nuestros pueblos y ciudades\u201d.<\/p>\n<p style=\"text-align: justify;\">En esta l\u00ednea, lament\u00f3 que \u201cseamos la \u00fanica tierra por la que el agua pasa y no moja\u201d, advirtiendo que con el agua tambi\u00e9n se van oportunidades de progreso para este territorio, y afirm\u00f3 que \u201chemos sido y somos una tierra muy solidaria, nadie puede decir lo contrario, pero esta provincia tambi\u00e9n necesita agua para tener presente y futuro, y en esa pelea nuestros pueblos y ciudades siempre van a encontrar a la Diputaci\u00f3n de Albacete, porque cuando se trata de nuestro futuro tenemos que remar todos en la misma direcci\u00f3n\u201d.<\/p>\n<p><!--publicidad-voz03--><a href=\"https:\/\/www.facebook.com\/profile.php?id=100063593791305&amp;locale=es_ES\"><img decoding=\"async\" class=\"alignnone size-medium\" src=\"https:\/\/blogger.googleusercontent.com\/img\/b\/R29vZ2xl\/AVvXsEi8_n_ll8UOcGxCqzFvb_9Io4ICczlGC990BPtPj2w9Px-u7B3oqWUW5vtjZUqPNJ-nyjiUIorE0ATsib_l5tV8BVN-UJ03RTnU__IHJF_4DgDBtY4LIqXNG-FomrO-7ywes20CBCRM2Hcm7EJSh3UUw1dO-c_uTflUrtgY1i7uBRezj_DpympmEFkfbQY\/s1600\/logo-principal2.jpg\" width=\"100%\" height=\"100\" \/><\/a><!--bestpublic-voz03--><!--desk-in-out-voz03--><br \/>\n<!--publicidad-voz04--><a href=\"https:\/\/www.facebook.com\/profile.php?id=61557370768692&amp;locale=es_ES\"><img decoding=\"async\" class=\"alignnone size-medium\" src=\"https:\/\/blogger.googleusercontent.com\/img\/b\/R29vZ2xl\/AVvXsEgy5RdcfffrnrItnYTcV9bCJjgJwldsQLWssfVfrLbyfXeBNTFKgBf0rMIvhrUaGUhiXzVr9_eQgCbi-j63ZDpfTvLIty9w7s140y-m1yHe7eKmEK7v2NAHUJDVYGdfeiQFeRCqUjdwWmN1MX_AUxxz4IVdJ4WIM0APxit8bjWkXzrnEFGqBvW_1F13H1g\/s1600\/logo-principal5.jpg\" width=\"100%\" height=\"100\" \/><\/a><!--bestpublic-voz04--><!--desk-in-out-voz04--><br \/>\n<!--publicidad-voz05--><a href=\"https:\/\/www.facebook.com\/asociaciontamborileroshellin?locale=es_ES\"><img decoding=\"async\" class=\"alignnone size-medium\" src=\"https:\/\/blogger.googleusercontent.com\/img\/b\/R29vZ2xl\/AVvXsEhHEEpZsKK1VpwiYMrS7aE2ujtqIDZoLd4B5wtbiseSU9s2HdTdQfhF84So2XwEB1fv0BLw95GADm6hUl1bkKtzh-eIgVigXONuu_5RxeIMPhjk8q6uNX4EaEHbooKkbu7pCADWPpVJjhKIH5NQSJpWqedC-YBez4QAQeJYokkLot9bhrIaUAeztsGis6M\/s1600\/logo-principal3.jpg\" width=\"100%\" height=\"100\" \/><\/a><!--bestpublic-voz05--><!--desk-in-out-voz05--><br \/>\n<!--publicidad-voz06--><!--bestpublic-voz06--><!--desk-in-out-voz06--><br \/>\n<!--publicidad-voz07--><!--bestpublic-voz07--><!--desk-in-out-voz07--><br \/>\n<!--publicidad-voz08--><!--bestpublic-voz08--><!--desk-in-out-voz08--><br \/>\n<!--publicidad-voz09--><!--bestpublic-voz09--><!--desk-in-out-voz09--><br \/>\n<!--publicidad-voz10--><!--bestpublic-voz10--><!--desk-in-out-voz10--><br \/>\n<!--publicidad-voz11--><!--bestpublic-voz11--><!--desk-in-out-voz11--><br \/>\n<!--publicidad-voz12--><!--bestpublic-voz12--><!--desk-in-out-voz12--><br \/>\n<!--publicidad-voz13--><!--bestpublic-voz13--><!--desk-in-out-voz13--><br \/>\n<!--publicidad-voz14--><!--bestpublic-voz14--><!--desk-in-out-voz14--><br \/>\n<!--publicidad-voz15--><!--bestpublic-voz15--><!--desk-in-out-voz15--><br \/>\n<!--publicidad-voz16--><!--bestpublic-voz16--><!--desk-in-out-voz16--><\/p>\n","protected":false},"excerpt":{"rendered":"<p>El presidente de la Diputaci\u00f3n de Albacete, Santi Caba\u00f1ero, asisti\u00f3 anoche al acto conmemorativo del segundo aniversario de la apertura oficial del Barrax Rural Innovation Hub, donde tuvo la oportunidad&#8230;<\/p>\n","protected":false},"author":2,"featured_media":151728,"comment_status":"closed","ping_status":"closed","sticky":false,"template":"","format":"standard","meta":{"footnotes":""},"categories":[755,718,715,716,717],"tags":[],"class_list":["post-151727","post","type-post","status-publish","format-standard","has-post-thumbnail","hentry","category-blog-lv036","category-blogger","category-la-voz-de-hellin","category-la-voz-de-hellin-la-voz-de-hellin","category-noticias"],"_links":{"self":[{"href":"https:\/\/lavozdehellin.com\/noticias\/wp-json\/wp\/v2\/posts\/151727","targetHints":{"allow":["GET"]}}],"collection":[{"href":"https:\/\/lavozdehellin.com\/noticias\/wp-json\/wp\/v2\/posts"}],"about":[{"href":"https:\/\/lavozdehellin.com\/noticias\/wp-json\/wp\/v2\/types\/post"}],"author":[{"embeddable":true,"href":"https:\/\/lavozdehellin.com\/noticias\/wp-json\/wp\/v2\/users\/2"}],"replies":[{"embeddable":true,"href":"https:\/\/lavozdehellin.com\/noticias\/wp-json\/wp\/v2\/comments?post=151727"}],"version-history":[{"count":0,"href":"https:\/\/lavozdehellin.com\/noticias\/wp-json\/wp\/v2\/posts\/151727\/revisions"}],"wp:featuredmedia":[{"embeddable":true,"href":"https:\/\/lavozdehellin.com\/noticias\/wp-json\/wp\/v2\/media\/151728"}],"wp:attachment":[{"href":"https:\/\/lavozdehellin.com\/noticias\/wp-json\/wp\/v2\/media?parent=151727"}],"wp:term":[{"taxonomy":"category","embeddable":true,"href":"https:\/\/lavozdehellin.com\/noticias\/wp-json\/wp\/v2\/categories?post=151727"},{"taxonomy":"post_tag","embeddable":true,"href":"https:\/\/lavozdehellin.com\/noticias\/wp-json\/wp\/v2\/tags?post=151727"}],"curies":[{"name":"wp","href":"https:\/\/api.w.org\/{rel}","templated":true}]}}