{"id":151733,"date":"2024-07-07T10:45:41","date_gmt":"2024-07-07T08:45:41","guid":{"rendered":"https:\/\/lavozdehellin.com\/noticias\/?p=151733"},"modified":"2024-11-25T19:24:41","modified_gmt":"2024-11-25T17:24:41","slug":"v08-869-la-cuadrilla-del-grupo-de-folklore-abuela-santa-ana-participa-en-folk-segovia-uno-de-los-festivales-mas-prestigiosos-de-espana-de-la-mano-de-la-diputacion-de-alba","status":"publish","type":"post","link":"https:\/\/lavozdehellin.com\/noticias\/v08-869-la-cuadrilla-del-grupo-de-folklore-abuela-santa-ana-participa-en-folk-segovia-uno-de-los-festivales-mas-prestigiosos-de-espana-de-la-mano-de-la-diputacion-de-alba\/","title":{"rendered":"LVH NOTICIAS | LA CUADRILLA DEL GRUPO DE FOLKLORE \u2018ABUELA SANTA ANA\u2019 PARTICIPA EN \u2018FOLK SEGOVIA\u2019, UNO DE LOS FESTIVALES M\u00c1S PRESTIGIOSOS DE ESPA\u00d1A, DE LA MANO DE LA DIPUTACI\u00d3N DE ALBACETE"},"content":{"rendered":"<p style=\"text-align: justify;\">Desde hace m\u00e1s de 30 a\u00f1os, la Diputaci\u00f3n de Albacete colabora con \u2018Folk Segovia\u2019, impulsando y favoreciendo la participaci\u00f3n de grupos de m\u00fasica tradicional de la provincia en uno de los festivales de folklore m\u00e1s importantes y reconocidos del panorama nacional. Y en esta 40\u00aa edici\u00f3n ha sido la cuadrilla del grupo \u2018Abuela Santa Ana\u2019 la que ha formado parte de esta iniciativa de la mano de la instituci\u00f3n albacetense.<\/p>\n<p><!--more--><br \/>\n<!--publicidad-voz01--><a href=\"https:\/\/www.facebook.com\/SoloRadioHellin\/?locale=es_ES\"><img decoding=\"async\" class=\"alignnone size-medium\" src=\"https:\/\/blogger.googleusercontent.com\/img\/b\/R29vZ2xl\/AVvXsEiNncirNnyGedv00mhjZjh5Wl4_YPdJGanoAl8tL8zH-HwqE8uHqjEfSt340RHdx-9tuCSIkZ8rFamZiGyYlgDGxCsmXjCH_1xk5eYM3ntFZRvJP_jndOKR7w1UAo9Tu0vrZyOLfqRpHIxYI5SymJJ-pfGCQw6QVpggBH-UgfjiFQ2JOxqxG0Jx94kW83c\/s1600\/logo-principal.jpg\" width=\"100%\" height=\"100\" \/><\/a><!--bestpublic-voz01--><!--desk-in-out-voz01--><br \/>\n<!--publicidad-voz02--><a href=\"https:\/\/www.hellincf.com\/\"><img decoding=\"async\" class=\"alignnone size-medium\" src=\"https:\/\/blogger.googleusercontent.com\/img\/b\/R29vZ2xl\/AVvXsEhuZ4-XfBVj3UtdP8-RZugy3WVrg-Zv28c53m4oV47qYCxL1rX_dqWX_YddsGSnpH5SRDqZ7bZeKPIfDVCDncpjVlhy3aQs2vojcJBn7Gdv9hC2_Nzct_pRFrnFE1a7KTCdY1bT_kAgnY3-iadRZrGeJf1fR2P5fu11bokx0pWjaypoy-ctwCjklldpEbA\/s1600\/logo-principal7.jpg\" width=\"100%\" height=\"100\" \/><\/a><!--bestpublic-voz02--><!--desk-in-out-voz02--><\/p>\n<p style=\"text-align: justify;\">As\u00ed, durante todo el fin de semana, esta agrupaci\u00f3n ha recorrido las calles y plazas segovianas, exhibiendo jotas, malague\u00f1as, seguidillas o fandangos manchegos junto a grupos como Nuevo Mester de Juglar\u00eda, Xavier D\u00edaz &amp; Adufeiras de Salitre, Miguel Abad, Olga y los Ministriles, Eliseo Parra o Manuel Luna. Figuras de primer nivel dentro del Folk espa\u00f1ol.<\/p>\n<p style=\"text-align: justify;\">Adem\u00e1s, sus integrantes han tenido la oportunidad de compartir algunos de esos momentos con un reconocido albacete\u00f1o, como es el periodista Pedro Piqueras, que tambi\u00e9n se encuentra en tierras segovianas.<\/p>\n<p style=\"text-align: justify;\">A trav\u00e9s de esta \u2018aventura\u2019, la Diputaci\u00f3n de Albacete, en l\u00ednea con su apuesta por la dinamizaci\u00f3n cultural y la conservaci\u00f3n y puesta en valor de la m\u00fasica tradicional de nuestro territorio, favorece la difusi\u00f3n del folklore local y el intercambio cultural, poniendo en valor una parte de nuestro patrimonio.<\/p>\n<p style=\"text-align: justify;\">Una actividad que en la \u00faltima d\u00e9cada tambi\u00e9n han vivido agrupaciones como la \u2018Ronda Alcucera\u2019, \u2018Dulzaineros de la Mancha\u2019, \u2018Danzantes\u2019 de Lezuza, \u2018Cuadrilla del Dos: Cu\u00e9llar y Tejada\u2019, \u2018Ronda de Motilleja\u2019, \u2018Ronda de los Llanos\u2019, \u2018Cuadrilla Cuesta La Charca\u2019 de Fuente-\u00c1lamo, \u2018Los Matachines\u2019 de Tarazona de la Mancha, y \u2018Cuadrilla Or\u00edgenes\u2019.<\/p>\n<p style=\"text-align: justify;\">De hecho, el \u2018Folk Segovia\u2019, con origen en la d\u00e9cada de los 80, presenta cada a\u00f1o los mejores ritmos y sonidos del folclore popular y de la m\u00fasica de fusi\u00f3n, incluyendo diferentes actividades como conciertos, exposiciones, talleres, conferencias o una feria de discos que contribuye a una inmersi\u00f3n musical completa. Y, en esta ocasi\u00f3n, han contado con una programaci\u00f3n m\u00e1s especial para conmemorar su 40 aniversario.<\/p>\n<p style=\"text-align: justify;\">\u2018Abuela Santa Ana\u2019<\/p>\n<p style=\"text-align: justify;\">Por su parte, la cuadrilla del grupo de folklore \u2018Abuela Santa Ana\u2019 se forma en el a\u00f1o 1996 con la finalidad de dar a conocer la m\u00fasica popular de nuestra tierra de una manera m\u00e1s aut\u00f3ctona, y su repertorio est\u00e1 formado por una amplia recopilaci\u00f3n de melod\u00edas propias de este territorio, como seguidillas (en toda su extensi\u00f3n), fandangos, jotas, mazurcas y valses, junto a piezas m\u00e1s antiguas, como las animeras.<\/p>\n<p style=\"text-align: justify;\">Su forma de interpretaci\u00f3n es la transmitida de generaci\u00f3n en generaci\u00f3n sin aprendizaje acad\u00e9mico, form\u00e1ndose sus m\u00fasicos y m\u00fasicas a trav\u00e9s de la propia convivencia entre los paisanos y paisanas de pueblos y aldeas, espacios en cuyo imaginario colectivo se ha conservado m\u00e1s y mejor el folclore de nuestra provincia.<\/p>\n<p style=\"text-align: justify;\">Este colectivo, desde el a\u00f1o 1989, viene participando en encuentros de aguilanderos y cuadrillas, por lo que es uno de los primeros que dio paso a la recuperaci\u00f3n de cantar por las calles los tradicionales villancicos y aguilanderas, junto a las danzas de ritual muy propias de estas fechas seg\u00fan la tradici\u00f3n popular. Y lleva 20 a\u00f1os organizando el Encuentro de Cuadrillas en El Llano de Albacete, desde una vocaci\u00f3n y una pasi\u00f3n clara por recuperar esa parte de nuestro patrimonio etnogr\u00e1fico que forma parte de las ra\u00edces y de la identidad de este territorio.<\/p>\n<p><!--publicidad-voz03--><a href=\"https:\/\/www.facebook.com\/profile.php?id=100063593791305&amp;locale=es_ES\"><img decoding=\"async\" class=\"alignnone size-medium\" src=\"https:\/\/blogger.googleusercontent.com\/img\/b\/R29vZ2xl\/AVvXsEi8_n_ll8UOcGxCqzFvb_9Io4ICczlGC990BPtPj2w9Px-u7B3oqWUW5vtjZUqPNJ-nyjiUIorE0ATsib_l5tV8BVN-UJ03RTnU__IHJF_4DgDBtY4LIqXNG-FomrO-7ywes20CBCRM2Hcm7EJSh3UUw1dO-c_uTflUrtgY1i7uBRezj_DpympmEFkfbQY\/s1600\/logo-principal2.jpg\" width=\"100%\" height=\"100\" \/><\/a><!--bestpublic-voz03--><!--desk-in-out-voz03--><br \/>\n<!--publicidad-voz04--><a href=\"https:\/\/www.facebook.com\/profile.php?id=61557370768692&amp;locale=es_ES\"><img decoding=\"async\" class=\"alignnone size-medium\" src=\"https:\/\/blogger.googleusercontent.com\/img\/b\/R29vZ2xl\/AVvXsEgy5RdcfffrnrItnYTcV9bCJjgJwldsQLWssfVfrLbyfXeBNTFKgBf0rMIvhrUaGUhiXzVr9_eQgCbi-j63ZDpfTvLIty9w7s140y-m1yHe7eKmEK7v2NAHUJDVYGdfeiQFeRCqUjdwWmN1MX_AUxxz4IVdJ4WIM0APxit8bjWkXzrnEFGqBvW_1F13H1g\/s1600\/logo-principal5.jpg\" width=\"100%\" height=\"100\" \/><\/a><!--bestpublic-voz04--><!--desk-in-out-voz04--><br \/>\n<!--publicidad-voz05--><a href=\"https:\/\/www.facebook.com\/asociaciontamborileroshellin?locale=es_ES\"><img decoding=\"async\" class=\"alignnone size-medium\" src=\"https:\/\/blogger.googleusercontent.com\/img\/b\/R29vZ2xl\/AVvXsEhHEEpZsKK1VpwiYMrS7aE2ujtqIDZoLd4B5wtbiseSU9s2HdTdQfhF84So2XwEB1fv0BLw95GADm6hUl1bkKtzh-eIgVigXONuu_5RxeIMPhjk8q6uNX4EaEHbooKkbu7pCADWPpVJjhKIH5NQSJpWqedC-YBez4QAQeJYokkLot9bhrIaUAeztsGis6M\/s1600\/logo-principal3.jpg\" width=\"100%\" height=\"100\" \/><\/a><!--bestpublic-voz05--><!--desk-in-out-voz05--><br \/>\n<!--publicidad-voz06--><!--bestpublic-voz06--><!--desk-in-out-voz06--><br \/>\n<!--publicidad-voz07--><!--bestpublic-voz07--><!--desk-in-out-voz07--><br \/>\n<!--publicidad-voz08--><!--bestpublic-voz08--><!--desk-in-out-voz08--><br \/>\n<!--publicidad-voz09--><!--bestpublic-voz09--><!--desk-in-out-voz09--><br \/>\n<!--publicidad-voz10--><!--bestpublic-voz10--><!--desk-in-out-voz10--><br \/>\n<!--publicidad-voz11--><!--bestpublic-voz11--><!--desk-in-out-voz11--><br \/>\n<!--publicidad-voz12--><!--bestpublic-voz12--><!--desk-in-out-voz12--><br \/>\n<!--publicidad-voz13--><!--bestpublic-voz13--><!--desk-in-out-voz13--><br \/>\n<!--publicidad-voz14--><!--bestpublic-voz14--><!--desk-in-out-voz14--><br \/>\n<!--publicidad-voz15--><!--bestpublic-voz15--><!--desk-in-out-voz15--><br \/>\n<!--publicidad-voz16--><!--bestpublic-voz16--><!--desk-in-out-voz16--><\/p>\n","protected":false},"excerpt":{"rendered":"<p>Desde hace m\u00e1s de 30 a\u00f1os, la Diputaci\u00f3n de Albacete colabora con \u2018Folk Segovia\u2019, impulsando y favoreciendo la participaci\u00f3n de grupos de m\u00fasica tradicional de la provincia en uno de&#8230;<\/p>\n","protected":false},"author":2,"featured_media":151734,"comment_status":"closed","ping_status":"closed","sticky":false,"template":"","format":"standard","meta":{"footnotes":""},"categories":[755,718,715,716,717],"tags":[],"class_list":["post-151733","post","type-post","status-publish","format-standard","has-post-thumbnail","hentry","category-blog-lv036","category-blogger","category-la-voz-de-hellin","category-la-voz-de-hellin-la-voz-de-hellin","category-noticias"],"_links":{"self":[{"href":"https:\/\/lavozdehellin.com\/noticias\/wp-json\/wp\/v2\/posts\/151733","targetHints":{"allow":["GET"]}}],"collection":[{"href":"https:\/\/lavozdehellin.com\/noticias\/wp-json\/wp\/v2\/posts"}],"about":[{"href":"https:\/\/lavozdehellin.com\/noticias\/wp-json\/wp\/v2\/types\/post"}],"author":[{"embeddable":true,"href":"https:\/\/lavozdehellin.com\/noticias\/wp-json\/wp\/v2\/users\/2"}],"replies":[{"embeddable":true,"href":"https:\/\/lavozdehellin.com\/noticias\/wp-json\/wp\/v2\/comments?post=151733"}],"version-history":[{"count":0,"href":"https:\/\/lavozdehellin.com\/noticias\/wp-json\/wp\/v2\/posts\/151733\/revisions"}],"wp:featuredmedia":[{"embeddable":true,"href":"https:\/\/lavozdehellin.com\/noticias\/wp-json\/wp\/v2\/media\/151734"}],"wp:attachment":[{"href":"https:\/\/lavozdehellin.com\/noticias\/wp-json\/wp\/v2\/media?parent=151733"}],"wp:term":[{"taxonomy":"category","embeddable":true,"href":"https:\/\/lavozdehellin.com\/noticias\/wp-json\/wp\/v2\/categories?post=151733"},{"taxonomy":"post_tag","embeddable":true,"href":"https:\/\/lavozdehellin.com\/noticias\/wp-json\/wp\/v2\/tags?post=151733"}],"curies":[{"name":"wp","href":"https:\/\/api.w.org\/{rel}","templated":true}]}}