{"id":151736,"date":"2024-07-07T21:51:23","date_gmt":"2024-07-07T19:51:23","guid":{"rendered":"https:\/\/lavozdehellin.com\/noticias\/?p=151736"},"modified":"2024-11-25T19:24:41","modified_gmt":"2024-11-25T17:24:41","slug":"v08-870-pozo-canada-e-higueruela-acogen-el-v-encuentro-de-bandas-de-musica-de-la-diputacion-de-albacete-que-suma-un-nuevo-exito-reuniendo-a-mas-600-musicos-y-musicas","status":"publish","type":"post","link":"https:\/\/lavozdehellin.com\/noticias\/v08-870-pozo-canada-e-higueruela-acogen-el-v-encuentro-de-bandas-de-musica-de-la-diputacion-de-albacete-que-suma-un-nuevo-exito-reuniendo-a-mas-600-musicos-y-musicas\/","title":{"rendered":"LVH NOTICIAS | POZO CA\u00d1ADA E HIGUERUELA ACOGEN EL V ENCUENTRO DE BANDAS DE M\u00daSICA DE LA DIPUTACI\u00d3N DE ALBACETE QUE SUMA UN NUEVO \u00c9XITO REUNIENDO A M\u00c1S 600 M\u00daSICOS Y M\u00daSICAS"},"content":{"rendered":"<p style=\"text-align: justify;\">La Diputaci\u00f3n de Albacete avanza en su compromiso de promocionar y poner en valor la cultura musical con su V Encuentro Provincial de Bandas de M\u00fasica.<\/p>\n<p><!--more--><br \/>\n<!--publicidad-voz01--><a href=\"https:\/\/www.facebook.com\/SoloRadioHellin\/?locale=es_ES\"><img decoding=\"async\" class=\"alignnone size-medium\" src=\"https:\/\/blogger.googleusercontent.com\/img\/b\/R29vZ2xl\/AVvXsEiNncirNnyGedv00mhjZjh5Wl4_YPdJGanoAl8tL8zH-HwqE8uHqjEfSt340RHdx-9tuCSIkZ8rFamZiGyYlgDGxCsmXjCH_1xk5eYM3ntFZRvJP_jndOKR7w1UAo9Tu0vrZyOLfqRpHIxYI5SymJJ-pfGCQw6QVpggBH-UgfjiFQ2JOxqxG0Jx94kW83c\/s1600\/logo-principal.jpg\" width=\"100%\" height=\"100\" \/><\/a><!--bestpublic-voz01--><!--desk-in-out-voz01--><br \/>\n<!--publicidad-voz02--><a href=\"https:\/\/www.hellincf.com\/\"><img decoding=\"async\" class=\"alignnone size-medium\" src=\"https:\/\/blogger.googleusercontent.com\/img\/b\/R29vZ2xl\/AVvXsEhuZ4-XfBVj3UtdP8-RZugy3WVrg-Zv28c53m4oV47qYCxL1rX_dqWX_YddsGSnpH5SRDqZ7bZeKPIfDVCDncpjVlhy3aQs2vojcJBn7Gdv9hC2_Nzct_pRFrnFE1a7KTCdY1bT_kAgnY3-iadRZrGeJf1fR2P5fu11bokx0pWjaypoy-ctwCjklldpEbA\/s1600\/logo-principal7.jpg\" width=\"100%\" height=\"100\" \/><\/a><!--bestpublic-voz02--><!--desk-in-out-voz02--><\/p>\n<p style=\"text-align: justify;\">Este evento se ha celebrado en Pozo Ca\u00f1ada y en Higueruela, reuniendo a 12 agrupaciones de otros tantos puntos de la geograf\u00eda provincial y a m\u00e1s de 600 m\u00fasicos y m\u00fasicas.<\/p>\n<p style=\"text-align: justify;\">La iniciativa arranc\u00f3 el s\u00e1bado con una jornada de apertura en la que los y las protagonistas fueron recibidos en la Plaza 8 de Mayo por el diputado provincial de Cultura, Miguel Zamora, y por el alcalde de Pozo Ca\u00f1ada (tambi\u00e9n diputado provincial), Francisco Garc\u00eda. Y este domingo, ya en Higueruela, han sido el vicepresidente de la Diputaci\u00f3n, Fran Valera, (concejal en esta localidad), el propio diputado provincial de Cultura, y la alcaldesa, Isabel Mart\u00ednez, quienes han dado la bienvenida a las agrupaciones que, en esta ocasi\u00f3n, se han dado cita en el exterior del Ayuntamiento.<\/p>\n<p style=\"text-align: justify;\">Posteriormente, y tras un pasacalles, el acto institucional y el concierto (con seis bandas en cada caso) han tenido lugar en en el Parque de la Paz y en junto al Jard\u00edn Municipal, respectivamente. Espacios a los que han acudido numerosos vecinos y vecinas para disfrutar de un concierto conjunto en el que, una vez m\u00e1s, de la mano de la Diputaci\u00f3n de Albacete, la cultura y la m\u00fasica \u2018han viajado\u2019 hasta cada localidad, haciendo disfrutar a la poblaci\u00f3n de todas las edades sin salir de sus pueblos \u201cporque la cultura hace que los pueblos no tengamos l\u00edmites\u201d.<\/p>\n<p style=\"text-align: justify;\">Este Encuentro Provincial de Bandas de M\u00fasica, que se celebr\u00f3 por primera vez en 2018, responde al arduo trabajo que viene realizando la Diputaci\u00f3n para impulsar programas que refuerzan y complementan la actividad formativa y de proyecci\u00f3n social de las bandas de m\u00fasica y de las escuelas y academias municipales, al tiempo que estas jornadas son un acontecimiento cultural y festivo para los municipios que las acogen, y un espacio de convivencia e intercambio de experiencias para los m\u00fasicos y m\u00fasicas que participan.<\/p>\n<p style=\"text-align: justify;\">Todo ello en el marco del importante esfuerzo que la instituci\u00f3n efect\u00faa para colaborar activamente en su difusi\u00f3n, puesta en valor y mantenimiento. Un apoyo decidido que, desde la escucha activa, se va a seguir mejorando y ampliando para dar respuesta a las necesidades reales y cotidianas de estas agrupaciones, como es voluntad del Equipo Gobierno que preside Santi Caba\u00f1ero.<\/p>\n<p style=\"text-align: justify;\">Por su parte, Valera y Zamora han agradecido la colaboraci\u00f3n e implicaci\u00f3n de los ayuntamientos de Pozo Ca\u00f1ada e Higueruela, as\u00ed como el esfuerzo de todas las agrupaciones que han participado en este gran evento, advirtiendo que forman parte del rico patrimonio de este territorio, y les han tendido la mano para continuar sumando esfuerzos y estrechando v\u00edas de colaboraci\u00f3n para seguir fomentando iniciativas que promuevan la actividad cultural y art\u00edstica en toda la provincia.<\/p>\n<p style=\"text-align: justify;\">En esta ocasi\u00f3n, seleccionadas por su n\u00famero de participantes, proyecci\u00f3n sociocultural en el territorio, trayectoria y participaci\u00f3n en encuentros anteriores, junto a las bandas anfitrionas: la Agrupaci\u00f3n Musical La Primitiva de Pozo Ca\u00f1ada y la Sociedad Musical de Higueruela, han formado parte de esta \u2018fiesta\u2019 la Agrupaci\u00f3n Musical Santa Cecilia de Elche de la Sierra, la Uni\u00f3n Musical Bonetense San Juan de Bonete, la Uni\u00f3n Musical Tarazonera de Tarazona de la Mancha, la Banda Municipal de M\u00fasica de Bogarra y la Uni\u00f3n Musical de Fuente-\u00c1lamo, en la primera jornada.<\/p>\n<p style=\"text-align: justify;\">Y en la segunda jornada han sonado los acordes de la Asociaci\u00f3n Banda de M\u00fasica de Socovos, al Asociaci\u00f3n Musical Beneche de Yeste, la Banda de M\u00fasica de Casas de Ves, la Banda Municipal de Balazote y la Banda de M\u00fasica de Ossa de Montiel.<\/p>\n<p style=\"text-align: justify;\">Y un premio<\/p>\n<p style=\"text-align: justify;\">Adem\u00e1s, en esta V edici\u00f3n, en la que tambi\u00e9n han participado alcaldes y alcaldesas de las localidades de procedencia de las bandas, la Federaci\u00f3n de Bandas de Castilla-La Mancha, entidad con la que la Diputaci\u00f3n mantiene una estrecha relaci\u00f3n de colaboraci\u00f3n y entendimiento, ha querido formar parte de este Encuentro y lo ha hecho de la mano de su presidente regional, Jorge Rom\u00e1n, y de su vicepresidente provincial, Carlos Royo, haciendo entrega, en cada jornada, de un premio a la Banda que, en su conjunto mejor ha desfilado. Y han sido la Agrupaci\u00f3n Musical Santa Cecilia de Elche de la Sierra y la Sociedad Musical de Higueruela las reconocidas con esta distinci\u00f3n, que lleva parejo un premio econ\u00f3mico de 300 \u20ac para cada una.<\/p>\n<p><!--publicidad-voz03--><a href=\"https:\/\/www.facebook.com\/profile.php?id=100063593791305&amp;locale=es_ES\"><img decoding=\"async\" class=\"alignnone size-medium\" src=\"https:\/\/blogger.googleusercontent.com\/img\/b\/R29vZ2xl\/AVvXsEi8_n_ll8UOcGxCqzFvb_9Io4ICczlGC990BPtPj2w9Px-u7B3oqWUW5vtjZUqPNJ-nyjiUIorE0ATsib_l5tV8BVN-UJ03RTnU__IHJF_4DgDBtY4LIqXNG-FomrO-7ywes20CBCRM2Hcm7EJSh3UUw1dO-c_uTflUrtgY1i7uBRezj_DpympmEFkfbQY\/s1600\/logo-principal2.jpg\" width=\"100%\" height=\"100\" \/><\/a><!--bestpublic-voz03--><!--desk-in-out-voz03--><br \/>\n<!--publicidad-voz04--><a href=\"https:\/\/www.facebook.com\/profile.php?id=61557370768692&amp;locale=es_ES\"><img decoding=\"async\" class=\"alignnone size-medium\" src=\"https:\/\/blogger.googleusercontent.com\/img\/b\/R29vZ2xl\/AVvXsEgy5RdcfffrnrItnYTcV9bCJjgJwldsQLWssfVfrLbyfXeBNTFKgBf0rMIvhrUaGUhiXzVr9_eQgCbi-j63ZDpfTvLIty9w7s140y-m1yHe7eKmEK7v2NAHUJDVYGdfeiQFeRCqUjdwWmN1MX_AUxxz4IVdJ4WIM0APxit8bjWkXzrnEFGqBvW_1F13H1g\/s1600\/logo-principal5.jpg\" width=\"100%\" height=\"100\" \/><\/a><!--bestpublic-voz04--><!--desk-in-out-voz04--><br \/>\n<!--publicidad-voz05--><a href=\"https:\/\/www.facebook.com\/asociaciontamborileroshellin?locale=es_ES\"><img decoding=\"async\" class=\"alignnone size-medium\" src=\"https:\/\/blogger.googleusercontent.com\/img\/b\/R29vZ2xl\/AVvXsEhHEEpZsKK1VpwiYMrS7aE2ujtqIDZoLd4B5wtbiseSU9s2HdTdQfhF84So2XwEB1fv0BLw95GADm6hUl1bkKtzh-eIgVigXONuu_5RxeIMPhjk8q6uNX4EaEHbooKkbu7pCADWPpVJjhKIH5NQSJpWqedC-YBez4QAQeJYokkLot9bhrIaUAeztsGis6M\/s1600\/logo-principal3.jpg\" width=\"100%\" height=\"100\" \/><\/a><!--bestpublic-voz05--><!--desk-in-out-voz05--><br \/>\n<!--publicidad-voz06--><!--bestpublic-voz06--><!--desk-in-out-voz06--><br \/>\n<!--publicidad-voz07--><!--bestpublic-voz07--><!--desk-in-out-voz07--><br \/>\n<!--publicidad-voz08--><!--bestpublic-voz08--><!--desk-in-out-voz08--><br \/>\n<!--publicidad-voz09--><!--bestpublic-voz09--><!--desk-in-out-voz09--><br \/>\n<!--publicidad-voz10--><!--bestpublic-voz10--><!--desk-in-out-voz10--><br \/>\n<!--publicidad-voz11--><!--bestpublic-voz11--><!--desk-in-out-voz11--><br \/>\n<!--publicidad-voz12--><!--bestpublic-voz12--><!--desk-in-out-voz12--><br \/>\n<!--publicidad-voz13--><!--bestpublic-voz13--><!--desk-in-out-voz13--><br \/>\n<!--publicidad-voz14--><!--bestpublic-voz14--><!--desk-in-out-voz14--><br \/>\n<!--publicidad-voz15--><!--bestpublic-voz15--><!--desk-in-out-voz15--><br \/>\n<!--publicidad-voz16--><!--bestpublic-voz16--><!--desk-in-out-voz16--><\/p>\n","protected":false},"excerpt":{"rendered":"<p>La Diputaci\u00f3n de Albacete avanza en su compromiso de promocionar y poner en valor la cultura musical con su V Encuentro Provincial de Bandas de M\u00fasica.<\/p>\n","protected":false},"author":2,"featured_media":151737,"comment_status":"closed","ping_status":"closed","sticky":false,"template":"","format":"standard","meta":{"footnotes":""},"categories":[755,718,715,716,717],"tags":[],"class_list":["post-151736","post","type-post","status-publish","format-standard","has-post-thumbnail","hentry","category-blog-lv036","category-blogger","category-la-voz-de-hellin","category-la-voz-de-hellin-la-voz-de-hellin","category-noticias"],"_links":{"self":[{"href":"https:\/\/lavozdehellin.com\/noticias\/wp-json\/wp\/v2\/posts\/151736","targetHints":{"allow":["GET"]}}],"collection":[{"href":"https:\/\/lavozdehellin.com\/noticias\/wp-json\/wp\/v2\/posts"}],"about":[{"href":"https:\/\/lavozdehellin.com\/noticias\/wp-json\/wp\/v2\/types\/post"}],"author":[{"embeddable":true,"href":"https:\/\/lavozdehellin.com\/noticias\/wp-json\/wp\/v2\/users\/2"}],"replies":[{"embeddable":true,"href":"https:\/\/lavozdehellin.com\/noticias\/wp-json\/wp\/v2\/comments?post=151736"}],"version-history":[{"count":0,"href":"https:\/\/lavozdehellin.com\/noticias\/wp-json\/wp\/v2\/posts\/151736\/revisions"}],"wp:featuredmedia":[{"embeddable":true,"href":"https:\/\/lavozdehellin.com\/noticias\/wp-json\/wp\/v2\/media\/151737"}],"wp:attachment":[{"href":"https:\/\/lavozdehellin.com\/noticias\/wp-json\/wp\/v2\/media?parent=151736"}],"wp:term":[{"taxonomy":"category","embeddable":true,"href":"https:\/\/lavozdehellin.com\/noticias\/wp-json\/wp\/v2\/categories?post=151736"},{"taxonomy":"post_tag","embeddable":true,"href":"https:\/\/lavozdehellin.com\/noticias\/wp-json\/wp\/v2\/tags?post=151736"}],"curies":[{"name":"wp","href":"https:\/\/api.w.org\/{rel}","templated":true}]}}