{"id":151739,"date":"2024-07-08T12:50:01","date_gmt":"2024-07-08T10:50:01","guid":{"rendered":"https:\/\/lavozdehellin.com\/noticias\/?p=151739"},"modified":"2024-11-25T19:24:41","modified_gmt":"2024-11-25T17:24:41","slug":"v08-871-cabanero-anuncia-que-el-ii-congreso-sedipualba-se-celebrara-del-17-al-18-de-octubre-y-ya-esta-abierto-el-plazo-de-inscripciones","status":"publish","type":"post","link":"https:\/\/lavozdehellin.com\/noticias\/v08-871-cabanero-anuncia-que-el-ii-congreso-sedipualba-se-celebrara-del-17-al-18-de-octubre-y-ya-esta-abierto-el-plazo-de-inscripciones\/","title":{"rendered":"LVH NOTICIAS | CABA\u00d1ERO ANUNCIA QUE EL II CONGRESO SEDIPUALBA SE CELEBRAR\u00c1 DEL 17 AL 18 DE OCTUBRE Y YA EST\u00c1 ABIERTO EL PLAZO DE INSCRIPCIONES"},"content":{"rendered":"<p style=\"text-align: justify;\">El presidente de la Diputaci\u00f3n de Albacete, Santi Caba\u00f1ero, ha dado a conocer que la instituci\u00f3n provincial va a realizar el II Congreso Sedipualba tras el \u00e9xito de su primera edici\u00f3n, celebrada en 2022, donde se dieron cita m\u00e1s de 400 participantes.<\/p>\n<p><!--more--><br \/>\n<!--publicidad-voz01--><a href=\"https:\/\/www.facebook.com\/SoloRadioHellin\/?locale=es_ES\"><img decoding=\"async\" class=\"alignnone size-medium\" src=\"https:\/\/blogger.googleusercontent.com\/img\/b\/R29vZ2xl\/AVvXsEiNncirNnyGedv00mhjZjh5Wl4_YPdJGanoAl8tL8zH-HwqE8uHqjEfSt340RHdx-9tuCSIkZ8rFamZiGyYlgDGxCsmXjCH_1xk5eYM3ntFZRvJP_jndOKR7w1UAo9Tu0vrZyOLfqRpHIxYI5SymJJ-pfGCQw6QVpggBH-UgfjiFQ2JOxqxG0Jx94kW83c\/s1600\/logo-principal.jpg\" width=\"100%\" height=\"100\" \/><\/a><!--bestpublic-voz01--><!--desk-in-out-voz01--><br \/>\n<!--publicidad-voz02--><a href=\"https:\/\/www.hellincf.com\/\"><img decoding=\"async\" class=\"alignnone size-medium\" src=\"https:\/\/blogger.googleusercontent.com\/img\/b\/R29vZ2xl\/AVvXsEhuZ4-XfBVj3UtdP8-RZugy3WVrg-Zv28c53m4oV47qYCxL1rX_dqWX_YddsGSnpH5SRDqZ7bZeKPIfDVCDncpjVlhy3aQs2vojcJBn7Gdv9hC2_Nzct_pRFrnFE1a7KTCdY1bT_kAgnY3-iadRZrGeJf1fR2P5fu11bokx0pWjaypoy-ctwCjklldpEbA\/s1600\/logo-principal7.jpg\" width=\"100%\" height=\"100\" \/><\/a><!--bestpublic-voz02--><!--desk-in-out-voz02--><\/p>\n<p style=\"text-align: justify;\">Junto al diputado del \u00e1rea, Jos\u00e9 Antonio Calvo, y al jefe del Servicio de Modernizaci\u00f3n Administrativa y TIC de la instituci\u00f3n, Jos\u00e9 Joaqu\u00edn de Haro, el m\u00e1ximo responsable provincial ha explicado que esta cita tendr\u00e1 lugar los d\u00edas 17 y 18 de octubre, avanzando que esperan superar las cifras de 2022 y que desde este lunes est\u00e1 abierto el plazo de inscripci\u00f3n en la p\u00e1gina web del propio evento, cuya programaci\u00f3n se est\u00e1 cerrando, aunque ya se sabe que contar\u00e1 con destacados ponentes nacionales e internacionales.<\/p>\n<p style=\"text-align: justify;\">El Congreso permite poner en valor esta plataforma de administraci\u00f3n electr\u00f3nica, pero tambi\u00e9n es un punto de encuentro de profesionales (responsables TIC, responsables pol\u00edticos, t\u00e9cnicos\u2026) que comparten el objetivo de prestar los mejores servicios digitales a la ciudadan\u00eda desde una perspectiva de reutilizaci\u00f3n y eficiencia en el uso de los recursos p\u00fablicos, tal y como ha se\u00f1alado Caba\u00f1ero, a\u00f1adiendo que tambi\u00e9n permitir\u00e1 el intercambio de experiencias, novedades y la puesta en com\u00fan de puntos a mejorar.<\/p>\n<p style=\"text-align: justify;\">\u201cConvertida en un referente nacional e internacional del \u00e1mbito de la Transformaci\u00f3n Digital en las Administraciones P\u00fablicas\u201d, Sedipualba es una plataforma que podr\u00eda haber sido puesta en marcha por la empresa privada m\u00e1s puntera del mundo, \u201csi decimos que naci\u00f3 en Silicon Valley, estoy convencido de que nadie lo pondr\u00eda en duda\u201d, ha apuntado Caba\u00f1ero, manifestando con orgullo lo que supone para la Diputaci\u00f3n de Albacete que sea fruto del trabajo de los profesionales de su Servicio de Modernizaci\u00f3n Administrativa y TIC.<\/p>\n<p style=\"text-align: justify;\">En este sentido, y reconociendo y agradeciendo la labor diario que realizan, el presidente provincial ha puesto el foco en la importancia del emprendimiento en el sector p\u00fablico, explicando que se trata de la mayor plataforma p\u00fablica de Administraci\u00f3n Electr\u00f3nica del pa\u00eds, \u201cy es importante que digamos que ha sido ideada, creada, desarrollada y perfeccionada 100 por 100 por empleados p\u00fablicos de esta \u2018Casa\u2019 y hecha 100 por 100 con dinero p\u00fablico\u201d, y ha subrayado que, en lugar de reducir sus beneficios al \u00e1mbito provincial, desde la instituci\u00f3n han optado por compartirlos a nivel nacional, porque \u201centendemos que lo que se hace con dinero p\u00fablico tiene que estar a disposici\u00f3n de todos y todas\u201d.<\/p>\n<p style=\"text-align: justify;\">Caba\u00f1ero destaca que Sedipualba es \u201cuno de los proyectos de colaboraci\u00f3n interadministrativa y reutilizaci\u00f3n de soluciones tecnol\u00f3gicas m\u00e1s importantes de nuestro pa\u00eds\u201d<\/p>\n<p style=\"text-align: justify;\">Caba\u00f1ero ha asegurado que \u201cdebemos presumir\u201d de este recurso y darlo a conocer entre la ciudadan\u00eda, y ha explicado que Sedipualba constituye \u201cuno de los proyectos de colaboraci\u00f3n interadministrativa y reutilizaci\u00f3n de soluciones tecnol\u00f3gicas m\u00e1s importantes de nuestro pa\u00eds\u201d, apuntando que la respuesta obtenida ante esta herramienta ha superado todas las previsiones, con una acogida en ascenso, \u201cy es raro el Pleno Provincial en el que no damos cuenta de la cesi\u00f3n de su uso a nuevas administraciones p\u00fablicas. Para el siguiente tenemos la solicitud de la Federaci\u00f3n Espa\u00f1ola de Municipios y provincias de Madrid\u00bb. Siendo utilizada en la actualidad por trabajadores y trabajadoras de m\u00e1s de 1.000 administraciones p\u00fablicas distribuidas por las 17 Comunidades Aut\u00f3nomas (est\u00e1 traducida a todas las lenguas oficiales del pa\u00eds).<\/p>\n<p style=\"text-align: justify;\">De hecho, est\u00e1 funcionando de manera ininterrumpida desde 2014 y se viene compartiendo con entidades de fuera de la provincia de Albacete desde 2017 \u201csin que, hasta la fecha, ninguna entidad de las que trabaja con ella haya solicitado cambiar de sistema de gesti\u00f3n\u201d.<\/p>\n<p style=\"text-align: justify;\">Caba\u00f1ero tambi\u00e9n ha apuntado que es un hecho sin precedentes en Espa\u00f1a que una administraci\u00f3n p\u00fablica de \u00e1mbito local sea capaz de generar un sistema inform\u00e1tico (un software) con la capacidad para, por un lado, gestionar tal n\u00famero de operaciones diarias con todas las garant\u00edas; y, por otro lado, almacenar toda la informaci\u00f3n que necesita la entidad para su gesti\u00f3n diaria.<\/p>\n<p style=\"text-align: justify;\">Una realidad que supone \u201cuna inmensa responsabilidad por la gran confianza que cada una de esas Administraciones P\u00fablicas ha depositado en esta Diputaci\u00f3n, ya que, en buena parte, su gesti\u00f3n diaria est\u00e1 en manos de nuestro Servicio de Modernizaci\u00f3n Administrativa y TIC (aunque sabemos que est\u00e1 en buenas manos), tambi\u00e9n es un inmenso orgullo para esta instituci\u00f3n, que conf\u00eda plenamente en este proyecto y apuesta firmemente por \u00e9l para que siga creciendo y llegando a nuevas administraciones p\u00fablicas, desde el convencimiento de la importancia que tiene avanzar en la colaboraci\u00f3n interadministrativa y en la reutilizaci\u00f3n de soluciones tecnol\u00f3gicas\u201d.<\/p>\n<p style=\"text-align: justify;\">Promueve la interoperabilidad entre administraciones y ciudadan\u00eda<\/p>\n<p style=\"text-align: justify;\">Por su parte, el diputado provincial del \u00e1rea, Jos\u00e9 Antonio Calvo, ha recordado que el \u00e9xito de Sedipualba ha sido reconocido con diversos premios, incluyendo el Certificado de Excelencia otorgado por la Comisi\u00f3n Europea y el Best Practice del Instituto Europeo de Administraciones P\u00fablicas (EPSA), y ha explicado algunos detalles de su funcionamiento, indicando que la Diputaci\u00f3n de Albacete ha puesto a disposici\u00f3n de cualquier administraci\u00f3n p\u00fablica local, en el \u00e1mbito auton\u00f3mico y estatal, las soluciones integradas en Sedipualb@, enmarcadas en las disposiciones de la Ley 40\/2015, con un modelo de costes compartidos y sin \u00e1nimo de lucro para la instituci\u00f3n.<\/p>\n<p style=\"text-align: justify;\">Adem\u00e1s, ha detallado que este recurso \u201cpromueve la interoperabilidad entre administraciones y ciudadan\u00eda, reduciendo la brecha digital con caracter\u00edsticas como la firma biom\u00e9trica y la ventanilla \u00fanica, al tiempo que permite que cualquier persona registre un documento en cualquier entidad Sedipualb@ sin necesidad de firmar en el momento, facilita el pago de tasas asociadas a tr\u00e1mites a trav\u00e9s de Bizum o tarjeta de cr\u00e9dito o d\u00e9bito, y proporciona acceso autom\u00e1tico a la documentaci\u00f3n relacionada con sus expedientes\u201d.<\/p>\n<p style=\"text-align: justify;\">100 por 100 sostenible<\/p>\n<p style=\"text-align: justify;\">Finalmente, el jefe del Servicio de Modernizaci\u00f3n Administrativa y TIC de la Diputaci\u00f3n, Jos\u00e9 Joaqu\u00edn de Haro, ha querido centrarse en \u201cel aspecto de sostenibilidad de Sedipualba\u201d, y ha incidido en que \u201ces un hito que una administraci\u00f3n peque\u00f1a y desde Albacete\u201d la haya puesto en marcha.<\/p>\n<p style=\"text-align: justify;\">Apuntando que este territorio tambi\u00e9n es una potencia en el desarrollo de software con \u201cexcelentes profesionales\u201d, Jos\u00e9 Joaqu\u00edn de Haro ha indico que han construido un sistema tecnol\u00f3gico \u201c100 por 100 sostenible por s\u00ed mismo, que ingresa los mismos recursos que consume y puede durar lo que se considere porque no genera ninguna carga para el erario p\u00fablico\u201d, y ha explicado que en este \u00faltimo tiempo se ha reestructurado el modelo de la mano de la UCLM con el objetivo de poder seguir creciendo, indicando que cuenta con dos tipos de coste, uno por uso de la plataforma (este coste est\u00e1 establecido en unos 60\u20ac por usuario al a\u00f1o) y otro por el coste de almacenamiento, \u201cambos sostenibles\u201d.<\/p>\n<p><!--publicidad-voz03--><a href=\"https:\/\/www.facebook.com\/profile.php?id=100063593791305&amp;locale=es_ES\"><img decoding=\"async\" class=\"alignnone size-medium\" src=\"https:\/\/blogger.googleusercontent.com\/img\/b\/R29vZ2xl\/AVvXsEi8_n_ll8UOcGxCqzFvb_9Io4ICczlGC990BPtPj2w9Px-u7B3oqWUW5vtjZUqPNJ-nyjiUIorE0ATsib_l5tV8BVN-UJ03RTnU__IHJF_4DgDBtY4LIqXNG-FomrO-7ywes20CBCRM2Hcm7EJSh3UUw1dO-c_uTflUrtgY1i7uBRezj_DpympmEFkfbQY\/s1600\/logo-principal2.jpg\" width=\"100%\" height=\"100\" \/><\/a><!--bestpublic-voz03--><!--desk-in-out-voz03--><br \/>\n<!--publicidad-voz04--><a href=\"https:\/\/www.facebook.com\/profile.php?id=61557370768692&amp;locale=es_ES\"><img decoding=\"async\" class=\"alignnone size-medium\" src=\"https:\/\/blogger.googleusercontent.com\/img\/b\/R29vZ2xl\/AVvXsEgy5RdcfffrnrItnYTcV9bCJjgJwldsQLWssfVfrLbyfXeBNTFKgBf0rMIvhrUaGUhiXzVr9_eQgCbi-j63ZDpfTvLIty9w7s140y-m1yHe7eKmEK7v2NAHUJDVYGdfeiQFeRCqUjdwWmN1MX_AUxxz4IVdJ4WIM0APxit8bjWkXzrnEFGqBvW_1F13H1g\/s1600\/logo-principal5.jpg\" width=\"100%\" height=\"100\" \/><\/a><!--bestpublic-voz04--><!--desk-in-out-voz04--><br \/>\n<!--publicidad-voz05--><a href=\"https:\/\/www.facebook.com\/asociaciontamborileroshellin?locale=es_ES\"><img decoding=\"async\" class=\"alignnone size-medium\" src=\"https:\/\/blogger.googleusercontent.com\/img\/b\/R29vZ2xl\/AVvXsEhHEEpZsKK1VpwiYMrS7aE2ujtqIDZoLd4B5wtbiseSU9s2HdTdQfhF84So2XwEB1fv0BLw95GADm6hUl1bkKtzh-eIgVigXONuu_5RxeIMPhjk8q6uNX4EaEHbooKkbu7pCADWPpVJjhKIH5NQSJpWqedC-YBez4QAQeJYokkLot9bhrIaUAeztsGis6M\/s1600\/logo-principal3.jpg\" width=\"100%\" height=\"100\" \/><\/a><!--bestpublic-voz05--><!--desk-in-out-voz05--><br \/>\n<!--publicidad-voz06--><!--bestpublic-voz06--><!--desk-in-out-voz06--><br \/>\n<!--publicidad-voz07--><!--bestpublic-voz07--><!--desk-in-out-voz07--><br \/>\n<!--publicidad-voz08--><!--bestpublic-voz08--><!--desk-in-out-voz08--><br \/>\n<!--publicidad-voz09--><!--bestpublic-voz09--><!--desk-in-out-voz09--><br \/>\n<!--publicidad-voz10--><!--bestpublic-voz10--><!--desk-in-out-voz10--><br \/>\n<!--publicidad-voz11--><!--bestpublic-voz11--><!--desk-in-out-voz11--><br \/>\n<!--publicidad-voz12--><!--bestpublic-voz12--><!--desk-in-out-voz12--><br \/>\n<!--publicidad-voz13--><!--bestpublic-voz13--><!--desk-in-out-voz13--><br \/>\n<!--publicidad-voz14--><!--bestpublic-voz14--><!--desk-in-out-voz14--><br \/>\n<!--publicidad-voz15--><!--bestpublic-voz15--><!--desk-in-out-voz15--><br \/>\n<!--publicidad-voz16--><!--bestpublic-voz16--><!--desk-in-out-voz16--><\/p>\n","protected":false},"excerpt":{"rendered":"<p>El presidente de la Diputaci\u00f3n de Albacete, Santi Caba\u00f1ero, ha dado a conocer que la instituci\u00f3n provincial va a realizar el II Congreso Sedipualba tras el \u00e9xito de su primera&#8230;<\/p>\n","protected":false},"author":2,"featured_media":151740,"comment_status":"closed","ping_status":"closed","sticky":false,"template":"","format":"standard","meta":{"footnotes":""},"categories":[755,718,715,716,717],"tags":[],"class_list":["post-151739","post","type-post","status-publish","format-standard","has-post-thumbnail","hentry","category-blog-lv036","category-blogger","category-la-voz-de-hellin","category-la-voz-de-hellin-la-voz-de-hellin","category-noticias"],"_links":{"self":[{"href":"https:\/\/lavozdehellin.com\/noticias\/wp-json\/wp\/v2\/posts\/151739","targetHints":{"allow":["GET"]}}],"collection":[{"href":"https:\/\/lavozdehellin.com\/noticias\/wp-json\/wp\/v2\/posts"}],"about":[{"href":"https:\/\/lavozdehellin.com\/noticias\/wp-json\/wp\/v2\/types\/post"}],"author":[{"embeddable":true,"href":"https:\/\/lavozdehellin.com\/noticias\/wp-json\/wp\/v2\/users\/2"}],"replies":[{"embeddable":true,"href":"https:\/\/lavozdehellin.com\/noticias\/wp-json\/wp\/v2\/comments?post=151739"}],"version-history":[{"count":0,"href":"https:\/\/lavozdehellin.com\/noticias\/wp-json\/wp\/v2\/posts\/151739\/revisions"}],"wp:featuredmedia":[{"embeddable":true,"href":"https:\/\/lavozdehellin.com\/noticias\/wp-json\/wp\/v2\/media\/151740"}],"wp:attachment":[{"href":"https:\/\/lavozdehellin.com\/noticias\/wp-json\/wp\/v2\/media?parent=151739"}],"wp:term":[{"taxonomy":"category","embeddable":true,"href":"https:\/\/lavozdehellin.com\/noticias\/wp-json\/wp\/v2\/categories?post=151739"},{"taxonomy":"post_tag","embeddable":true,"href":"https:\/\/lavozdehellin.com\/noticias\/wp-json\/wp\/v2\/tags?post=151739"}],"curies":[{"name":"wp","href":"https:\/\/api.w.org\/{rel}","templated":true}]}}