{"id":151745,"date":"2024-07-10T13:29:20","date_gmt":"2024-07-10T11:29:20","guid":{"rendered":"https:\/\/lavozdehellin.com\/noticias\/?p=151745"},"modified":"2024-11-25T19:24:41","modified_gmt":"2024-11-25T17:24:41","slug":"v08-873-valera-anuncia-desde-letur-que-la-diputacion-ya-ha-repartido-en-torno-a-3-000-000-e-de-los-5-700-000-e-del-dipualba-responde-inversiones-2024-favoreciendo-mas-de-100-actuaciones","status":"publish","type":"post","link":"https:\/\/lavozdehellin.com\/noticias\/v08-873-valera-anuncia-desde-letur-que-la-diputacion-ya-ha-repartido-en-torno-a-3-000-000-e-de-los-5-700-000-e-del-dipualba-responde-inversiones-2024-favoreciendo-mas-de-100-actuaciones\/","title":{"rendered":"LVH NOTICIAS | VALERA ANUNCIA DESDE LETUR QUE LA DIPUTACI\u00d3N YA HA REPARTIDO EN TORNO A 3.000.000 \u20ac DE LOS 5.700.000 \u20ac DEL \u2018DIPUALBA RESPONDE INVERSIONES\u2019 2024 FAVORECIENDO M\u00c1S DE 100 ACTUACIONES"},"content":{"rendered":"<p style=\"text-align: justify;\">El vicepresidente de la Diputaci\u00f3n de Albacete y responsable del \u00e1rea de Obras, Fran Valera, se ha desplazado hasta Letur para comprobar, junto a su alcalde, Sergio Mar\u00edn, los resultados de las actuaciones que de la mano del programa \u2018Dipualba Responde Inversiones\u2019 2024 est\u00e1n transformando el d\u00eda a d\u00eda de esta localidad y las condiciones de vida de sus vecinos y vecinas.<\/p>\n<p><!--more--><br \/>\n<!--publicidad-voz01--><a href=\"https:\/\/www.facebook.com\/SoloRadioHellin\/?locale=es_ES\"><img decoding=\"async\" class=\"alignnone size-medium\" src=\"https:\/\/blogger.googleusercontent.com\/img\/b\/R29vZ2xl\/AVvXsEiNncirNnyGedv00mhjZjh5Wl4_YPdJGanoAl8tL8zH-HwqE8uHqjEfSt340RHdx-9tuCSIkZ8rFamZiGyYlgDGxCsmXjCH_1xk5eYM3ntFZRvJP_jndOKR7w1UAo9Tu0vrZyOLfqRpHIxYI5SymJJ-pfGCQw6QVpggBH-UgfjiFQ2JOxqxG0Jx94kW83c\/s1600\/logo-principal.jpg\" width=\"100%\" height=\"100\" \/><\/a><!--bestpublic-voz01--><!--desk-in-out-voz01--><br \/>\n<!--publicidad-voz02--><a href=\"https:\/\/www.hellincf.com\/\"><img decoding=\"async\" class=\"alignnone size-medium\" src=\"https:\/\/blogger.googleusercontent.com\/img\/b\/R29vZ2xl\/AVvXsEhuZ4-XfBVj3UtdP8-RZugy3WVrg-Zv28c53m4oV47qYCxL1rX_dqWX_YddsGSnpH5SRDqZ7bZeKPIfDVCDncpjVlhy3aQs2vojcJBn7Gdv9hC2_Nzct_pRFrnFE1a7KTCdY1bT_kAgnY3-iadRZrGeJf1fR2P5fu11bokx0pWjaypoy-ctwCjklldpEbA\/s1600\/logo-principal7.jpg\" width=\"100%\" height=\"100\" \/><\/a><!--bestpublic-voz02--><!--desk-in-out-voz02--><\/p>\n<p style=\"text-align: justify;\">Valera ha aprovechado la visita para anunciar que la instituci\u00f3n provincial ya ha dado \u2018v\u00eda verde\u2019 a la cuarta resoluci\u00f3n de esta convocatoria de ayudas que, en esta ocasi\u00f3n, abarca un total de 23 actuaciones en 17 localidades con una cuant\u00eda que asciende hasta los 614.587 \u20ac.<\/p>\n<p style=\"text-align: justify;\">Un importe que se suma a los m\u00e1s de 2.355.000 \u20ac de la primera, la segunda y la tercera resoluci\u00f3n, evidenciando el esfuerzo que se viene realizando desde la Diputaci\u00f3n para dar salida con agilidad a las peticiones de los Ayuntamientos y Entidades Locales Menores con una poblaci\u00f3n inferior a 20.000 habitantes, a las que va dirigida esta ayuda, de acuerdo con el compromiso del Equipo de Gobierno que preside Santi Caba\u00f1ero. En total, de los 5.700.000 \u20ac de este programa para 2024 ya se ha avanzado a los Consistorios algo m\u00e1s del 55%, llegando a m\u00e1s de 50 localidades y a una cifra superior a las 100 actuaciones.<\/p>\n<p style=\"text-align: justify;\">Letur es uno de los municipios beneficiados en esta cuarta resoluci\u00f3n, como ha tenido oportunidad de trasladarle en persona el vicepresidente al regidor. Tambi\u00e9n lo son Alcal\u00e1 del J\u00fascar, Barrax, Alcadozo, Bonete, La Herrera, Masegoso, Ossa de Montiel, Munera, Bogarra, Alborea, San Pedro, Li\u00e9tor, La Gineta, Pozo Ca\u00f1ada, Cotillas y Aguas Nuevas.<\/p>\n<p style=\"text-align: justify;\">En su conjunto, las cuant\u00edas concedidas oscilan entre los cerca de 2.000 \u20ac y los m\u00e1s de 81.000 \u20ac, ya que algunas de las localidades se han acogido a la posibilidad que la Diputaci\u00f3n ofrece para sumar al \u2018Dipualba Responde Inversiones\u2019 los importes correspondientes al Plan de Obras y Servicios (POS), favoreciendo acciones m\u00e1s ambiciosas.<\/p>\n<p style=\"text-align: justify;\">M\u00e1s de 116.800 \u20ac para Letur en el marco del \u2018Dipualba Responde\u2019 2024<\/p>\n<p style=\"text-align: justify;\">De hecho, ese es el caso de Letur que, este 2024, en el marco del \u2018Dipualba Responde\u2019, en su modalidad de inversiones y gasto corriente, dispone de m\u00e1s de 116.800 \u20ac para abordar aquellas actuaciones que desde su Ayuntamiento han considerado prioritarias. Adem\u00e1s, como ha indicado Valera, lo est\u00e1n gestionando con \u201ceficacia y celeridad\u201d y ya han solicitado los 68.000 \u20ac correspondientes a inversiones, habiendo ejecutado hasta la fecha cerca del 80% del importante.<\/p>\n<p style=\"text-align: justify;\">En el marco de esta cuarta resoluci\u00f3n han obtenido 12.947 \u20ac, que se suman a los m\u00e1s de 55.000 \u20ac que la localidad ya ha recibido en las anteriores, y que han hecho posible mejoras en diversos espacios e instalaciones municipales, favoreciendo un importante impulso al turismo, uno de los principales sectores econ\u00f3micos de la localidad.<\/p>\n<p style=\"text-align: justify;\">As\u00ed, a trav\u00e9s del programa \u2018Dipualba Responde Inversiones\u2019 2024, el Ayuntamiento ha llevado a cabo actuaciones de reparaci\u00f3n y acondicionamiento de dos casas rurales municipales, que vienen a sumarse a los 6 alojamientos con los que ya cuenta el Consistorio, contribuyendo a ampliar la oferta de plazas hoteleras de la localidad, \u201cuna localidad pionera en las pol\u00edticas p\u00fablicas enfocadas al turismo, en la que cerca del 10% de estas plazas son p\u00fablicas\u201d.<\/p>\n<p style=\"text-align: justify;\">Adem\u00e1s, se han realizado trabajos en la piscina natural \u2018Los Canales\u2019 con la colocaci\u00f3n de un vallado de protecci\u00f3n en el muro superior de la misma. Siendo \u00e9sta una zona muy transitada tanto por vecinos y vecinas como por turistas durante los meses de verano, como ha podido comprobar Valera durante la jornada, advirtiendo, asimismo, \u201cla belleza de un entorno natural privilegiado\u201d.<\/p>\n<p style=\"text-align: justify;\">Junto a estas obras, tambi\u00e9n se ha actuado en la red de abastecimiento de agua potable, cambiando un tramo de la tuber\u00eda en la Plaza Mayor, con lo que se ha conseguido un mejor servicio y se ha puesto fin al problema de la falta de presi\u00f3n en la zona del casco antiguo del municipio; y se ha actuado en el alumbrado p\u00fablico, instalando farolas en diferentes v\u00edas.<\/p>\n<p style=\"text-align: justify;\">Igualmente, se han llevado a cabo reformas en el Centro Social de Abejuela, un espacio muy vers\u00e1til para la vida de la pedan\u00eda, donde se ha cambiado la instalaci\u00f3n el\u00e9ctrica, se ha renovado el piso del suelo y el rodapi\u00e9, y se ha instalado un calentador el\u00e9ctrico de 50 litros.<\/p>\n<p style=\"text-align: justify;\">A esto se suman otras actuaciones en este mismo n\u00facleo de poblaci\u00f3n, en el que se ha reparado la barandilla de los jardines de la Ermita para reforzar su seguridad y las calles de las inmediaciones de su lavadero, al tiempo que se ha arreglado la calle Era de la Pe\u00f1a.<\/p>\n<p style=\"text-align: justify;\">Acciones que, dentro de esta cuarta resoluci\u00f3n, se ver\u00e1n ampliadas contribuyendo a que Letur experimente nuevos avances y mejoras en servicios municipales, como es el caso del alumbrado p\u00fablico en numerosas calles y en el pol\u00edgono de Letur, as\u00ed como en las pedan\u00edas de La Dehesa y Abejuela.<\/p>\n<p style=\"text-align: justify;\">M\u00e1s de 20 actuaciones<\/p>\n<p style=\"text-align: justify;\">Por su parte, entre el resto de actuaciones que se llevar\u00e1n a cabo merced a esta cuarta resoluci\u00f3n del programa \u2018Dipualba Responde Inversiones 2024\u2019, encontramos una gran variedad de proyectos, cuyas cuant\u00edas m\u00e1s significativas est\u00e1n destinadas a diversas mejoras de gran envergadura en el cementerio de Alborea (81.760 \u20ac), a la pavimentaci\u00f3n de varias v\u00edas p\u00fablicas en San Pedro (52.248 \u20ac), a la reforma de las aceras en la Avenida de La Paz en Li\u00e9tor (43.508 \u20ac), al acondicionamiento de una parcela en la urbanizaci\u00f3n Los Olivos en La Gineta para crear una zona de recreo (42.003 \u20ac), a la construcci\u00f3n de una pista de p\u00e1del en Aguas Nuevas (40.909 \u20ac) o al arreglo del asfaltado en diversas calles de Ossa de Montiel (40.000 \u20ac), donde tambi\u00e9n finalizar\u00e1n la mejora de la calle Numancia (10.000 \u20ac).<\/p>\n<p style=\"text-align: justify;\">Con respecto al resto de localidades, en Bonete se va a renovar la red de abastecimiento de agua en las calles La Fuente y Murillo (39.198 \u20ac), y tambi\u00e9n se van a realizar actuaciones en la piscina municipal (20.601 \u20ac); en Cotillas han previsto acondicionar una zona de aparcamientos (36.991 \u20ac); en Alcadozo (33.516 \u20ac), en Alcal\u00e1 del J\u00facar (20.523 \u20ac) y en sus pedan\u00edas (29.551 \u20ac), as\u00ed como en Pozo Ca\u00f1ada (15.417 \u20ac) estas ayudas se destinar\u00e1n a la mejora de diferentes v\u00edas p\u00fablicas. Siguiendo esta l\u00ednea, Masegoso adecuar\u00e1 uno de los accesos a la localidad (21.922 \u20ac), al tiempo que prolongar\u00e1 el colector de saneamiento (18.077 \u20ac).<\/p>\n<p style=\"text-align: justify;\">Del mismo modo, La Herrera, adem\u00e1s de trabajos en varias calles, va a acometer actuaciones en instalaciones municipales (6.688 \u20ac); Barrax, junto a mejoras en el antiguo abrevadero (5.804 \u20ac), proceder\u00e1 a la iluminaci\u00f3n del aparcamiento de camiones (8.537 \u20ac); y Bogarra sustituir\u00e1 el saneamiento de diferentes calles (25.143 \u20ac) y colocar\u00e1 una barandilla en la plaza de toros (7.291 \u20ac).<\/p>\n<p style=\"text-align: justify;\">Acciones todas ellas que, como ha puesto de relieve Valera, se traducen en mejoras de calado en servicios p\u00fablicos e infraestructuras municipales de muy diversa \u00edndole, \u201cque repercuten en la calidad de vida de la poblaci\u00f3n de cada localidad\u201d, al tiempo que contribuyen a su dinamizaci\u00f3n socioecon\u00f3mica \u201cgenerando actividad indirecta y directa\u201d, y ha remarcado que programas como \u00e9ste, que apuestan por la autonom\u00eda municipal para abordar las necesidades y realidades de cada territorio, \u201cson un agente de transformaci\u00f3n y dinamizaci\u00f3n, un motor de desarrollo y una herramienta para abordar el reto demogr\u00e1fico\u201d.<\/p>\n<p><!--publicidad-voz03--><a href=\"https:\/\/www.facebook.com\/profile.php?id=100063593791305&amp;locale=es_ES\"><img decoding=\"async\" class=\"alignnone size-medium\" src=\"https:\/\/blogger.googleusercontent.com\/img\/b\/R29vZ2xl\/AVvXsEi8_n_ll8UOcGxCqzFvb_9Io4ICczlGC990BPtPj2w9Px-u7B3oqWUW5vtjZUqPNJ-nyjiUIorE0ATsib_l5tV8BVN-UJ03RTnU__IHJF_4DgDBtY4LIqXNG-FomrO-7ywes20CBCRM2Hcm7EJSh3UUw1dO-c_uTflUrtgY1i7uBRezj_DpympmEFkfbQY\/s1600\/logo-principal2.jpg\" width=\"100%\" height=\"100\" \/><\/a><!--bestpublic-voz03--><!--desk-in-out-voz03--><br \/>\n<!--publicidad-voz04--><a href=\"https:\/\/www.facebook.com\/profile.php?id=61557370768692&amp;locale=es_ES\"><img decoding=\"async\" class=\"alignnone size-medium\" src=\"https:\/\/blogger.googleusercontent.com\/img\/b\/R29vZ2xl\/AVvXsEgy5RdcfffrnrItnYTcV9bCJjgJwldsQLWssfVfrLbyfXeBNTFKgBf0rMIvhrUaGUhiXzVr9_eQgCbi-j63ZDpfTvLIty9w7s140y-m1yHe7eKmEK7v2NAHUJDVYGdfeiQFeRCqUjdwWmN1MX_AUxxz4IVdJ4WIM0APxit8bjWkXzrnEFGqBvW_1F13H1g\/s1600\/logo-principal5.jpg\" width=\"100%\" height=\"100\" \/><\/a><!--bestpublic-voz04--><!--desk-in-out-voz04--><br \/>\n<!--publicidad-voz05--><a href=\"https:\/\/www.facebook.com\/asociaciontamborileroshellin?locale=es_ES\"><img decoding=\"async\" class=\"alignnone size-medium\" src=\"https:\/\/blogger.googleusercontent.com\/img\/b\/R29vZ2xl\/AVvXsEhHEEpZsKK1VpwiYMrS7aE2ujtqIDZoLd4B5wtbiseSU9s2HdTdQfhF84So2XwEB1fv0BLw95GADm6hUl1bkKtzh-eIgVigXONuu_5RxeIMPhjk8q6uNX4EaEHbooKkbu7pCADWPpVJjhKIH5NQSJpWqedC-YBez4QAQeJYokkLot9bhrIaUAeztsGis6M\/s1600\/logo-principal3.jpg\" width=\"100%\" height=\"100\" \/><\/a><!--bestpublic-voz05--><!--desk-in-out-voz05--><br \/>\n<!--publicidad-voz06--><!--bestpublic-voz06--><!--desk-in-out-voz06--><br \/>\n<!--publicidad-voz07--><!--bestpublic-voz07--><!--desk-in-out-voz07--><br \/>\n<!--publicidad-voz08--><!--bestpublic-voz08--><!--desk-in-out-voz08--><br \/>\n<!--publicidad-voz09--><!--bestpublic-voz09--><!--desk-in-out-voz09--><br \/>\n<!--publicidad-voz10--><!--bestpublic-voz10--><!--desk-in-out-voz10--><br \/>\n<!--publicidad-voz11--><!--bestpublic-voz11--><!--desk-in-out-voz11--><br \/>\n<!--publicidad-voz12--><!--bestpublic-voz12--><!--desk-in-out-voz12--><br \/>\n<!--publicidad-voz13--><!--bestpublic-voz13--><!--desk-in-out-voz13--><br \/>\n<!--publicidad-voz14--><!--bestpublic-voz14--><!--desk-in-out-voz14--><br \/>\n<!--publicidad-voz15--><!--bestpublic-voz15--><!--desk-in-out-voz15--><br \/>\n<!--publicidad-voz16--><!--bestpublic-voz16--><!--desk-in-out-voz16--><\/p>\n","protected":false},"excerpt":{"rendered":"<p>El vicepresidente de la Diputaci\u00f3n de Albacete y responsable del \u00e1rea de Obras, Fran Valera, se ha desplazado hasta Letur para comprobar, junto a su alcalde, Sergio Mar\u00edn, los resultados&#8230;<\/p>\n","protected":false},"author":2,"featured_media":151746,"comment_status":"closed","ping_status":"closed","sticky":false,"template":"","format":"standard","meta":{"footnotes":""},"categories":[755,718,715,716,717],"tags":[],"class_list":["post-151745","post","type-post","status-publish","format-standard","has-post-thumbnail","hentry","category-blog-lv036","category-blogger","category-la-voz-de-hellin","category-la-voz-de-hellin-la-voz-de-hellin","category-noticias"],"_links":{"self":[{"href":"https:\/\/lavozdehellin.com\/noticias\/wp-json\/wp\/v2\/posts\/151745","targetHints":{"allow":["GET"]}}],"collection":[{"href":"https:\/\/lavozdehellin.com\/noticias\/wp-json\/wp\/v2\/posts"}],"about":[{"href":"https:\/\/lavozdehellin.com\/noticias\/wp-json\/wp\/v2\/types\/post"}],"author":[{"embeddable":true,"href":"https:\/\/lavozdehellin.com\/noticias\/wp-json\/wp\/v2\/users\/2"}],"replies":[{"embeddable":true,"href":"https:\/\/lavozdehellin.com\/noticias\/wp-json\/wp\/v2\/comments?post=151745"}],"version-history":[{"count":0,"href":"https:\/\/lavozdehellin.com\/noticias\/wp-json\/wp\/v2\/posts\/151745\/revisions"}],"wp:featuredmedia":[{"embeddable":true,"href":"https:\/\/lavozdehellin.com\/noticias\/wp-json\/wp\/v2\/media\/151746"}],"wp:attachment":[{"href":"https:\/\/lavozdehellin.com\/noticias\/wp-json\/wp\/v2\/media?parent=151745"}],"wp:term":[{"taxonomy":"category","embeddable":true,"href":"https:\/\/lavozdehellin.com\/noticias\/wp-json\/wp\/v2\/categories?post=151745"},{"taxonomy":"post_tag","embeddable":true,"href":"https:\/\/lavozdehellin.com\/noticias\/wp-json\/wp\/v2\/tags?post=151745"}],"curies":[{"name":"wp","href":"https:\/\/api.w.org\/{rel}","templated":true}]}}