{"id":151748,"date":"2024-07-10T20:09:17","date_gmt":"2024-07-10T18:09:17","guid":{"rendered":"https:\/\/lavozdehellin.com\/noticias\/?p=151748"},"modified":"2024-11-25T19:24:41","modified_gmt":"2024-11-25T17:24:41","slug":"v08-874-diputacion-de-albacete-y-aquadeus-invierten-mas-de-1-170-000-euros-en-una-colaboracion-publico-privada-pionera-en-materia-de-carreteras-que-culmina-con-la-mejora-desarrollada-en-la-ab-602","status":"publish","type":"post","link":"https:\/\/lavozdehellin.com\/noticias\/v08-874-diputacion-de-albacete-y-aquadeus-invierten-mas-de-1-170-000-euros-en-una-colaboracion-publico-privada-pionera-en-materia-de-carreteras-que-culmina-con-la-mejora-desarrollada-en-la-ab-602\/","title":{"rendered":"LVH NOTICIAS | DIPUTACI\u00d3N DE ALBACETE Y AQUADEUS INVIERTEN M\u00c1S DE 1.170.000 EUROS EN UNA COLABORACI\u00d3N P\u00daBLICO-PRIVADA PIONERA EN MATERIA DE CARRETERAS QUE CULMINA CON LA MEJORA DESARROLLADA EN LA AB-602"},"content":{"rendered":"<p style=\"text-align: justify;\">Este jueves ha quedado oficialmente inaugurado el tramo de cerca de 2 kil\u00f3metros de la carretera AB-602, que conecta la N-322 con El Ballestero y da acceso a las instalaciones de la empresa Aquadeus.<\/p>\n<p><!--more--><br \/>\n<!--publicidad-voz01--><a href=\"https:\/\/www.facebook.com\/SoloRadioHellin\/?locale=es_ES\"><img decoding=\"async\" class=\"alignnone size-medium\" src=\"https:\/\/blogger.googleusercontent.com\/img\/b\/R29vZ2xl\/AVvXsEiNncirNnyGedv00mhjZjh5Wl4_YPdJGanoAl8tL8zH-HwqE8uHqjEfSt340RHdx-9tuCSIkZ8rFamZiGyYlgDGxCsmXjCH_1xk5eYM3ntFZRvJP_jndOKR7w1UAo9Tu0vrZyOLfqRpHIxYI5SymJJ-pfGCQw6QVpggBH-UgfjiFQ2JOxqxG0Jx94kW83c\/s1600\/logo-principal.jpg\" width=\"100%\" height=\"100\" \/><\/a><!--bestpublic-voz01--><!--desk-in-out-voz01--><br \/>\n<!--publicidad-voz02--><a href=\"https:\/\/www.hellincf.com\/\"><img decoding=\"async\" class=\"alignnone size-medium\" src=\"https:\/\/blogger.googleusercontent.com\/img\/b\/R29vZ2xl\/AVvXsEhuZ4-XfBVj3UtdP8-RZugy3WVrg-Zv28c53m4oV47qYCxL1rX_dqWX_YddsGSnpH5SRDqZ7bZeKPIfDVCDncpjVlhy3aQs2vojcJBn7Gdv9hC2_Nzct_pRFrnFE1a7KTCdY1bT_kAgnY3-iadRZrGeJf1fR2P5fu11bokx0pWjaypoy-ctwCjklldpEbA\/s1600\/logo-principal7.jpg\" width=\"100%\" height=\"100\" \/><\/a><!--bestpublic-voz02--><!--desk-in-out-voz02--><\/p>\n<p style=\"text-align: justify;\">Un nuevo paso adelante en la ambiciosa renovaci\u00f3n y puesta a punto de la Red Viaria Provincial que viene protagonizando en los \u00faltimos a\u00f1os el Gobierno de Santi Caba\u00f1ero al frente de la Diputaci\u00f3n de Albacete y que, en este caso concreto, adem\u00e1s de con el propio presidente, ha contado con la participaci\u00f3n del vicepresidente, Fran Valera; la diputada de Agenda 2030 y Fondos Europeos, Yolanda Ballesteros; el consejero delegado de Grupo Fuertes, Jos\u00e9 Fuertes; el director corporativo de Estrategia e Inversiones de Grupo Fuertes, Augusto Fuertes; el director gerente de Aquadeus, Adri\u00e1n P\u00e9rez; y los alcaldes de El Ballestero (Daniel Garrido) y Robledo (Cristian Cuerda).<\/p>\n<p style=\"text-align: justify;\">Adem\u00e1s, han estado presentes m\u00faltiples profesionales, como el jefe del Servicio de Carreteras de la Diputaci\u00f3n, Luis Enrique Garc\u00eda, as\u00ed como la ingeniera de la Diputaci\u00f3n de Albacete, M\u00aa Paz P\u00e9rez Carri\u00f3n; y representantes de la empresa BECSA, (Miguel Mi\u00f1ana, director de Asfaltos y Jorge Ballesteros, jefe de obra), adjudicataria de los trabajos.<\/p>\n<p style=\"text-align: justify;\">M\u00e1s de 1.170.000 euros sufragados al 80%-20% por la Diputaci\u00f3n y Aquadeus<\/p>\n<p style=\"text-align: justify;\">Santi Caba\u00f1ero ha destacado la importancia de esta actuaci\u00f3n, calific\u00e1ndola como \u201cuna clara muestra de cosas bien hechas porque, normalmente, no cunde el ejemplo de una colaboraci\u00f3n p\u00fablico-privada, como la que en este caso ha hecho la Diputaci\u00f3n de Albacete con Aquadeus para una infraestructura que viene a mejorar las condiciones de seguridad vial de los trabajadores y trabajadoras de la empresa y del resto del p\u00fablico, pero que tambi\u00e9n vienen a aportar riqueza a toda la comarca y, por tanto, a la provincia. Ojal\u00e1 y cunda m\u00e1s ese ejemplo, y por eso yo quiero agradecer p\u00fablicamente esa generosidad que, dentro de la responsabilidad empresarial, Aquadeus ha tenido para poder llegar a este acuerdo\u201d.<\/p>\n<p style=\"text-align: justify;\">Por tanto, un referente en cooperaci\u00f3n p\u00fablico-privada en materia de carreteras en la provincia\u201d cuyo primer hito tuvo, en marzo de 2023, la firma del convenio que tanto el director gerente de Aquadeus, Adri\u00e1n P\u00e9rez, como el mismo Caba\u00f1ero, suscrib\u00edan para acometer la ampliaci\u00f3n y mejora del tramo comprendido entre los puntos kilom\u00e9tricos 0 a 1,9 de esta carretera de titularidad provincial, AB-602, que va desde la N-322 hasta El Ballestero y que ha duplicado la anchura de la v\u00eda (ahora, de 8 metros), facilitando el tr\u00e1nsito de veh\u00edculos pesados.<\/p>\n<p style=\"text-align: justify;\">La actuaci\u00f3n, con un presupuesto base de licitaci\u00f3n de algo m\u00e1s de 1.170.500 euros, ha sido financiada en un 80% por la Diputaci\u00f3n de Albacete (unos 936.400 euros) y en un 20% por Aquadeus (234.100 euros). El presidente provincial ha reiterado el valor de una colaboraci\u00f3n que refleja el compromiso de la empresa con toda una zona para la que es clave.<\/p>\n<p style=\"text-align: justify;\">Esta obra se suma a los otros 7 kil\u00f3metros de la carretera que ya se tuvieron que mejorar para revertir los da\u00f1os que caus\u00f3 el paso de la borrasca Filomena; actuaciones tasadas en otros m\u00e1s de 767.000 euros financiados, en ese caso, al 50% entre la Diputaci\u00f3n y el Gobierno de Espa\u00f1a; \u201cpero estos casi 2 kil\u00f3metros que hoy inauguramos no hab\u00eda s\u00f3lo que reparar lo da\u00f1ado: hab\u00eda que mejorar la infraestructura, hab\u00eda que ensancharla y ponerla en mejores condiciones para esos 200 camiones que transitan para un lado y para otro todos los d\u00edas, sacando agua y trayendo riqueza a la comarca\u201d, ha explicado Caba\u00f1ero.<\/p>\n<p style=\"text-align: justify;\">Por tanto, esta colaboraci\u00f3n materializada \u2018en asfalto\u2019, pone de manifiesto el compromiso de Aquadeus, participando en la financiaci\u00f3n de unas obras beneficiosas para su actividad diaria, como ha valorado su gerente.<\/p>\n<p style=\"text-align: justify;\">\u201cEsto es el fruto de un trabajo de colaboraci\u00f3n, como ha dicho el presidente, entre la Diputaci\u00f3n y nosotros con bastante tiempo; y que, sin duda, va a mejorar el desarrollo de Aquadeus para los pr\u00f3ximos a\u00f1os. Ahora mismo, la planta de Albacete de costa de 104 empleados que utilizan esta carretera diariamente y, efectivamente, unos 100 camiones de entrada y 100 de salida; en el futuro, gracias a esta infraestructura, vamos a desarrollarlo y vamos a intentar conseguir que sean 400 camiones: 200 de entrada 200 de salida, porque la empresa est\u00e1 teniendo un crecimiento importante y es gracias a colaboraciones como \u00e9sta\u201d, ha comentado Adri\u00e1n P\u00e9rez.<\/p>\n<p style=\"text-align: justify;\">Actuaciones diversas que revitalizan la zona por carretera<\/p>\n<p style=\"text-align: justify;\">Entre ambas actuaciones, la inversi\u00f3n en la AB-602 ha ascendido a cerca de 2.000.000 euros, de los cuales la Diputaci\u00f3n ha aportado en torno a 1.320.000, demostrando su firme compromiso con la mejora de la Red Viaria. Una inversi\u00f3n \u201cen vertebraci\u00f3n territorial, cohesi\u00f3n social, seguridad vial, y capacidad de atraer e incentivar el negocio, la riqueza y la creaci\u00f3n de empleo\u00bb, como ha destacado Santi Caba\u00f1ero.<\/p>\n<p style=\"text-align: justify;\">La reparaci\u00f3n y mejora de esta v\u00eda es, por muchos factores, un s\u00edmbolo de resiliencia y de visi\u00f3n de futuro que fomenta infraestructuras capaces de sostener un crecimiento firme y prometedor. Como han comentado, \u00e9ste es uno de esos proyectos que dan testimonio de lo que se puede lograr con gobiernos que piensas en lo mejor para la gente a trav\u00e9s de una gesti\u00f3n eficiente que avanzan de la mano de este tipo de colaboraciones con el sector privado para beneficiar a la mayor\u00eda y sumar fuerzas.<\/p>\n<p style=\"text-align: justify;\">As\u00ed, la AB-602 se consolida como una arteria vital que, adem\u00e1s de lugares, conecta oportunidades, facilitando el flujo de mercanc\u00edas y personas que dinamizan sobremanera las econom\u00edas locales en todo el entorno. Y Aquadeus, pionera en su sector, refleja su crecimiento exponencial y visi\u00f3n innovadora, aline\u00e1ndose con esa misi\u00f3n de la Diputaci\u00f3n de fortalecer la provincia.<\/p>\n<p style=\"text-align: justify;\">Adem\u00e1s, de las ya citadas, tambi\u00e9n en este \u00e1rea la Diputaci\u00f3n arreglaba el pasado a\u00f1o un camino determinante en la conexi\u00f3n de El Ballestero con la CM-3152; actuaciones que, en conjunto, han mejorado la seguridad y las conexiones en toda la zona, impulsando la circulaci\u00f3n y su desarrollo econ\u00f3mico y social. As\u00ed, la Diputaci\u00f3n de Albacete ha invertido estos \u00faltimos a\u00f1os m\u00e1s de 6.000.000 euros en v\u00edas la comarca de la Sierra de Alcaraz y Campos de Montiel, acondicionando cerca de 100 kil\u00f3metros de carreteras provinciales, tal y como ha puesto en valor Caba\u00f1ero subrayando la que es una \u201cl\u00ednea de trabajo a seguir\u201d.<\/p>\n<p><!--publicidad-voz03--><a href=\"https:\/\/www.facebook.com\/profile.php?id=100063593791305&amp;locale=es_ES\"><img decoding=\"async\" class=\"alignnone size-medium\" src=\"https:\/\/blogger.googleusercontent.com\/img\/b\/R29vZ2xl\/AVvXsEi8_n_ll8UOcGxCqzFvb_9Io4ICczlGC990BPtPj2w9Px-u7B3oqWUW5vtjZUqPNJ-nyjiUIorE0ATsib_l5tV8BVN-UJ03RTnU__IHJF_4DgDBtY4LIqXNG-FomrO-7ywes20CBCRM2Hcm7EJSh3UUw1dO-c_uTflUrtgY1i7uBRezj_DpympmEFkfbQY\/s1600\/logo-principal2.jpg\" width=\"100%\" height=\"100\" \/><\/a><!--bestpublic-voz03--><!--desk-in-out-voz03--><br \/>\n<!--publicidad-voz04--><a href=\"https:\/\/www.facebook.com\/profile.php?id=61557370768692&amp;locale=es_ES\"><img decoding=\"async\" class=\"alignnone size-medium\" src=\"https:\/\/blogger.googleusercontent.com\/img\/b\/R29vZ2xl\/AVvXsEgy5RdcfffrnrItnYTcV9bCJjgJwldsQLWssfVfrLbyfXeBNTFKgBf0rMIvhrUaGUhiXzVr9_eQgCbi-j63ZDpfTvLIty9w7s140y-m1yHe7eKmEK7v2NAHUJDVYGdfeiQFeRCqUjdwWmN1MX_AUxxz4IVdJ4WIM0APxit8bjWkXzrnEFGqBvW_1F13H1g\/s1600\/logo-principal5.jpg\" width=\"100%\" height=\"100\" \/><\/a><!--bestpublic-voz04--><!--desk-in-out-voz04--><br \/>\n<!--publicidad-voz05--><a href=\"https:\/\/www.facebook.com\/asociaciontamborileroshellin?locale=es_ES\"><img decoding=\"async\" class=\"alignnone size-medium\" src=\"https:\/\/blogger.googleusercontent.com\/img\/b\/R29vZ2xl\/AVvXsEhHEEpZsKK1VpwiYMrS7aE2ujtqIDZoLd4B5wtbiseSU9s2HdTdQfhF84So2XwEB1fv0BLw95GADm6hUl1bkKtzh-eIgVigXONuu_5RxeIMPhjk8q6uNX4EaEHbooKkbu7pCADWPpVJjhKIH5NQSJpWqedC-YBez4QAQeJYokkLot9bhrIaUAeztsGis6M\/s1600\/logo-principal3.jpg\" width=\"100%\" height=\"100\" \/><\/a><!--bestpublic-voz05--><!--desk-in-out-voz05--><br \/>\n<!--publicidad-voz06--><!--bestpublic-voz06--><!--desk-in-out-voz06--><br \/>\n<!--publicidad-voz07--><!--bestpublic-voz07--><!--desk-in-out-voz07--><br \/>\n<!--publicidad-voz08--><!--bestpublic-voz08--><!--desk-in-out-voz08--><br \/>\n<!--publicidad-voz09--><!--bestpublic-voz09--><!--desk-in-out-voz09--><br \/>\n<!--publicidad-voz10--><!--bestpublic-voz10--><!--desk-in-out-voz10--><br \/>\n<!--publicidad-voz11--><!--bestpublic-voz11--><!--desk-in-out-voz11--><br \/>\n<!--publicidad-voz12--><!--bestpublic-voz12--><!--desk-in-out-voz12--><br \/>\n<!--publicidad-voz13--><!--bestpublic-voz13--><!--desk-in-out-voz13--><br \/>\n<!--publicidad-voz14--><!--bestpublic-voz14--><!--desk-in-out-voz14--><br \/>\n<!--publicidad-voz15--><!--bestpublic-voz15--><!--desk-in-out-voz15--><br \/>\n<!--publicidad-voz16--><!--bestpublic-voz16--><!--desk-in-out-voz16--><\/p>\n","protected":false},"excerpt":{"rendered":"<p>Este jueves ha quedado oficialmente inaugurado el tramo de cerca de 2 kil\u00f3metros de la carretera AB-602, que conecta la N-322 con El Ballestero y da acceso a las instalaciones&#8230;<\/p>\n","protected":false},"author":2,"featured_media":151749,"comment_status":"closed","ping_status":"closed","sticky":false,"template":"","format":"standard","meta":{"footnotes":""},"categories":[755,718,715,716,717],"tags":[],"class_list":["post-151748","post","type-post","status-publish","format-standard","has-post-thumbnail","hentry","category-blog-lv036","category-blogger","category-la-voz-de-hellin","category-la-voz-de-hellin-la-voz-de-hellin","category-noticias"],"_links":{"self":[{"href":"https:\/\/lavozdehellin.com\/noticias\/wp-json\/wp\/v2\/posts\/151748","targetHints":{"allow":["GET"]}}],"collection":[{"href":"https:\/\/lavozdehellin.com\/noticias\/wp-json\/wp\/v2\/posts"}],"about":[{"href":"https:\/\/lavozdehellin.com\/noticias\/wp-json\/wp\/v2\/types\/post"}],"author":[{"embeddable":true,"href":"https:\/\/lavozdehellin.com\/noticias\/wp-json\/wp\/v2\/users\/2"}],"replies":[{"embeddable":true,"href":"https:\/\/lavozdehellin.com\/noticias\/wp-json\/wp\/v2\/comments?post=151748"}],"version-history":[{"count":0,"href":"https:\/\/lavozdehellin.com\/noticias\/wp-json\/wp\/v2\/posts\/151748\/revisions"}],"wp:featuredmedia":[{"embeddable":true,"href":"https:\/\/lavozdehellin.com\/noticias\/wp-json\/wp\/v2\/media\/151749"}],"wp:attachment":[{"href":"https:\/\/lavozdehellin.com\/noticias\/wp-json\/wp\/v2\/media?parent=151748"}],"wp:term":[{"taxonomy":"category","embeddable":true,"href":"https:\/\/lavozdehellin.com\/noticias\/wp-json\/wp\/v2\/categories?post=151748"},{"taxonomy":"post_tag","embeddable":true,"href":"https:\/\/lavozdehellin.com\/noticias\/wp-json\/wp\/v2\/tags?post=151748"}],"curies":[{"name":"wp","href":"https:\/\/api.w.org\/{rel}","templated":true}]}}