{"id":151810,"date":"2024-07-12T12:57:34","date_gmt":"2024-07-12T10:57:34","guid":{"rendered":"https:\/\/lavozdehellin.com\/noticias\/?p=151810"},"modified":"2024-07-12T16:44:42","modified_gmt":"2024-07-12T14:44:42","slug":"v08-877-el-gobierno-de-cabanero-amplia-su-compromiso-con-las-bandas-de-musica-municipales-300-000-e-para-renovar-vestuario-e-instrumentos","status":"publish","type":"post","link":"https:\/\/lavozdehellin.com\/noticias\/v08-877-el-gobierno-de-cabanero-amplia-su-compromiso-con-las-bandas-de-musica-municipales-300-000-e-para-renovar-vestuario-e-instrumentos\/","title":{"rendered":"LVH NOTICIAS | EL GOBIERNO DE CABA\u00d1ERO AMPL\u00cdA SU COMPROMISO CON LAS BANDAS DE M\u00daSICA MUNICIPALES: 300.000 \u20ac PARA RENOVAR VESTUARIO E INSTRUMENTOS"},"content":{"rendered":"<p style=\"text-align: justify;\">El presidente de la Diputaci\u00f3n de Albacete, Santi Caba\u00f1ero, y el diputado de Cultura, Miguel Zamora, han presentado este viernes las dos Convocatorias de Ayudas que pr\u00f3ximamente tendr\u00e1n a su disposici\u00f3n los ayuntamientos de la provincia para apoyar a las bandas y academias de m\u00fasica municipales. Una de las l\u00edneas es de nueva creaci\u00f3n este a\u00f1o y, la otra, llega con \u00e9sta de 2024 a su tercera edici\u00f3n.<\/p>\n<p><!--more--><br \/>\n<!--publicidad-voz01--><a href=\"https:\/\/www.facebook.com\/SoloRadioHellin\/?locale=es_ES\"><img decoding=\"async\" class=\"alignnone size-medium\" src=\"https:\/\/blogger.googleusercontent.com\/img\/b\/R29vZ2xl\/AVvXsEiNncirNnyGedv00mhjZjh5Wl4_YPdJGanoAl8tL8zH-HwqE8uHqjEfSt340RHdx-9tuCSIkZ8rFamZiGyYlgDGxCsmXjCH_1xk5eYM3ntFZRvJP_jndOKR7w1UAo9Tu0vrZyOLfqRpHIxYI5SymJJ-pfGCQw6QVpggBH-UgfjiFQ2JOxqxG0Jx94kW83c\/s1600\/logo-principal.jpg\" width=\"100%\" height=\"100\" \/><\/a><!--bestpublic-voz01--><!--desk-in-out-voz01--><br \/>\n<!--publicidad-voz02--><a href=\"https:\/\/www.hellincf.com\/\"><img decoding=\"async\" class=\"alignnone size-medium\" src=\"https:\/\/blogger.googleusercontent.com\/img\/b\/R29vZ2xl\/AVvXsEhuZ4-XfBVj3UtdP8-RZugy3WVrg-Zv28c53m4oV47qYCxL1rX_dqWX_YddsGSnpH5SRDqZ7bZeKPIfDVCDncpjVlhy3aQs2vojcJBn7Gdv9hC2_Nzct_pRFrnFE1a7KTCdY1bT_kAgnY3-iadRZrGeJf1fR2P5fu11bokx0pWjaypoy-ctwCjklldpEbA\/s1600\/logo-principal7.jpg\" width=\"100%\" height=\"100\" \/><\/a><!--bestpublic-voz02--><!--desk-in-out-voz02--><\/p>\n<p style=\"text-align: justify;\">Agradeciendo su presencia a los medios de comunicaci\u00f3n que se han dado cita en la Sala de Prensa de la Diputaci\u00f3n para hacerse eco de sendas iniciativas, Caba\u00f1ero ha destacado la importancia de hablar \u00abde cultura en may\u00fasculas\u201d de la mano de las Bandas y Escuelas de M\u00fasica, destacando \u201cla importancia que tienen en cada uno de nuestros pueblos y lo que aportan al d\u00eda a d\u00eda\u201d y poniendo como gran ejemplo el \u00e9xito del reciente V Encuentro Provincial de Bandas, que reuni\u00f3 a m\u00e1s de 600 participantes en Pozo Ca\u00f1ada y Higueruela, mostrando el potencial de estos \u2018agentes\u2019 dinamizadores del territorio como pocos y conformando \u201cel \u2018coppyright\u2019 de \u201cun modelo de Encuentro Provincial que resulta un revulsivo evidente\u201d para las localidades implicadas.<\/p>\n<p style=\"text-align: justify;\">Dentro del apoyo convencido que su Gobierno viene mostrando a estas agrupaciones a lo largo del tiempo, el presidente ha anunciado la creaci\u00f3n de una nueva l\u00ednea de Ayudas destinada a la adquisici\u00f3n de uniformes para las bandas de m\u00fasica, dotada con 100.000 euros, y de la tercera edici\u00f3n de la Convocatoria de Subvenciones para la compra de instrumentos musicales, en este caso, con un presupuesto de 200.000 euros.<\/p>\n<p style=\"text-align: justify;\">En total, 300.000 euros a disposici\u00f3n de los ayuntamientos de la provincia para continuar facilitando el d\u00eda a d\u00eda de las Bandas y Escuelas de M\u00fasica y de sus integrantes que, como ha detallado el diputado, Miguel Zamora, una vez que ambas iniciativas se publiquen en el BOP (algo que, han avanzado, suceder\u00e1 en estas semanas), las Entidades Locales podr\u00e1n solicitar durante 20 d\u00edas naturales, enviando sus peticiones a trav\u00e9s de la sede electr\u00f3nica de la Diputaci\u00f3n.<\/p>\n<p style=\"text-align: justify;\">Subrayando, adem\u00e1s, que los criterios de valoraci\u00f3n incorporan, una vez m\u00e1s, medidas de discriminaci\u00f3n positiva, obteniendo mayor puntuaci\u00f3n las localidades con menos habitantes.<\/p>\n<p style=\"text-align: justify;\">Una l\u00ednea espec\u00edfica para renovaci\u00f3n de vestuario, fruto de la escucha activa al sector<\/p>\n<p style=\"text-align: justify;\">Sobre la nueva Convocatoria para la adquisici\u00f3n o renovaci\u00f3n de uniformes y vestuario, el presidente ha explicado que surge de un importante trabajo de \u201cescucha activa\u00bb que permite conocer a fondo las necesidades de cada localidad y cada banda, respondiendo as\u00ed a una sugerencia reiterada. Prendas clave e identificativas en cualquier banda de m\u00fasica, cuyo coste elevado supone un importante quebradero de cabeza para ayuntamientos, directores de bandas, m\u00fasicos y familias que, con esta medida, tendr\u00e1n el apoyo del Gobierno Provincial.<\/p>\n<p style=\"text-align: justify;\">Caba\u00f1ero ha explicado que, en un principio, se hab\u00eda pensado en \u201cflexibilizar la partida ya existente para instrumentos con el fin de que esos 200.000 euros pudiesen destinarlos, a elecci\u00f3n, a uniformes\u201d, si bien finalmente, dentro del objetivo de serles un apoyo s\u00f3lido, el Gobierno Provincial ha optado finalmente por \u201csacar dos convocatorias: la de 200.000 euros para instrumentos y la de 100.000 para uniformes\u201d, subrayando que \u201clos ayuntamientos van a poder concurrir a ambas\u201d.<\/p>\n<p style=\"text-align: justify;\">En las dos, cuando se trate de localidades con bandas municipales ser\u00e1 directamente el Ayuntamiento quien ejecute las Ayudas; en el caso de asociaciones musicales, el consistorio les \u2018traspasar\u00e1\u2019 esas subvenciones, tal y como han explicado Caba\u00f1ero y Zamora.<\/p>\n<p style=\"text-align: justify;\">\u201cSon los propios ayuntamientos los que tienen que hacer ese reparto dentro de su escuela de m\u00fasica, dentro de las diferentes bandas (porque hay municipios que tienen m\u00e1s de una agrupaci\u00f3n musical, m\u00e1s de una banda de m\u00fasica y cada una, como digo, con su f\u00f3rmula administrativa); hay localidades m\u00e1s peque\u00f1as que no tienen banda de m\u00fasica; otras que no tienen banda pero s\u00ed escuela de m\u00fasica y que, gracias a la convocatoria de academias de m\u00fasica y estas dos convocatorias de instrumentos y de indumentaria, pueden engrosar sus escuelas y (qui\u00e9n sabe), lograr que sean ese \u2018germen\u2019 que luego pueda formalizar una agrupaci\u00f3n musical o una banda de m\u00fasica que muchos pueblos est\u00e1n deseosos de tener\u2026\u201d, ha se\u00f1alado el diputado.<\/p>\n<p style=\"text-align: justify;\">Precisamente Miguel Zamora, refiri\u00e9ndose a la Convocatoria de Ayudas destinada a la incorporaci\u00f3n de instrumentos, ha evaluado que desde su creaci\u00f3n se han otorgado 94 ayudas a m\u00e1s de medio centenar de ayuntamientos, siendo fundamentales para la renovaci\u00f3n instrumental y la incorporaci\u00f3n de nuevos m\u00fasicos a los distintos grupos.<\/p>\n<p style=\"text-align: justify;\">Unas cifras muy importantes en una provincia que cuenta con cerca de 60 bandas o agrupaciones musicales y cerca de 60 escuelas de m\u00fasica, reiterando su protagonismo claro en la vida sociocultural de los pueblos.<\/p>\n<p style=\"text-align: justify;\">M\u00e1s de 700.000 euros del presupuesto provincial este 2024 se destinan a apoyar al tejido musical de los pueblos<\/p>\n<p style=\"text-align: justify;\">Tal y como ha recopilado el m\u00e1ximo responsable provincial, estas Convocatorias forman parte de un programa m\u00e1s amplio de apoyo al sector musical, que incluye la Convocatoria de ayudas para el sostenimiento de las academias de m\u00fasica (dotada con 300.000 euros de presupuesto), programas de refuerzo y complemento de la actividad formativa, y la celebraci\u00f3n de eventos como la \u2018Gala de la M\u00fasica\u2019 y el D\u00eda Europeo de la M\u00fasica. Todo ello, conformando m\u00e1s de 700.000 euros del presupuesto de la Diputaci\u00f3n destinados al sector musical provincial.<\/p>\n<p style=\"text-align: justify;\">Tanto el presidente como el diputado han aprovechado esta presentaci\u00f3n para reiterar su agradeciendo a los y las profesionales del Servicio de Educaci\u00f3n y Cultura de la instituci\u00f3n, as\u00ed como a los ayuntamientos y a los directores, maestros y m\u00fasicos de las distintas bandas y escuelas de m\u00fasica del territorio por su dedicaci\u00f3n y esfuerzo, asegurando que son \u201cpatrimonio cultural\u201d de esta tierra y un orgullo para la Diputaci\u00f3n de Albacete.<\/p>\n<p><!--publicidad-voz03--><a href=\"https:\/\/www.facebook.com\/profile.php?id=100063593791305&amp;locale=es_ES\"><img decoding=\"async\" class=\"alignnone size-medium\" src=\"https:\/\/blogger.googleusercontent.com\/img\/b\/R29vZ2xl\/AVvXsEi8_n_ll8UOcGxCqzFvb_9Io4ICczlGC990BPtPj2w9Px-u7B3oqWUW5vtjZUqPNJ-nyjiUIorE0ATsib_l5tV8BVN-UJ03RTnU__IHJF_4DgDBtY4LIqXNG-FomrO-7ywes20CBCRM2Hcm7EJSh3UUw1dO-c_uTflUrtgY1i7uBRezj_DpympmEFkfbQY\/s1600\/logo-principal2.jpg\" width=\"100%\" height=\"100\" \/><\/a><!--bestpublic-voz03--><!--desk-in-out-voz03--><br \/>\n<!--publicidad-voz04--><a href=\"https:\/\/www.facebook.com\/profile.php?id=61557370768692&amp;locale=es_ES\"><img decoding=\"async\" class=\"alignnone size-medium\" src=\"https:\/\/blogger.googleusercontent.com\/img\/b\/R29vZ2xl\/AVvXsEgy5RdcfffrnrItnYTcV9bCJjgJwldsQLWssfVfrLbyfXeBNTFKgBf0rMIvhrUaGUhiXzVr9_eQgCbi-j63ZDpfTvLIty9w7s140y-m1yHe7eKmEK7v2NAHUJDVYGdfeiQFeRCqUjdwWmN1MX_AUxxz4IVdJ4WIM0APxit8bjWkXzrnEFGqBvW_1F13H1g\/s1600\/logo-principal5.jpg\" width=\"100%\" height=\"100\" \/><\/a><!--bestpublic-voz04--><!--desk-in-out-voz04--><br \/>\n<!--publicidad-voz05--><a href=\"https:\/\/www.facebook.com\/asociaciontamborileroshellin?locale=es_ES\"><img decoding=\"async\" class=\"alignnone size-medium\" src=\"https:\/\/blogger.googleusercontent.com\/img\/b\/R29vZ2xl\/AVvXsEhHEEpZsKK1VpwiYMrS7aE2ujtqIDZoLd4B5wtbiseSU9s2HdTdQfhF84So2XwEB1fv0BLw95GADm6hUl1bkKtzh-eIgVigXONuu_5RxeIMPhjk8q6uNX4EaEHbooKkbu7pCADWPpVJjhKIH5NQSJpWqedC-YBez4QAQeJYokkLot9bhrIaUAeztsGis6M\/s1600\/logo-principal3.jpg\" width=\"100%\" height=\"100\" \/><\/a><!--bestpublic-voz05--><!--desk-in-out-voz05--><br \/>\n<!--publicidad-voz06--><!--bestpublic-voz06--><!--desk-in-out-voz06--><br \/>\n<!--publicidad-voz07--><!--bestpublic-voz07--><!--desk-in-out-voz07--><br \/>\n<!--publicidad-voz08--><!--bestpublic-voz08--><!--desk-in-out-voz08--><br \/>\n<!--publicidad-voz09--><!--bestpublic-voz09--><!--desk-in-out-voz09--><br \/>\n<!--publicidad-voz10--><!--bestpublic-voz10--><!--desk-in-out-voz10--><br \/>\n<!--publicidad-voz11--><!--bestpublic-voz11--><!--desk-in-out-voz11--><br \/>\n<!--publicidad-voz12--><!--bestpublic-voz12--><!--desk-in-out-voz12--><br \/>\n<!--publicidad-voz13--><!--bestpublic-voz13--><!--desk-in-out-voz13--><br \/>\n<!--publicidad-voz14--><!--bestpublic-voz14--><!--desk-in-out-voz14--><br \/>\n<!--publicidad-voz15--><!--bestpublic-voz15--><!--desk-in-out-voz15--><br \/>\n<!--publicidad-voz16--><!--bestpublic-voz16--><!--desk-in-out-voz16--><\/p>\n","protected":false},"excerpt":{"rendered":"<p>El presidente de la Diputaci\u00f3n de Albacete, Santi Caba\u00f1ero, y el diputado de Cultura, Miguel Zamora, han presentado este viernes las dos Convocatorias de Ayudas que pr\u00f3ximamente tendr\u00e1n a su&#8230;<\/p>\n","protected":false},"author":2,"featured_media":151811,"comment_status":"closed","ping_status":"closed","sticky":false,"template":"","format":"standard","meta":{"footnotes":""},"categories":[755,718,715,716,717],"tags":[],"class_list":["post-151810","post","type-post","status-publish","format-standard","has-post-thumbnail","hentry","category-blog-lv036","category-blogger","category-la-voz-de-hellin","category-la-voz-de-hellin-la-voz-de-hellin","category-noticias"],"_links":{"self":[{"href":"https:\/\/lavozdehellin.com\/noticias\/wp-json\/wp\/v2\/posts\/151810","targetHints":{"allow":["GET"]}}],"collection":[{"href":"https:\/\/lavozdehellin.com\/noticias\/wp-json\/wp\/v2\/posts"}],"about":[{"href":"https:\/\/lavozdehellin.com\/noticias\/wp-json\/wp\/v2\/types\/post"}],"author":[{"embeddable":true,"href":"https:\/\/lavozdehellin.com\/noticias\/wp-json\/wp\/v2\/users\/2"}],"replies":[{"embeddable":true,"href":"https:\/\/lavozdehellin.com\/noticias\/wp-json\/wp\/v2\/comments?post=151810"}],"version-history":[{"count":0,"href":"https:\/\/lavozdehellin.com\/noticias\/wp-json\/wp\/v2\/posts\/151810\/revisions"}],"wp:featuredmedia":[{"embeddable":true,"href":"https:\/\/lavozdehellin.com\/noticias\/wp-json\/wp\/v2\/media\/151811"}],"wp:attachment":[{"href":"https:\/\/lavozdehellin.com\/noticias\/wp-json\/wp\/v2\/media?parent=151810"}],"wp:term":[{"taxonomy":"category","embeddable":true,"href":"https:\/\/lavozdehellin.com\/noticias\/wp-json\/wp\/v2\/categories?post=151810"},{"taxonomy":"post_tag","embeddable":true,"href":"https:\/\/lavozdehellin.com\/noticias\/wp-json\/wp\/v2\/tags?post=151810"}],"curies":[{"name":"wp","href":"https:\/\/api.w.org\/{rel}","templated":true}]}}