{"id":151813,"date":"2024-07-12T09:46:40","date_gmt":"2024-07-12T07:46:40","guid":{"rendered":"https:\/\/lavozdehellin.com\/noticias\/?p=151813"},"modified":"2024-07-12T16:44:43","modified_gmt":"2024-07-12T14:44:43","slug":"v08-875-sancha-y-albaladejo-reciben-en-la-diputacion-de-albacete-al-villacerrada-futbol-sala-campeones-de-la-liga-cadete-regional","status":"publish","type":"post","link":"https:\/\/lavozdehellin.com\/noticias\/v08-875-sancha-y-albaladejo-reciben-en-la-diputacion-de-albacete-al-villacerrada-futbol-sala-campeones-de-la-liga-cadete-regional\/","title":{"rendered":"LVH NOTICIAS | SANCHA Y ALBALADEJO RECIBEN EN LA DIPUTACI\u00d3N DE ALBACETE AL VILLACERRADA F\u00daTBOL SALA, CAMPEONES DE LA LIGA CADETE REGIONAL"},"content":{"rendered":"<p style=\"text-align: justify;\">El diputado provincial de Juventud y Deportes, Dani Sancha, junto a la diputada de Atenci\u00f3n Ciudadana, Ana Albaladejo, ha recibido en el Sal\u00f3n de Plenos de Diputaci\u00f3n de Albacete a jugadores del Villacerrada F\u00fatbol Sala capitaneados por su entrenador, Rub\u00e9n Oliva, recientemente proclamados campeones de la Liga Cadete de Castilla-La Mancha.<\/p>\n<p><!--more--><br \/>\n<!--publicidad-voz01--><a href=\"https:\/\/www.facebook.com\/SoloRadioHellin\/?locale=es_ES\"><img decoding=\"async\" class=\"alignnone size-medium\" src=\"https:\/\/blogger.googleusercontent.com\/img\/b\/R29vZ2xl\/AVvXsEiNncirNnyGedv00mhjZjh5Wl4_YPdJGanoAl8tL8zH-HwqE8uHqjEfSt340RHdx-9tuCSIkZ8rFamZiGyYlgDGxCsmXjCH_1xk5eYM3ntFZRvJP_jndOKR7w1UAo9Tu0vrZyOLfqRpHIxYI5SymJJ-pfGCQw6QVpggBH-UgfjiFQ2JOxqxG0Jx94kW83c\/s1600\/logo-principal.jpg\" width=\"100%\" height=\"100\" \/><\/a><!--bestpublic-voz01--><!--desk-in-out-voz01--><br \/>\n<!--publicidad-voz02--><a href=\"https:\/\/www.hellincf.com\/\"><img decoding=\"async\" class=\"alignnone size-medium\" src=\"https:\/\/blogger.googleusercontent.com\/img\/b\/R29vZ2xl\/AVvXsEhuZ4-XfBVj3UtdP8-RZugy3WVrg-Zv28c53m4oV47qYCxL1rX_dqWX_YddsGSnpH5SRDqZ7bZeKPIfDVCDncpjVlhy3aQs2vojcJBn7Gdv9hC2_Nzct_pRFrnFE1a7KTCdY1bT_kAgnY3-iadRZrGeJf1fR2P5fu11bokx0pWjaypoy-ctwCjklldpEbA\/s1600\/logo-principal7.jpg\" width=\"100%\" height=\"100\" \/><\/a><!--bestpublic-voz02--><!--desk-in-out-voz02--><\/p>\n<p style=\"text-align: justify;\">Todo un logro por el que Sancha les ha felicitado \u201cen nombre de una provincia que se siente inmensamente orgullosa de este hito\u201d, ya que es la primera vez que un equipo de este territorio se alza con el primer puesto en este campeonato regional, al tiempo que ha reconocido el esfuerzo, el trabajo, el sacrificio y el compromiso que se \u2018esconde\u2019 detr\u00e1s de esta conquista, se\u00f1alando que \u201cah\u00ed est\u00e1 el verdadero \u00e9xito\u201d.<\/p>\n<p style=\"text-align: justify;\">Adem\u00e1s, ha destacado la labor del cuerpo t\u00e9cnico y del entrenador, as\u00ed como la de las familias, algunas de ellas presentes en el acto, y ha asegurado que son un ejemplo de \u201cc\u00f3mo un club humilde que sue\u00f1a a lo grande alcanza esos sue\u00f1os luchando y perseverando\u201d.<\/p>\n<p style=\"text-align: justify;\">Sancha tambi\u00e9n les ha tendido la mano del Gobierno provincial para explorar v\u00edas de colaboraci\u00f3n en el marco de las diferentes convocatorias de ayudas que la Diputaci\u00f3n de Albacete impulsa para clubes deportivos. De hecho, en el caso concreto del F\u00fatbol y el F\u00fatbol Sala, la instituci\u00f3n ha dispuesto 150.000 \u20ac este 2024. Asimismo, les ha animado a seguir practicando deporte a lo largo de sus vidas, \u201caunque los estudios y las carreras profesionales os puedan llevar por otros derroteros\u201d, advirtiendo sus beneficios para la salud f\u00edsica y mental.<\/p>\n<p style=\"text-align: justify;\">Por su parte, Ana Albaladejo ha destacado la historia del club, que surgi\u00f3 de la iniciativa de la Asociaci\u00f3n de Vecinos Centro de Albacete, y ha subrayado la importancia de este tejido asociativo en nuestro territorio, remarcando su contribuci\u00f3n a la dinamizaci\u00f3n social, cultural o deportiva de los diferentes pueblos y ciudades.<\/p>\n<p style=\"text-align: justify;\">Del mismo modo, les ha reiterado el apoyo institucional, apuntando que este club \u201ces mucho m\u00e1s que deporte; son valores, es compromiso y es comunidad\u201d.<\/p>\n<p><!--publicidad-voz03--><a href=\"https:\/\/www.facebook.com\/profile.php?id=100063593791305&amp;locale=es_ES\"><img decoding=\"async\" class=\"alignnone size-medium\" src=\"https:\/\/blogger.googleusercontent.com\/img\/b\/R29vZ2xl\/AVvXsEi8_n_ll8UOcGxCqzFvb_9Io4ICczlGC990BPtPj2w9Px-u7B3oqWUW5vtjZUqPNJ-nyjiUIorE0ATsib_l5tV8BVN-UJ03RTnU__IHJF_4DgDBtY4LIqXNG-FomrO-7ywes20CBCRM2Hcm7EJSh3UUw1dO-c_uTflUrtgY1i7uBRezj_DpympmEFkfbQY\/s1600\/logo-principal2.jpg\" width=\"100%\" height=\"100\" \/><\/a><!--bestpublic-voz03--><!--desk-in-out-voz03--><br \/>\n<!--publicidad-voz04--><a href=\"https:\/\/www.facebook.com\/profile.php?id=61557370768692&amp;locale=es_ES\"><img decoding=\"async\" class=\"alignnone size-medium\" src=\"https:\/\/blogger.googleusercontent.com\/img\/b\/R29vZ2xl\/AVvXsEgy5RdcfffrnrItnYTcV9bCJjgJwldsQLWssfVfrLbyfXeBNTFKgBf0rMIvhrUaGUhiXzVr9_eQgCbi-j63ZDpfTvLIty9w7s140y-m1yHe7eKmEK7v2NAHUJDVYGdfeiQFeRCqUjdwWmN1MX_AUxxz4IVdJ4WIM0APxit8bjWkXzrnEFGqBvW_1F13H1g\/s1600\/logo-principal5.jpg\" width=\"100%\" height=\"100\" \/><\/a><!--bestpublic-voz04--><!--desk-in-out-voz04--><br \/>\n<!--publicidad-voz05--><a href=\"https:\/\/www.facebook.com\/asociaciontamborileroshellin?locale=es_ES\"><img decoding=\"async\" class=\"alignnone size-medium\" src=\"https:\/\/blogger.googleusercontent.com\/img\/b\/R29vZ2xl\/AVvXsEhHEEpZsKK1VpwiYMrS7aE2ujtqIDZoLd4B5wtbiseSU9s2HdTdQfhF84So2XwEB1fv0BLw95GADm6hUl1bkKtzh-eIgVigXONuu_5RxeIMPhjk8q6uNX4EaEHbooKkbu7pCADWPpVJjhKIH5NQSJpWqedC-YBez4QAQeJYokkLot9bhrIaUAeztsGis6M\/s1600\/logo-principal3.jpg\" width=\"100%\" height=\"100\" \/><\/a><!--bestpublic-voz05--><!--desk-in-out-voz05--><br \/>\n<!--publicidad-voz06--><!--bestpublic-voz06--><!--desk-in-out-voz06--><br \/>\n<!--publicidad-voz07--><!--bestpublic-voz07--><!--desk-in-out-voz07--><br \/>\n<!--publicidad-voz08--><!--bestpublic-voz08--><!--desk-in-out-voz08--><br \/>\n<!--publicidad-voz09--><!--bestpublic-voz09--><!--desk-in-out-voz09--><br \/>\n<!--publicidad-voz10--><!--bestpublic-voz10--><!--desk-in-out-voz10--><br \/>\n<!--publicidad-voz11--><!--bestpublic-voz11--><!--desk-in-out-voz11--><br \/>\n<!--publicidad-voz12--><!--bestpublic-voz12--><!--desk-in-out-voz12--><br \/>\n<!--publicidad-voz13--><!--bestpublic-voz13--><!--desk-in-out-voz13--><br \/>\n<!--publicidad-voz14--><!--bestpublic-voz14--><!--desk-in-out-voz14--><br \/>\n<!--publicidad-voz15--><!--bestpublic-voz15--><!--desk-in-out-voz15--><br \/>\n<!--publicidad-voz16--><!--bestpublic-voz16--><!--desk-in-out-voz16--><\/p>\n","protected":false},"excerpt":{"rendered":"<p>El diputado provincial de Juventud y Deportes, Dani Sancha, junto a la diputada de Atenci\u00f3n Ciudadana, Ana Albaladejo, ha recibido en el Sal\u00f3n de Plenos de Diputaci\u00f3n de Albacete a&#8230;<\/p>\n","protected":false},"author":2,"featured_media":151814,"comment_status":"closed","ping_status":"closed","sticky":false,"template":"","format":"standard","meta":{"footnotes":""},"categories":[755,718,715,716,717],"tags":[],"class_list":["post-151813","post","type-post","status-publish","format-standard","has-post-thumbnail","hentry","category-blog-lv036","category-blogger","category-la-voz-de-hellin","category-la-voz-de-hellin-la-voz-de-hellin","category-noticias"],"_links":{"self":[{"href":"https:\/\/lavozdehellin.com\/noticias\/wp-json\/wp\/v2\/posts\/151813","targetHints":{"allow":["GET"]}}],"collection":[{"href":"https:\/\/lavozdehellin.com\/noticias\/wp-json\/wp\/v2\/posts"}],"about":[{"href":"https:\/\/lavozdehellin.com\/noticias\/wp-json\/wp\/v2\/types\/post"}],"author":[{"embeddable":true,"href":"https:\/\/lavozdehellin.com\/noticias\/wp-json\/wp\/v2\/users\/2"}],"replies":[{"embeddable":true,"href":"https:\/\/lavozdehellin.com\/noticias\/wp-json\/wp\/v2\/comments?post=151813"}],"version-history":[{"count":0,"href":"https:\/\/lavozdehellin.com\/noticias\/wp-json\/wp\/v2\/posts\/151813\/revisions"}],"wp:featuredmedia":[{"embeddable":true,"href":"https:\/\/lavozdehellin.com\/noticias\/wp-json\/wp\/v2\/media\/151814"}],"wp:attachment":[{"href":"https:\/\/lavozdehellin.com\/noticias\/wp-json\/wp\/v2\/media?parent=151813"}],"wp:term":[{"taxonomy":"category","embeddable":true,"href":"https:\/\/lavozdehellin.com\/noticias\/wp-json\/wp\/v2\/categories?post=151813"},{"taxonomy":"post_tag","embeddable":true,"href":"https:\/\/lavozdehellin.com\/noticias\/wp-json\/wp\/v2\/tags?post=151813"}],"curies":[{"name":"wp","href":"https:\/\/api.w.org\/{rel}","templated":true}]}}