{"id":151825,"date":"2024-07-12T17:47:41","date_gmt":"2024-07-12T15:47:41","guid":{"rendered":"https:\/\/lavozdehellin.com\/noticias\/?p=151825"},"modified":"2024-07-14T18:27:56","modified_gmt":"2024-07-14T16:27:56","slug":"v08-878-cabanero-llama-a-ser-mas-ambiciosos-y-flexibilizar-la-norma-para-aprovechar-la-reindustrializacion-que-vive-espana-con-el-fin-de-que-si-hay-una-oportunida","status":"publish","type":"post","link":"https:\/\/lavozdehellin.com\/noticias\/v08-878-cabanero-llama-a-ser-mas-ambiciosos-y-flexibilizar-la-norma-para-aprovechar-la-reindustrializacion-que-vive-espana-con-el-fin-de-que-si-hay-una-oportunida\/","title":{"rendered":"LVH NOTICIAS | CABA\u00d1ERO LLAMA A \u201cSER M\u00c1S AMBICIOSOS Y FLEXIBILIZAR LA NORMA\u201d PARA APROVECHAR LA \u2018REINDUSTRIALIZACI\u00d3N\u2019 QUE VIVE ESPA\u00d1A CON EL FIN DE QUE, \u201cSI HAY UNA OPORTUNIDAD, SE PUEDA QUEDAR EN EL TERRITORIO\u201d"},"content":{"rendered":"<p style=\"text-align: justify;\">Este viernes, en la sede de la Asociaci\u00f3n de Empresarios de Campollano (ADECA), se ha celebrado la V Asamblea General de la Asociaci\u00f3n Regional de Zonas Industriales de Castilla La Mancha (Zincaman), en cuya clausura su m\u00e1ximo responsable, Santos Prieto, ha contado con la participaci\u00f3n del presidente de la Diputaci\u00f3n de Albacete, Santi Caba\u00f1ero, acompa\u00f1ado de su vicepresidente, Fran Valera; as\u00ed como con la consejera de Econom\u00eda, Empresas y Empleo y el alcalde de Albacete, entre otros representantes institucionales y sociales.<\/p>\n<p><!--more--><br \/>\n<!--publicidad-voz01--><a href=\"https:\/\/www.facebook.com\/SoloRadioHellin\/?locale=es_ES\"><img decoding=\"async\" class=\"alignnone size-medium\" src=\"https:\/\/blogger.googleusercontent.com\/img\/b\/R29vZ2xl\/AVvXsEiNncirNnyGedv00mhjZjh5Wl4_YPdJGanoAl8tL8zH-HwqE8uHqjEfSt340RHdx-9tuCSIkZ8rFamZiGyYlgDGxCsmXjCH_1xk5eYM3ntFZRvJP_jndOKR7w1UAo9Tu0vrZyOLfqRpHIxYI5SymJJ-pfGCQw6QVpggBH-UgfjiFQ2JOxqxG0Jx94kW83c\/s1600\/logo-principal.jpg\" width=\"100%\" height=\"100\" \/><\/a><!--bestpublic-voz01--><!--desk-in-out-voz01--><br \/>\n<!--publicidad-voz02--><a href=\"https:\/\/www.hellincf.com\/\"><img decoding=\"async\" class=\"alignnone size-medium\" src=\"https:\/\/blogger.googleusercontent.com\/img\/b\/R29vZ2xl\/AVvXsEhuZ4-XfBVj3UtdP8-RZugy3WVrg-Zv28c53m4oV47qYCxL1rX_dqWX_YddsGSnpH5SRDqZ7bZeKPIfDVCDncpjVlhy3aQs2vojcJBn7Gdv9hC2_Nzct_pRFrnFE1a7KTCdY1bT_kAgnY3-iadRZrGeJf1fR2P5fu11bokx0pWjaypoy-ctwCjklldpEbA\/s1600\/logo-principal7.jpg\" width=\"100%\" height=\"100\" \/><\/a><!--bestpublic-voz02--><!--desk-in-out-voz02--><\/p>\n<p style=\"text-align: justify;\">Diputaci\u00f3n y Zicaman protagonizan un convenio pionero en Espa\u00f1a para potenciar las zonas industriales de la provincia<\/p>\n<p style=\"text-align: justify;\">Durante su intervenci\u00f3n, Caba\u00f1ero ha felicitado a Prieto por el apoyo que su gesti\u00f3n ha recibido durante esta \u201cAsamblea de la unanimidad\u201d y ha aprovechado para destacar la colaboraci\u00f3n y el apoyo continuo que Diputaci\u00f3n y Zincaman vienen protagonizando, especialmente, desde 2022, como \u201c\u2019partners\u2019 en el desarrollo econ\u00f3mico de la provincia a trav\u00e9s de la dinamizaci\u00f3n de sus zonas industriales\u201d.<\/p>\n<p style=\"text-align: justify;\">Una \u2018misi\u00f3n\u2019 que ambas partes vienen compartiendo a trav\u00e9s del convenio de colaboraci\u00f3n \u201cpionero en Espa\u00f1a\u201d impulsado en 2022, desarrollando el Proyecto de Dinamizaci\u00f3n de las Zonas Industriales de la provincia (Prodizipa). Un acuerdo que ha contado con una inversi\u00f3n de 45.000 euros anuales (135.000 euros en total hasta la fecha), y est\u00e1 permitiendo asesorar y acompa\u00f1ar a los ayuntamientos en el desarrollo de m\u00e1s de 20 millones de m\u00b2 de suelo industrial en los cerca de 50 pol\u00edgonos industriales que hay distribuidos en unas 30 localidades.<\/p>\n<p style=\"text-align: justify;\">Caba\u00f1ero: \u201cLa pandemia nos ha abierto los ojos y nos ha hecho ver que no podemos depender de terceros pa\u00edses y que la red industrializaci\u00f3n de nuestro pa\u00eds (y, por tanto, de nuestra regi\u00f3n y de nuestra provincia) tienen que ser una realidad\u201d<\/p>\n<p style=\"text-align: justify;\">\u201cEn Espa\u00f1a, despu\u00e9s de la pandemia, estamos experimentando una \u2018reindustrializaci\u00f3n\u2019, o tenemos que tender a ello; la pandemia nos ha abierto los ojos y nos ha hecho ver que no podemos depender de terceros pa\u00edses y que la red industrializaci\u00f3n de nuestro pa\u00eds (y, por tanto, de nuestra regi\u00f3n y de nuestra provincia) tienen que ser una realidad; y ah\u00ed son clave en las \u00e1reas industriales, que han se ser \u00e1giles, capaces de ofertar oportunidades all\u00e1 donde hay propuestas para emprender, para crear negocio. Nosotros tenemos ese acuerdo con Zincaman para estudiar cu\u00e1l es la situaci\u00f3n de las \u00e1reas industriales para determinar cu\u00e1les son sus necesidades y que de verdad sean \u00fatiles para el desarrollo, especialmente, del medio rural\u201d, ha se\u00f1alado Caba\u00f1ero.<\/p>\n<p style=\"text-align: justify;\">El presidente ha reflexionado sobre c\u00f3mo en los a\u00f1os \u201880, se empezaron a impulsar en muchos lugares \u201c\u00e1reas industriales que luego no han sido utilizadas y que est\u00e1n, ah\u00ed \u2018muertas de risa\u2019\u201d y c\u00f3mo, por otro lado, \u201cnos llegan a veces oportunidades que, por no tener en un municipio un \u00e1rea industrial desarrollada, se nos escapan\u2026 Y, ni una cosa, ni la otra: ni podemos obligar a todos los lugares a tener \u00e1reas industriales desarrolladas para que, 30 o 40 a\u00f1os despu\u00e9s, no haya ninguna industria; ni podemos dejar escapar oportunidades, especialmente, en el mundo rural porque, al no haber desarrollado un \u00e1rea industrial, las oportunidades se vayan a otros lugares\u201d.<\/p>\n<p style=\"text-align: justify;\">En este sentido, ha llamado a \u201cflexibilizar la norma\u201d, haciendo \u201cuna \u2018auto reivindicaci\u00f3n\u2019 a las administraciones p\u00fablicas\u201d para ser capaces de facilitar que, \u201ccuando llegue una oportunidad, la cojamos\u201d; y, si bien ha explicado que \u201cesto en Castilla-La Mancha ya se est\u00e1 haciendo\u201d, ha abogado por \u201cser todav\u00eda m\u00e1s ambiciosos\u201d para que si hay una oportunidad, se pueda quedar en el territorio porque, si no, todas ir\u00e1n donde han ido siempre: a las grandes \u00e1reas y \u2018los peque\u00f1os territorios\u2019 tendr\u00e1n dificultad para poder desarrollarse\u201d.<\/p>\n<p style=\"text-align: justify;\">Caba\u00f1ero: \u201cTendremos que recordar que el uso industrial es un uso preferente tambi\u00e9n para el agua; hay que reivindicarlo\u201d<\/p>\n<p style=\"text-align: justify;\">Un proceso complejo de \u2018reindustrializaci\u00f3n\u2019 que se ha de aprovechar de la mano de los fondos europeos, ha se\u00f1alado, pero que tambi\u00e9n habr\u00e1 de afrontar \u201calg\u00fan que otro problema\u201d como el que, ha se\u00f1alado, ya sufre este territorio, por ejemplo, en materia h\u00eddrica: \u201cEstamos viendo c\u00f3mo se nos est\u00e1 negando el agua. Nuestra tierra la necesita en algunas zonas para poder crear nuevas oportunidades en materia de industria, y tendremos que recordar que el uso industrial es un uso preferente tambi\u00e9n para el agua; hay que reivindicarlo y la Diputaci\u00f3n va a estar a vuestro lado tambi\u00e9n en ese sentido\u201d, ha resaltado.<\/p>\n<p style=\"text-align: justify;\">En su discurso, el presidente tambi\u00e9n ha valorado la necesidad de seguir modernizando las infraestructuras industriales para enfrentar los \u201cdiversos retos del futuro\u201d, y c\u00f3mo el convenio con Zincaman permite avanzar hacia \u201cuna gesti\u00f3n m\u00e1s profesional y eficiente\u201d de esas zonas, con iniciativas como la creaci\u00f3n de mapas industriales actualizados o el fomento de Comunidades Energ\u00e9ticas Locales.<\/p>\n<p style=\"text-align: justify;\">Santi Caba\u00f1ero ha brindado su m\u00e1s sincero agradecimiento a cada protagonista involucrado en esta iniciativa conjunta: desde los ayuntamientos hasta los t\u00e9cnicos y profesionales de Zincaman. Su trabajo, su visi\u00f3n y su af\u00e1n de cooperaci\u00f3n son fundamentales para convertir las zonas industriales en polos de innovaci\u00f3n y sostenibilidad, posicionando a la provincia como l\u00edder en la gesti\u00f3n y desarrollo de \u00e1reas industriales, como ha explicado, reiterando la mano tendida de la instituci\u00f3n provincial.<\/p>\n<p><!--publicidad-voz03--><a href=\"https:\/\/www.facebook.com\/profile.php?id=100063593791305&amp;locale=es_ES\"><img decoding=\"async\" class=\"alignnone size-medium\" src=\"https:\/\/blogger.googleusercontent.com\/img\/b\/R29vZ2xl\/AVvXsEi8_n_ll8UOcGxCqzFvb_9Io4ICczlGC990BPtPj2w9Px-u7B3oqWUW5vtjZUqPNJ-nyjiUIorE0ATsib_l5tV8BVN-UJ03RTnU__IHJF_4DgDBtY4LIqXNG-FomrO-7ywes20CBCRM2Hcm7EJSh3UUw1dO-c_uTflUrtgY1i7uBRezj_DpympmEFkfbQY\/s1600\/logo-principal2.jpg\" width=\"100%\" height=\"100\" \/><\/a><!--bestpublic-voz03--><!--desk-in-out-voz03--><br \/>\n<!--publicidad-voz04--><a href=\"https:\/\/www.facebook.com\/profile.php?id=61557370768692&amp;locale=es_ES\"><img decoding=\"async\" class=\"alignnone size-medium\" src=\"https:\/\/blogger.googleusercontent.com\/img\/b\/R29vZ2xl\/AVvXsEgy5RdcfffrnrItnYTcV9bCJjgJwldsQLWssfVfrLbyfXeBNTFKgBf0rMIvhrUaGUhiXzVr9_eQgCbi-j63ZDpfTvLIty9w7s140y-m1yHe7eKmEK7v2NAHUJDVYGdfeiQFeRCqUjdwWmN1MX_AUxxz4IVdJ4WIM0APxit8bjWkXzrnEFGqBvW_1F13H1g\/s1600\/logo-principal5.jpg\" width=\"100%\" height=\"100\" \/><\/a><!--bestpublic-voz04--><!--desk-in-out-voz04--><br \/>\n<!--publicidad-voz05--><a href=\"https:\/\/www.facebook.com\/asociaciontamborileroshellin?locale=es_ES\"><img decoding=\"async\" class=\"alignnone size-medium\" src=\"https:\/\/blogger.googleusercontent.com\/img\/b\/R29vZ2xl\/AVvXsEhHEEpZsKK1VpwiYMrS7aE2ujtqIDZoLd4B5wtbiseSU9s2HdTdQfhF84So2XwEB1fv0BLw95GADm6hUl1bkKtzh-eIgVigXONuu_5RxeIMPhjk8q6uNX4EaEHbooKkbu7pCADWPpVJjhKIH5NQSJpWqedC-YBez4QAQeJYokkLot9bhrIaUAeztsGis6M\/s1600\/logo-principal3.jpg\" width=\"100%\" height=\"100\" \/><\/a><!--bestpublic-voz05--><!--desk-in-out-voz05--><br \/>\n<!--publicidad-voz06--><!--bestpublic-voz06--><!--desk-in-out-voz06--><br \/>\n<!--publicidad-voz07--><!--bestpublic-voz07--><!--desk-in-out-voz07--><br \/>\n<!--publicidad-voz08--><!--bestpublic-voz08--><!--desk-in-out-voz08--><br \/>\n<!--publicidad-voz09--><!--bestpublic-voz09--><!--desk-in-out-voz09--><br \/>\n<!--publicidad-voz10--><!--bestpublic-voz10--><!--desk-in-out-voz10--><br \/>\n<!--publicidad-voz11--><!--bestpublic-voz11--><!--desk-in-out-voz11--><br \/>\n<!--publicidad-voz12--><!--bestpublic-voz12--><!--desk-in-out-voz12--><br \/>\n<!--publicidad-voz13--><!--bestpublic-voz13--><!--desk-in-out-voz13--><br \/>\n<!--publicidad-voz14--><!--bestpublic-voz14--><!--desk-in-out-voz14--><br \/>\n<!--publicidad-voz15--><!--bestpublic-voz15--><!--desk-in-out-voz15--><br \/>\n<!--publicidad-voz16--><!--bestpublic-voz16--><!--desk-in-out-voz16--><\/p>\n","protected":false},"excerpt":{"rendered":"<p>Este viernes, en la sede de la Asociaci\u00f3n de Empresarios de Campollano (ADECA), se ha celebrado la V Asamblea General de la Asociaci\u00f3n Regional de Zonas Industriales de Castilla La&#8230;<\/p>\n","protected":false},"author":2,"featured_media":151826,"comment_status":"closed","ping_status":"closed","sticky":false,"template":"","format":"standard","meta":{"footnotes":""},"categories":[755,718,715,716,717],"tags":[],"class_list":["post-151825","post","type-post","status-publish","format-standard","has-post-thumbnail","hentry","category-blog-lv036","category-blogger","category-la-voz-de-hellin","category-la-voz-de-hellin-la-voz-de-hellin","category-noticias"],"_links":{"self":[{"href":"https:\/\/lavozdehellin.com\/noticias\/wp-json\/wp\/v2\/posts\/151825","targetHints":{"allow":["GET"]}}],"collection":[{"href":"https:\/\/lavozdehellin.com\/noticias\/wp-json\/wp\/v2\/posts"}],"about":[{"href":"https:\/\/lavozdehellin.com\/noticias\/wp-json\/wp\/v2\/types\/post"}],"author":[{"embeddable":true,"href":"https:\/\/lavozdehellin.com\/noticias\/wp-json\/wp\/v2\/users\/2"}],"replies":[{"embeddable":true,"href":"https:\/\/lavozdehellin.com\/noticias\/wp-json\/wp\/v2\/comments?post=151825"}],"version-history":[{"count":0,"href":"https:\/\/lavozdehellin.com\/noticias\/wp-json\/wp\/v2\/posts\/151825\/revisions"}],"wp:featuredmedia":[{"embeddable":true,"href":"https:\/\/lavozdehellin.com\/noticias\/wp-json\/wp\/v2\/media\/151826"}],"wp:attachment":[{"href":"https:\/\/lavozdehellin.com\/noticias\/wp-json\/wp\/v2\/media?parent=151825"}],"wp:term":[{"taxonomy":"category","embeddable":true,"href":"https:\/\/lavozdehellin.com\/noticias\/wp-json\/wp\/v2\/categories?post=151825"},{"taxonomy":"post_tag","embeddable":true,"href":"https:\/\/lavozdehellin.com\/noticias\/wp-json\/wp\/v2\/tags?post=151825"}],"curies":[{"name":"wp","href":"https:\/\/api.w.org\/{rel}","templated":true}]}}