{"id":151836,"date":"2024-07-15T08:01:09","date_gmt":"2024-07-15T06:01:09","guid":{"rendered":"https:\/\/lavozdehellin.com\/noticias\/?p=151836"},"modified":"2024-07-19T16:43:26","modified_gmt":"2024-07-19T14:43:26","slug":"v08-880-juan-gonzalez-y-lucia-navarro-ganan-la-xiii-btt-laguna-de-petrola","status":"publish","type":"post","link":"https:\/\/lavozdehellin.com\/noticias\/v08-880-juan-gonzalez-y-lucia-navarro-ganan-la-xiii-btt-laguna-de-petrola\/","title":{"rendered":"LVH NOTICIAS | JUAN GONZ\u00c1LEZ Y LUC\u00cdA NAVARRO GANAN LA XIII BTT LAGUNA DE P\u00c9TROLA"},"content":{"rendered":"<p style=\"text-align: justify;\">Circuito de Diputaci\u00f3n &#8211; Juan Gonz\u00e1lez y Luc\u00eda Navarro ganan la XIII BTT Laguna de P\u00e9trola<\/p>\n<p><!--more--><br \/>\n<!--publicidad-voz01--><a href=\"https:\/\/www.facebook.com\/SoloRadioHellin\/?locale=es_ES\"><img decoding=\"async\" class=\"alignnone size-medium\" src=\"https:\/\/blogger.googleusercontent.com\/img\/b\/R29vZ2xl\/AVvXsEiNncirNnyGedv00mhjZjh5Wl4_YPdJGanoAl8tL8zH-HwqE8uHqjEfSt340RHdx-9tuCSIkZ8rFamZiGyYlgDGxCsmXjCH_1xk5eYM3ntFZRvJP_jndOKR7w1UAo9Tu0vrZyOLfqRpHIxYI5SymJJ-pfGCQw6QVpggBH-UgfjiFQ2JOxqxG0Jx94kW83c\/s1600\/logo-principal.jpg\" width=\"100%\" height=\"100\" \/><\/a><!--bestpublic-voz01--><!--desk-in-out-voz01--><br \/>\n<!--publicidad-voz02--><a href=\"https:\/\/www.hellincf.com\/\"><img decoding=\"async\" class=\"alignnone size-medium\" src=\"https:\/\/blogger.googleusercontent.com\/img\/b\/R29vZ2xl\/AVvXsEhuZ4-XfBVj3UtdP8-RZugy3WVrg-Zv28c53m4oV47qYCxL1rX_dqWX_YddsGSnpH5SRDqZ7bZeKPIfDVCDncpjVlhy3aQs2vojcJBn7Gdv9hC2_Nzct_pRFrnFE1a7KTCdY1bT_kAgnY3-iadRZrGeJf1fR2P5fu11bokx0pWjaypoy-ctwCjklldpEbA\/s1600\/logo-principal7.jpg\" width=\"100%\" height=\"100\" \/><\/a><!--bestpublic-voz02--><!--desk-in-out-voz02--><\/p>\n<p style=\"text-align: justify;\">La actual l\u00edder femenina regresa al Circuito Provincial para sumar su 15\u00aa victoria de la temporada. Quinto triunfo para el ciclista de Balazote<\/p>\n<p style=\"text-align: justify;\">Juan Gonz\u00e1lez Sanz (Ekuon El Conchel \/ Diputaci\u00f3n de Albacete) y Luc\u00eda Navarro Cuesta (Bicicletas El Hellinero Acecho) hicieron buenos los pron\u00f3sticos y se impusieron con autoridad en la XIII BTT Laguna de P\u00e9trola, 21\u00aa cita de la temporada en el XVII Circuito Provincial de BTT organizado por la Diputaci\u00f3n de Albacete.<\/p>\n<p style=\"text-align: justify;\">M\u00e1s de 160 corredores tomaron la salida desde la Avenida de la Constituci\u00f3n para recorrer los 46 kil\u00f3metros de distancia del trazado largo o los 28 kil\u00f3metros del recorrido corto, en un recorrido con algunas novedades respecto a ediciones pasadas.<\/p>\n<p style=\"text-align: justify;\">El joven Juan Gonz\u00e1lez Sanz ya es el corredor masculino con m\u00e1s victorias esta temporada, despu\u00e9s de sumar en P\u00e9trola su quinto triunfo, segundo de forma consecutiva pues el ciclista de Balazote ya gan\u00f3 la semana anterior en Bienservida. El corredor del Ekuon El Conchel venci\u00f3 con autoridad, march\u00e1ndose en solitario y logrando en meta una renta de dos minutos sobre su m\u00e1s inmediato perseguidor.<\/p>\n<p style=\"text-align: justify;\">Esa segunda posici\u00f3n fue para el actual l\u00edder del Circuito Provincial y ganador de esta prueba en 2023, Iv\u00e1n Carrasco Fern\u00e1ndez (Ferlo Factory Racing), que tambi\u00e9n lleg\u00f3 en solitario hasta el arco de meta. Por detr\u00e1s, el tercer caj\u00f3n del p\u00f3dium lo ocup\u00f3 Manuel Mart\u00ednez Gil, campe\u00f3n de la clasificaci\u00f3n general del Circuito en la pasada edici\u00f3n y portador del dorsal n\u00famero 1 este a\u00f1o. Sebasti\u00e1n G\u00f3mez And\u00fajar y Vicente L\u00f3pez Izquierdo cerraron el Top 5 en P\u00e9trola.<\/p>\n<p style=\"text-align: justify;\">En la categor\u00eda femenina la noticia fue el regreso de Luc\u00eda Navarro Cuesta tras unas carreras ausentes. La actual l\u00edder del Circuito Provincial volvi\u00f3 a lo grande para sumar su 15\u00aa victoria de la temporada. Y lo hizo tal y como nos tiene acostumbrados, con una superioridad manifiesta. La corredora del Bicicletas El Hellinero Acecho sac\u00f3 m\u00e1s de un cuarto de hora de ventaja en meta a la segunda clasificada, Almudena Jim\u00e9nez.<\/p>\n<p style=\"text-align: justify;\">Maril\u00f3 Herrera cerr\u00f3 el p\u00f3dium femenino de una prueba en la que Rosario Alacid y Alfonsi Villar ocuparon la cuarta y quinta posici\u00f3n, respectivamente.<\/p>\n<p style=\"text-align: justify;\">En el recorrido corto, los ganadores fueron Juan Vicente Palacios Morote (Ekuon El Conchel\/Diputaci\u00f3n de Albacete) y Auri Cubas Rueda (Independiente). Jos\u00e9 Mar\u00eda Deb\u00f3n Landete (Bicicletas Aparicio BTT) fue el campe\u00f3n junior. En parejas mixtas, los vencedores fueron Almudena Jim\u00e9nez Mart\u00ednez y Ram\u00f3n Ram\u00edrez Sierra, ambos del equipo Bicialmuerzo. El premio a la posici\u00f3n 71 en meta, cedido por la Hermandad de Donantes de Sangre de Albacete, fue para Blas Jare\u00f1o Fern\u00e1ndez (Bikers &amp; Friends La Roda).<\/p>\n<p style=\"text-align: justify;\">Pr\u00f3xima cita, Socovos<\/p>\n<p style=\"text-align: justify;\">La localidad de Socovos acoger\u00e1 la pr\u00f3xima prueba del XVII Circuito Provincial de BTT organizado por la Diputaci\u00f3n de Albacete. La IX BTT de Socovos se disputar\u00e1 el domingo d\u00eda 21 de julio con una distancia de 34\u20199 kil\u00f3metros para el trazado principal y 21\u20192 kil\u00f3metros para el recorrido Rural Bike. La salida ser\u00e1 a las 09:00 horas desde la Calle Coronel Navarro. El plazo de inscripci\u00f3n para esta prueba est\u00e1 abierto hasta el mi\u00e9rcoles d\u00eda 17 de julio a las 18:00 horas.<\/p>\n<p style=\"text-align: justify;\">CLASIFICACIONES P\u00c9TROLA 2024<\/p>\n<p style=\"text-align: justify;\">Clasificaci\u00f3n masculina<\/p>\n<p style=\"text-align: justify;\">NOMBRE EQUIPO TIEMPO<\/p>\n<p style=\"text-align: justify;\">1-. Juan Gonz\u00e1lez Sanz (Ekuon El Conchel\/Diputaci\u00f3n) 1h54\u201949\u2019\u2019<\/p>\n<p style=\"text-align: justify;\">2-. Iv\u00e1n Carrasco Fern\u00e1ndez (Ferlo Factory Racing) 1h56\u201947\u2019\u2019<\/p>\n<p style=\"text-align: justify;\">3-. Manuel Mart\u00ednez Gil (Olispania Faster Team) 1h57\u201931\u2019\u2019<\/p>\n<p style=\"text-align: justify;\">4-. Sebasti\u00e1n G\u00f3mez And\u00fajar (BTT Los Despistaos) 1h58\u201916\u2019\u2019<\/p>\n<p style=\"text-align: justify;\">5-. Vicente L\u00f3pez Izquierdo (C.C. Acovastta Ulevel) 1h58\u201920\u2019\u2019<\/p>\n<p style=\"text-align: justify;\">Clasificaci\u00f3n femenina<\/p>\n<p style=\"text-align: justify;\">NOMBRE EQUIPO TIEMPO<\/p>\n<p style=\"text-align: justify;\">1-. Luc\u00eda Navarro Cuesta (Bicicletas El Hellinero Acecho) 2h14\u201932\u2019\u2019<\/p>\n<p style=\"text-align: justify;\">2-. Almudena Jim\u00e9nez Mart\u00ednez (Bicialmuerzo) 2h30\u201924\u2019\u2019<\/p>\n<p style=\"text-align: justify;\">3-. Maril\u00f3 Herrera Poyatos (Independiente) 2h34\u201954\u2019\u2019<\/p>\n<p style=\"text-align: justify;\">4-. Rosario Alacid Moreno (La Pur\u00edsima Team Yecla) 2h40\u201931\u2019\u2019<\/p>\n<p style=\"text-align: justify;\">5-. Alfonsi Villar Garrig\u00f3s (Ferroice Contrallano BTT) 2h44\u201926\u2019\u2019<\/p>\n<p><!--publicidad-voz03--><a href=\"https:\/\/www.facebook.com\/profile.php?id=100063593791305&amp;locale=es_ES\"><img decoding=\"async\" class=\"alignnone size-medium\" src=\"https:\/\/blogger.googleusercontent.com\/img\/b\/R29vZ2xl\/AVvXsEi8_n_ll8UOcGxCqzFvb_9Io4ICczlGC990BPtPj2w9Px-u7B3oqWUW5vtjZUqPNJ-nyjiUIorE0ATsib_l5tV8BVN-UJ03RTnU__IHJF_4DgDBtY4LIqXNG-FomrO-7ywes20CBCRM2Hcm7EJSh3UUw1dO-c_uTflUrtgY1i7uBRezj_DpympmEFkfbQY\/s1600\/logo-principal2.jpg\" width=\"100%\" height=\"100\" \/><\/a><!--bestpublic-voz03--><!--desk-in-out-voz03--><br \/>\n<!--publicidad-voz04--><a href=\"https:\/\/www.facebook.com\/profile.php?id=61557370768692&amp;locale=es_ES\"><img decoding=\"async\" class=\"alignnone size-medium\" src=\"https:\/\/blogger.googleusercontent.com\/img\/b\/R29vZ2xl\/AVvXsEgy5RdcfffrnrItnYTcV9bCJjgJwldsQLWssfVfrLbyfXeBNTFKgBf0rMIvhrUaGUhiXzVr9_eQgCbi-j63ZDpfTvLIty9w7s140y-m1yHe7eKmEK7v2NAHUJDVYGdfeiQFeRCqUjdwWmN1MX_AUxxz4IVdJ4WIM0APxit8bjWkXzrnEFGqBvW_1F13H1g\/s1600\/logo-principal5.jpg\" width=\"100%\" height=\"100\" \/><\/a><!--bestpublic-voz04--><!--desk-in-out-voz04--><br \/>\n<!--publicidad-voz05--><a href=\"https:\/\/www.facebook.com\/asociaciontamborileroshellin?locale=es_ES\"><img decoding=\"async\" class=\"alignnone size-medium\" src=\"https:\/\/blogger.googleusercontent.com\/img\/b\/R29vZ2xl\/AVvXsEhHEEpZsKK1VpwiYMrS7aE2ujtqIDZoLd4B5wtbiseSU9s2HdTdQfhF84So2XwEB1fv0BLw95GADm6hUl1bkKtzh-eIgVigXONuu_5RxeIMPhjk8q6uNX4EaEHbooKkbu7pCADWPpVJjhKIH5NQSJpWqedC-YBez4QAQeJYokkLot9bhrIaUAeztsGis6M\/s1600\/logo-principal3.jpg\" width=\"100%\" height=\"100\" \/><\/a><!--bestpublic-voz05--><!--desk-in-out-voz05--><br \/>\n<!--publicidad-voz06--><!--bestpublic-voz06--><!--desk-in-out-voz06--><br \/>\n<!--publicidad-voz07--><!--bestpublic-voz07--><!--desk-in-out-voz07--><br \/>\n<!--publicidad-voz08--><!--bestpublic-voz08--><!--desk-in-out-voz08--><br \/>\n<!--publicidad-voz09--><!--bestpublic-voz09--><!--desk-in-out-voz09--><br \/>\n<!--publicidad-voz10--><!--bestpublic-voz10--><!--desk-in-out-voz10--><br \/>\n<!--publicidad-voz11--><!--bestpublic-voz11--><!--desk-in-out-voz11--><br \/>\n<!--publicidad-voz12--><!--bestpublic-voz12--><!--desk-in-out-voz12--><br \/>\n<!--publicidad-voz13--><!--bestpublic-voz13--><!--desk-in-out-voz13--><br \/>\n<!--publicidad-voz14--><!--bestpublic-voz14--><!--desk-in-out-voz14--><br \/>\n<!--publicidad-voz15--><!--bestpublic-voz15--><!--desk-in-out-voz15--><br \/>\n<!--publicidad-voz16--><!--bestpublic-voz16--><!--desk-in-out-voz16--><\/p>\n","protected":false},"excerpt":{"rendered":"<p>Circuito de Diputaci\u00f3n &#8211; Juan Gonz\u00e1lez y Luc\u00eda Navarro ganan la XIII BTT Laguna de P\u00e9trola<\/p>\n","protected":false},"author":2,"featured_media":151837,"comment_status":"closed","ping_status":"closed","sticky":false,"template":"","format":"standard","meta":{"footnotes":""},"categories":[755,718,715,716,717],"tags":[],"class_list":["post-151836","post","type-post","status-publish","format-standard","has-post-thumbnail","hentry","category-blog-lv036","category-blogger","category-la-voz-de-hellin","category-la-voz-de-hellin-la-voz-de-hellin","category-noticias"],"_links":{"self":[{"href":"https:\/\/lavozdehellin.com\/noticias\/wp-json\/wp\/v2\/posts\/151836","targetHints":{"allow":["GET"]}}],"collection":[{"href":"https:\/\/lavozdehellin.com\/noticias\/wp-json\/wp\/v2\/posts"}],"about":[{"href":"https:\/\/lavozdehellin.com\/noticias\/wp-json\/wp\/v2\/types\/post"}],"author":[{"embeddable":true,"href":"https:\/\/lavozdehellin.com\/noticias\/wp-json\/wp\/v2\/users\/2"}],"replies":[{"embeddable":true,"href":"https:\/\/lavozdehellin.com\/noticias\/wp-json\/wp\/v2\/comments?post=151836"}],"version-history":[{"count":0,"href":"https:\/\/lavozdehellin.com\/noticias\/wp-json\/wp\/v2\/posts\/151836\/revisions"}],"wp:featuredmedia":[{"embeddable":true,"href":"https:\/\/lavozdehellin.com\/noticias\/wp-json\/wp\/v2\/media\/151837"}],"wp:attachment":[{"href":"https:\/\/lavozdehellin.com\/noticias\/wp-json\/wp\/v2\/media?parent=151836"}],"wp:term":[{"taxonomy":"category","embeddable":true,"href":"https:\/\/lavozdehellin.com\/noticias\/wp-json\/wp\/v2\/categories?post=151836"},{"taxonomy":"post_tag","embeddable":true,"href":"https:\/\/lavozdehellin.com\/noticias\/wp-json\/wp\/v2\/tags?post=151836"}],"curies":[{"name":"wp","href":"https:\/\/api.w.org\/{rel}","templated":true}]}}