{"id":151847,"date":"2024-07-16T10:27:35","date_gmt":"2024-07-16T08:27:35","guid":{"rendered":"https:\/\/lavozdehellin.com\/noticias\/?p=151847"},"modified":"2024-07-19T16:43:25","modified_gmt":"2024-07-19T14:43:25","slug":"v08-884-la-guardia-civil-de-albacete-detiene-a-dos-personas-por-un-delito-contra-la-salud-publica-en-el-bonillo","status":"publish","type":"post","link":"https:\/\/lavozdehellin.com\/noticias\/v08-884-la-guardia-civil-de-albacete-detiene-a-dos-personas-por-un-delito-contra-la-salud-publica-en-el-bonillo\/","title":{"rendered":"LVH NOTICIAS | LA GUARDIA CIVIL DE ALBACETE DETIENE A DOS PERSONAS POR UN DELITO CONTRA LA SALUD P\u00daBLICA EN EL BONILLO"},"content":{"rendered":"<p style=\"text-align: justify;\">Se han intervenido diferentes tipos de drogas, as\u00ed como 450 euros supuestamente procedentes de la venta de los estupefacientes<\/p>\n<p><!--more--><br \/>\n<!--publicidad-voz01--><a href=\"https:\/\/www.facebook.com\/SoloRadioHellin\/?locale=es_ES\"><img decoding=\"async\" class=\"alignnone size-medium\" src=\"https:\/\/blogger.googleusercontent.com\/img\/b\/R29vZ2xl\/AVvXsEiNncirNnyGedv00mhjZjh5Wl4_YPdJGanoAl8tL8zH-HwqE8uHqjEfSt340RHdx-9tuCSIkZ8rFamZiGyYlgDGxCsmXjCH_1xk5eYM3ntFZRvJP_jndOKR7w1UAo9Tu0vrZyOLfqRpHIxYI5SymJJ-pfGCQw6QVpggBH-UgfjiFQ2JOxqxG0Jx94kW83c\/s1600\/logo-principal.jpg\" width=\"100%\" height=\"100\" \/><\/a><!--bestpublic-voz01--><!--desk-in-out-voz01--><br \/>\n<!--publicidad-voz02--><a href=\"https:\/\/www.hellincf.com\/\"><img decoding=\"async\" class=\"alignnone size-medium\" src=\"https:\/\/blogger.googleusercontent.com\/img\/b\/R29vZ2xl\/AVvXsEhuZ4-XfBVj3UtdP8-RZugy3WVrg-Zv28c53m4oV47qYCxL1rX_dqWX_YddsGSnpH5SRDqZ7bZeKPIfDVCDncpjVlhy3aQs2vojcJBn7Gdv9hC2_Nzct_pRFrnFE1a7KTCdY1bT_kAgnY3-iadRZrGeJf1fR2P5fu11bokx0pWjaypoy-ctwCjklldpEbA\/s1600\/logo-principal7.jpg\" width=\"100%\" height=\"100\" \/><\/a><!--bestpublic-voz02--><!--desk-in-out-voz02--><\/p>\n<p style=\"text-align: justify;\">Las drogas intervenidas hubiesen supuesto unas 180 dosis en el mercado il\u00edcito<\/p>\n<p style=\"text-align: justify;\">Efectivos de la Guardia Civil de El Bonillo han detenido a un vecino de la localidad ciudadreale\u00f1a de La Solana, de 44 a\u00f1os de edad, y a otro de 52 a\u00f1os, vecino de Sevilla, como presuntos autores de un delito contra la salud p\u00fablica, en la modalidad de tr\u00e1fico de drogas.<\/p>\n<p style=\"text-align: justify;\">Actuaciones<\/p>\n<p style=\"text-align: justify;\">Las actuaciones policiales se produjeron en sendas actuaciones operativas enmarcadas en el dispositivo especial de seguridad que la Guardia Civil estableci\u00f3 en entre los d\u00edas 5 y 7 de julio con motivo de la celebraci\u00f3n del festival de m\u00fasica \u201cAlterna\u201d en la localidad albacetense de El Bonillo.<\/p>\n<p style=\"text-align: justify;\">En la primera actuaci\u00f3n, la Guardia Civil procedi\u00f3 a la parada de una furgoneta que result\u00f3 sospechosa a los agentes que formaban parte del dispositivo. Tras identificar a su \u00fanico ocupante, se realiz\u00f3 un registro del interior del veh\u00edculo, localizando en el habit\u00e1culo 98 pastillas de \u00e9xtasis, 5 gramos de marihuana, 12 gramos de hach\u00eds y 450 euros fraccionados en billetes de diverso valor, supuestamente procedentes de la venta de las drogas.<\/p>\n<p style=\"text-align: justify;\">En la segunda actuaci\u00f3n, la Guardia Civil inspeccion\u00f3 un puesto de venta ambulante ubicado en la zona de acampada del festival de m\u00fasica \u201cAlterna\u201d de El Bonillo, interviniendo en esta ocasi\u00f3n 19 pastillas de estaxis, 5 gramos de speed y una b\u00e1scula de precisi\u00f3n, supuestamente utilizada para el pesaje de los estupefacientes, procediendo a la detenci\u00f3n del responsable del puesto.<\/p>\n<p style=\"text-align: justify;\">180 dosis de drogas intervenidas<\/p>\n<p style=\"text-align: justify;\">Con las distintas sustancias estupefacientes intervenidas por la Benem\u00e9rita, dosificadas y listas para su venta, se podr\u00edan haber elaborado unas 180 dosis, que de haber llegado a los ciudadanos hubiesen constituido un grave peligro para la salud p\u00fablica.<\/p>\n<p style=\"text-align: justify;\">Plan contra el tr\u00e1fico minorista de drogas en lugares de ocio y diversi\u00f3n<\/p>\n<p style=\"text-align: justify;\">Esta actuaci\u00f3n se enmarca dentro de los servicios que la Guardia Civil de Albacete tiene activados, en toda su provincia, en relaci\u00f3n al \u00abPlan Operativo de Respuesta Policial al Tr\u00e1fico Minorista y Consumo de Drogas en Zonas, Lugares y Locales de Ocio\u00bb, intensific\u00e1ndose en la localidad de El Bonillo con motivo de su famoso festival de m\u00fasica \u201cAlterna\u201d.<\/p>\n<p style=\"text-align: justify;\">Diligencias instruidas \/ detenido<\/p>\n<p style=\"text-align: justify;\">Las diligencias instruidas por la Guardia Civil, junto con la persona detenida, fueron puestas a disposici\u00f3n del Juzgado de Instrucci\u00f3n de la localidad albacetense de La Roda, que ha entendido de las actuaciones.<\/p>\n<p style=\"text-align: justify;\">Delito contra la salud p\u00fablica<\/p>\n<p style=\"text-align: justify;\">El detenido podr\u00eda enfrentarse a unas penas de prisi\u00f3n de 3 a 6 a\u00f1os, seg\u00fan establece el art\u00edculo 368 del C\u00f3digo Penal, para los delitos contra la salud p\u00fablica, en la modalidad de tr\u00e1fico de drogas.<\/p>\n<p><!--publicidad-voz03--><a href=\"https:\/\/www.facebook.com\/profile.php?id=100063593791305&amp;locale=es_ES\"><img decoding=\"async\" class=\"alignnone size-medium\" src=\"https:\/\/blogger.googleusercontent.com\/img\/b\/R29vZ2xl\/AVvXsEi8_n_ll8UOcGxCqzFvb_9Io4ICczlGC990BPtPj2w9Px-u7B3oqWUW5vtjZUqPNJ-nyjiUIorE0ATsib_l5tV8BVN-UJ03RTnU__IHJF_4DgDBtY4LIqXNG-FomrO-7ywes20CBCRM2Hcm7EJSh3UUw1dO-c_uTflUrtgY1i7uBRezj_DpympmEFkfbQY\/s1600\/logo-principal2.jpg\" width=\"100%\" height=\"100\" \/><\/a><!--bestpublic-voz03--><!--desk-in-out-voz03--><br \/>\n<!--publicidad-voz04--><a href=\"https:\/\/www.facebook.com\/profile.php?id=61557370768692&amp;locale=es_ES\"><img decoding=\"async\" class=\"alignnone size-medium\" src=\"https:\/\/blogger.googleusercontent.com\/img\/b\/R29vZ2xl\/AVvXsEgy5RdcfffrnrItnYTcV9bCJjgJwldsQLWssfVfrLbyfXeBNTFKgBf0rMIvhrUaGUhiXzVr9_eQgCbi-j63ZDpfTvLIty9w7s140y-m1yHe7eKmEK7v2NAHUJDVYGdfeiQFeRCqUjdwWmN1MX_AUxxz4IVdJ4WIM0APxit8bjWkXzrnEFGqBvW_1F13H1g\/s1600\/logo-principal5.jpg\" width=\"100%\" height=\"100\" \/><\/a><!--bestpublic-voz04--><!--desk-in-out-voz04--><br \/>\n<!--publicidad-voz05--><a href=\"https:\/\/www.facebook.com\/asociaciontamborileroshellin?locale=es_ES\"><img decoding=\"async\" class=\"alignnone size-medium\" src=\"https:\/\/blogger.googleusercontent.com\/img\/b\/R29vZ2xl\/AVvXsEhHEEpZsKK1VpwiYMrS7aE2ujtqIDZoLd4B5wtbiseSU9s2HdTdQfhF84So2XwEB1fv0BLw95GADm6hUl1bkKtzh-eIgVigXONuu_5RxeIMPhjk8q6uNX4EaEHbooKkbu7pCADWPpVJjhKIH5NQSJpWqedC-YBez4QAQeJYokkLot9bhrIaUAeztsGis6M\/s1600\/logo-principal3.jpg\" width=\"100%\" height=\"100\" \/><\/a><!--bestpublic-voz05--><!--desk-in-out-voz05--><br \/>\n<!--publicidad-voz06--><!--bestpublic-voz06--><!--desk-in-out-voz06--><br \/>\n<!--publicidad-voz07--><!--bestpublic-voz07--><!--desk-in-out-voz07--><br \/>\n<!--publicidad-voz08--><!--bestpublic-voz08--><!--desk-in-out-voz08--><br \/>\n<!--publicidad-voz09--><!--bestpublic-voz09--><!--desk-in-out-voz09--><br \/>\n<!--publicidad-voz10--><!--bestpublic-voz10--><!--desk-in-out-voz10--><br \/>\n<!--publicidad-voz11--><!--bestpublic-voz11--><!--desk-in-out-voz11--><br \/>\n<!--publicidad-voz12--><!--bestpublic-voz12--><!--desk-in-out-voz12--><br \/>\n<!--publicidad-voz13--><!--bestpublic-voz13--><!--desk-in-out-voz13--><br \/>\n<!--publicidad-voz14--><!--bestpublic-voz14--><!--desk-in-out-voz14--><br \/>\n<!--publicidad-voz15--><!--bestpublic-voz15--><!--desk-in-out-voz15--><br \/>\n<!--publicidad-voz16--><!--bestpublic-voz16--><!--desk-in-out-voz16--><\/p>\n","protected":false},"excerpt":{"rendered":"<p>Se han intervenido diferentes tipos de drogas, as\u00ed como 450 euros supuestamente procedentes de la venta de los estupefacientes<\/p>\n","protected":false},"author":2,"featured_media":151848,"comment_status":"closed","ping_status":"closed","sticky":false,"template":"","format":"standard","meta":{"footnotes":""},"categories":[755,718,715,716,717],"tags":[],"class_list":["post-151847","post","type-post","status-publish","format-standard","has-post-thumbnail","hentry","category-blog-lv036","category-blogger","category-la-voz-de-hellin","category-la-voz-de-hellin-la-voz-de-hellin","category-noticias"],"_links":{"self":[{"href":"https:\/\/lavozdehellin.com\/noticias\/wp-json\/wp\/v2\/posts\/151847","targetHints":{"allow":["GET"]}}],"collection":[{"href":"https:\/\/lavozdehellin.com\/noticias\/wp-json\/wp\/v2\/posts"}],"about":[{"href":"https:\/\/lavozdehellin.com\/noticias\/wp-json\/wp\/v2\/types\/post"}],"author":[{"embeddable":true,"href":"https:\/\/lavozdehellin.com\/noticias\/wp-json\/wp\/v2\/users\/2"}],"replies":[{"embeddable":true,"href":"https:\/\/lavozdehellin.com\/noticias\/wp-json\/wp\/v2\/comments?post=151847"}],"version-history":[{"count":0,"href":"https:\/\/lavozdehellin.com\/noticias\/wp-json\/wp\/v2\/posts\/151847\/revisions"}],"wp:featuredmedia":[{"embeddable":true,"href":"https:\/\/lavozdehellin.com\/noticias\/wp-json\/wp\/v2\/media\/151848"}],"wp:attachment":[{"href":"https:\/\/lavozdehellin.com\/noticias\/wp-json\/wp\/v2\/media?parent=151847"}],"wp:term":[{"taxonomy":"category","embeddable":true,"href":"https:\/\/lavozdehellin.com\/noticias\/wp-json\/wp\/v2\/categories?post=151847"},{"taxonomy":"post_tag","embeddable":true,"href":"https:\/\/lavozdehellin.com\/noticias\/wp-json\/wp\/v2\/tags?post=151847"}],"curies":[{"name":"wp","href":"https:\/\/api.w.org\/{rel}","templated":true}]}}