{"id":151859,"date":"2024-07-17T17:13:30","date_gmt":"2024-07-17T15:13:30","guid":{"rendered":"https:\/\/lavozdehellin.com\/noticias\/?p=151859"},"modified":"2024-07-19T16:43:24","modified_gmt":"2024-07-19T14:43:24","slug":"v08-888-la-guardia-civil-detiene-a-tres-personas-tras-el-intento-de-robo-en-una-vivienda-de-molinicos","status":"publish","type":"post","link":"https:\/\/lavozdehellin.com\/noticias\/v08-888-la-guardia-civil-detiene-a-tres-personas-tras-el-intento-de-robo-en-una-vivienda-de-molinicos\/","title":{"rendered":"LVH NOTICIAS | LA GUARDIA CIVIL DETIENE A TRES PERSONAS TRAS EL INTENTO DE ROBO EN UNA VIVIENDA DE MOLINICOS"},"content":{"rendered":"<p style=\"text-align: justify;\">La colaboraci\u00f3n ciudadana, unida a una r\u00e1pida actuaci\u00f3n de la Guardia Civil, permiti\u00f3 frustrar el robo y detener a los autores<\/p>\n<p><!--more--><br \/>\n<!--publicidad-voz01--><a href=\"https:\/\/www.facebook.com\/SoloRadioHellin\/?locale=es_ES\"><img decoding=\"async\" class=\"alignnone size-medium\" src=\"https:\/\/blogger.googleusercontent.com\/img\/b\/R29vZ2xl\/AVvXsEiNncirNnyGedv00mhjZjh5Wl4_YPdJGanoAl8tL8zH-HwqE8uHqjEfSt340RHdx-9tuCSIkZ8rFamZiGyYlgDGxCsmXjCH_1xk5eYM3ntFZRvJP_jndOKR7w1UAo9Tu0vrZyOLfqRpHIxYI5SymJJ-pfGCQw6QVpggBH-UgfjiFQ2JOxqxG0Jx94kW83c\/s1600\/logo-principal.jpg\" width=\"100%\" height=\"100\" \/><\/a><!--bestpublic-voz01--><!--desk-in-out-voz01--><br \/>\n<!--publicidad-voz02--><a href=\"https:\/\/www.hellincf.com\/\"><img decoding=\"async\" class=\"alignnone size-medium\" src=\"https:\/\/blogger.googleusercontent.com\/img\/b\/R29vZ2xl\/AVvXsEhuZ4-XfBVj3UtdP8-RZugy3WVrg-Zv28c53m4oV47qYCxL1rX_dqWX_YddsGSnpH5SRDqZ7bZeKPIfDVCDncpjVlhy3aQs2vojcJBn7Gdv9hC2_Nzct_pRFrnFE1a7KTCdY1bT_kAgnY3-iadRZrGeJf1fR2P5fu11bokx0pWjaypoy-ctwCjklldpEbA\/s1600\/logo-principal7.jpg\" width=\"100%\" height=\"100\" \/><\/a><!--bestpublic-voz02--><!--desk-in-out-voz02--><\/p>\n<p style=\"text-align: justify;\">Dos de los detenidos fueron investigados por un delito de tenencia il\u00edcita de armas al localizar en el veh\u00edculo en el que viajaba una escopeta sustra\u00edda<\/p>\n<p style=\"text-align: justify;\">Componentes de la Guardia Civil de Molinicos y Elche de la Sierra han detenido a tres personas de 26, 27 y 29 a\u00f1os de edad, dos de nacionalidad marroqu\u00ed y otro de nacionalidad argelina, vecinos de la provincia de Murcia, como presuntos autores del intento de robo en una vivienda habitada de la localidad albacete\u00f1a de Molinicos.<\/p>\n<p style=\"text-align: justify;\">A dos de los detenidos, adem\u00e1s de atribuirles el intento de robo, se les investig\u00f3 por un delito de tenencia il\u00edcita de armas al haberse localizado en el veh\u00edculo en el que viajaba una escopeta de caza sustra\u00edda en una localidad de la vecina provincia de Alicante.<\/p>\n<p style=\"text-align: justify;\">Actuaciones<\/p>\n<p style=\"text-align: justify;\">Los operadores de la Central Operativa Compleja (COC) de la Benem\u00e9rita albacetense, que atienden el tel\u00e9fono de urgencias 062, recibieron la llamada de un vecino de Molinicos que informaba haber visto a dos personas, con el rostro cubierto, forzando la cerradura de la puerta de una vivienda con la intenci\u00f3n de acceder a su interior.<\/p>\n<p style=\"text-align: justify;\">Tras percatarse de que la vivienda estaba habitada y justo cuando llegaba la patrulla de la Guardia Civil al lugar de los hechos alertada por el COC, estas tres personas huyeron por unos caminos, siendo detenida una de ellas por los agentes de la patrulla tras una larga persecuci\u00f3n a pie.<\/p>\n<p style=\"text-align: justify;\">Al no poder alcanzar a los otros dos fugados, la patrulla que hab\u00eda realizado la primera detenci\u00f3n comunic\u00f3 los hechos el COC, desplegando desde dicha Central un operativo para tratar de localizarlos.<\/p>\n<p style=\"text-align: justify;\">Una patrulla del Cuerpo que participaba en el operativo observ\u00f3 como un veh\u00edculo que circulaba por la carretera CM-412, dentro del t\u00e9rmino municipal de Hell\u00edn, realizaba maniobras extra\u00f1as. Tras conseguir su parada, los agentes de la patrulla pudieron comprobar como sus dos ocupantes eran las personas que se hab\u00edan dado a la fuga tras el intento de robo en la vivienda, siendo finalmente detenidos.<\/p>\n<p style=\"text-align: justify;\">En el registro de este veh\u00edculo, la Guardia Civil localiz\u00f3 una escopeta sustra\u00edda d\u00edas antes en una localidad alicantina, encontr\u00e1ndose cargada y preparada para hacer fuego. Tras su recuperaci\u00f3n, el arma fue devuelta a su due\u00f1o.<\/p>\n<p style=\"text-align: justify;\">Igualmente, en el maletero del veh\u00edculo, se hallaron diversos objetos de los que los detenidos no pudieron acreditar su leg\u00edtima procedencia por lo que, bajo la sospecha de encontrarse sustra\u00eddos, quedaron intervenidos y a la espera de identificar a sus propietarios y hacerles entrega de ellos.<\/p>\n<p style=\"text-align: justify;\">Tel\u00e9fono de urgencias, 062, app ALERTCOPS<\/p>\n<p style=\"text-align: justify;\">La Guardia Civil recuerda que su tel\u00e9fono de urgencias, 062, se encuentra a su disposici\u00f3n las 24 horas. Igualmente, se informa de la existencia de la aplicaci\u00f3n de m\u00f3vil gratuita ALERTCOPS para que ante cualquier eventualidad puedan ponerse en contacto con las Fuerzas y Cuerpo de Seguridad del Estado.<\/p>\n<p><!--publicidad-voz03--><a href=\"https:\/\/www.facebook.com\/profile.php?id=100063593791305&amp;locale=es_ES\"><img decoding=\"async\" class=\"alignnone size-medium\" src=\"https:\/\/blogger.googleusercontent.com\/img\/b\/R29vZ2xl\/AVvXsEi8_n_ll8UOcGxCqzFvb_9Io4ICczlGC990BPtPj2w9Px-u7B3oqWUW5vtjZUqPNJ-nyjiUIorE0ATsib_l5tV8BVN-UJ03RTnU__IHJF_4DgDBtY4LIqXNG-FomrO-7ywes20CBCRM2Hcm7EJSh3UUw1dO-c_uTflUrtgY1i7uBRezj_DpympmEFkfbQY\/s1600\/logo-principal2.jpg\" width=\"100%\" height=\"100\" \/><\/a><!--bestpublic-voz03--><!--desk-in-out-voz03--><br \/>\n<!--publicidad-voz04--><a href=\"https:\/\/www.facebook.com\/profile.php?id=61557370768692&amp;locale=es_ES\"><img decoding=\"async\" class=\"alignnone size-medium\" src=\"https:\/\/blogger.googleusercontent.com\/img\/b\/R29vZ2xl\/AVvXsEgy5RdcfffrnrItnYTcV9bCJjgJwldsQLWssfVfrLbyfXeBNTFKgBf0rMIvhrUaGUhiXzVr9_eQgCbi-j63ZDpfTvLIty9w7s140y-m1yHe7eKmEK7v2NAHUJDVYGdfeiQFeRCqUjdwWmN1MX_AUxxz4IVdJ4WIM0APxit8bjWkXzrnEFGqBvW_1F13H1g\/s1600\/logo-principal5.jpg\" width=\"100%\" height=\"100\" \/><\/a><!--bestpublic-voz04--><!--desk-in-out-voz04--><br \/>\n<!--publicidad-voz05--><a href=\"https:\/\/www.facebook.com\/asociaciontamborileroshellin?locale=es_ES\"><img decoding=\"async\" class=\"alignnone size-medium\" src=\"https:\/\/blogger.googleusercontent.com\/img\/b\/R29vZ2xl\/AVvXsEhHEEpZsKK1VpwiYMrS7aE2ujtqIDZoLd4B5wtbiseSU9s2HdTdQfhF84So2XwEB1fv0BLw95GADm6hUl1bkKtzh-eIgVigXONuu_5RxeIMPhjk8q6uNX4EaEHbooKkbu7pCADWPpVJjhKIH5NQSJpWqedC-YBez4QAQeJYokkLot9bhrIaUAeztsGis6M\/s1600\/logo-principal3.jpg\" width=\"100%\" height=\"100\" \/><\/a><!--bestpublic-voz05--><!--desk-in-out-voz05--><br \/>\n<!--publicidad-voz06--><!--bestpublic-voz06--><!--desk-in-out-voz06--><br \/>\n<!--publicidad-voz07--><!--bestpublic-voz07--><!--desk-in-out-voz07--><br \/>\n<!--publicidad-voz08--><!--bestpublic-voz08--><!--desk-in-out-voz08--><br \/>\n<!--publicidad-voz09--><!--bestpublic-voz09--><!--desk-in-out-voz09--><br \/>\n<!--publicidad-voz10--><!--bestpublic-voz10--><!--desk-in-out-voz10--><br \/>\n<!--publicidad-voz11--><!--bestpublic-voz11--><!--desk-in-out-voz11--><br \/>\n<!--publicidad-voz12--><!--bestpublic-voz12--><!--desk-in-out-voz12--><br \/>\n<!--publicidad-voz13--><!--bestpublic-voz13--><!--desk-in-out-voz13--><br \/>\n<!--publicidad-voz14--><!--bestpublic-voz14--><!--desk-in-out-voz14--><br \/>\n<!--publicidad-voz15--><!--bestpublic-voz15--><!--desk-in-out-voz15--><br \/>\n<!--publicidad-voz16--><!--bestpublic-voz16--><!--desk-in-out-voz16--><\/p>\n","protected":false},"excerpt":{"rendered":"<p>La colaboraci\u00f3n ciudadana, unida a una r\u00e1pida actuaci\u00f3n de la Guardia Civil, permiti\u00f3 frustrar el robo y detener a los autores<\/p>\n","protected":false},"author":2,"featured_media":151860,"comment_status":"closed","ping_status":"closed","sticky":false,"template":"","format":"standard","meta":{"footnotes":""},"categories":[755,718,715,716,717],"tags":[],"class_list":["post-151859","post","type-post","status-publish","format-standard","has-post-thumbnail","hentry","category-blog-lv036","category-blogger","category-la-voz-de-hellin","category-la-voz-de-hellin-la-voz-de-hellin","category-noticias"],"_links":{"self":[{"href":"https:\/\/lavozdehellin.com\/noticias\/wp-json\/wp\/v2\/posts\/151859","targetHints":{"allow":["GET"]}}],"collection":[{"href":"https:\/\/lavozdehellin.com\/noticias\/wp-json\/wp\/v2\/posts"}],"about":[{"href":"https:\/\/lavozdehellin.com\/noticias\/wp-json\/wp\/v2\/types\/post"}],"author":[{"embeddable":true,"href":"https:\/\/lavozdehellin.com\/noticias\/wp-json\/wp\/v2\/users\/2"}],"replies":[{"embeddable":true,"href":"https:\/\/lavozdehellin.com\/noticias\/wp-json\/wp\/v2\/comments?post=151859"}],"version-history":[{"count":0,"href":"https:\/\/lavozdehellin.com\/noticias\/wp-json\/wp\/v2\/posts\/151859\/revisions"}],"wp:featuredmedia":[{"embeddable":true,"href":"https:\/\/lavozdehellin.com\/noticias\/wp-json\/wp\/v2\/media\/151860"}],"wp:attachment":[{"href":"https:\/\/lavozdehellin.com\/noticias\/wp-json\/wp\/v2\/media?parent=151859"}],"wp:term":[{"taxonomy":"category","embeddable":true,"href":"https:\/\/lavozdehellin.com\/noticias\/wp-json\/wp\/v2\/categories?post=151859"},{"taxonomy":"post_tag","embeddable":true,"href":"https:\/\/lavozdehellin.com\/noticias\/wp-json\/wp\/v2\/tags?post=151859"}],"curies":[{"name":"wp","href":"https:\/\/api.w.org\/{rel}","templated":true}]}}