{"id":151862,"date":"2024-07-17T17:23:44","date_gmt":"2024-07-17T15:23:44","guid":{"rendered":"https:\/\/lavozdehellin.com\/noticias\/?p=151862"},"modified":"2024-07-19T16:43:24","modified_gmt":"2024-07-19T14:43:24","slug":"v08-889-proteccion-civil-y-emergencias-alerta-por-riesgo-de-incendios-forestales-y-por-altas-temperaturas-en-gran-parte-del-pais","status":"publish","type":"post","link":"https:\/\/lavozdehellin.com\/noticias\/v08-889-proteccion-civil-y-emergencias-alerta-por-riesgo-de-incendios-forestales-y-por-altas-temperaturas-en-gran-parte-del-pais\/","title":{"rendered":"LVH NOTICIAS | PROTECCI\u00d3N CIVIL Y EMERGENCIAS ALERTA POR RIESGO DE INCENDIOS FORESTALES Y POR ALTAS TEMPERATURAS EN GRAN PARTE DEL PA\u00cdS"},"content":{"rendered":"<p style=\"text-align: justify;\">OLA DE CALOR &#8211; Protecci\u00f3n Civil y Emergencias alerta por riesgo de incendios forestales y por altas temperaturas en gran parte del pa\u00eds<\/p>\n<p><!--more--><br \/>\n<!--publicidad-voz01--><a href=\"https:\/\/www.facebook.com\/SoloRadioHellin\/?locale=es_ES\"><img decoding=\"async\" class=\"alignnone size-medium\" src=\"https:\/\/blogger.googleusercontent.com\/img\/b\/R29vZ2xl\/AVvXsEiNncirNnyGedv00mhjZjh5Wl4_YPdJGanoAl8tL8zH-HwqE8uHqjEfSt340RHdx-9tuCSIkZ8rFamZiGyYlgDGxCsmXjCH_1xk5eYM3ntFZRvJP_jndOKR7w1UAo9Tu0vrZyOLfqRpHIxYI5SymJJ-pfGCQw6QVpggBH-UgfjiFQ2JOxqxG0Jx94kW83c\/s1600\/logo-principal.jpg\" width=\"100%\" height=\"100\" \/><\/a><!--bestpublic-voz01--><!--desk-in-out-voz01--><br \/>\n<!--publicidad-voz02--><a href=\"https:\/\/www.hellincf.com\/\"><img decoding=\"async\" class=\"alignnone size-medium\" src=\"https:\/\/blogger.googleusercontent.com\/img\/b\/R29vZ2xl\/AVvXsEhuZ4-XfBVj3UtdP8-RZugy3WVrg-Zv28c53m4oV47qYCxL1rX_dqWX_YddsGSnpH5SRDqZ7bZeKPIfDVCDncpjVlhy3aQs2vojcJBn7Gdv9hC2_Nzct_pRFrnFE1a7KTCdY1bT_kAgnY3-iadRZrGeJf1fR2P5fu11bokx0pWjaypoy-ctwCjklldpEbA\/s1600\/logo-principal7.jpg\" width=\"100%\" height=\"100\" \/><\/a><!--bestpublic-voz02--><!--desk-in-out-voz02--><\/p>\n<p style=\"text-align: justify;\">La Direcci\u00f3n General de Protecci\u00f3n Civil y Emergencias del Ministerio del Interior, de acuerdo con las predicciones de la Agencia Estatal de Meteorolog\u00eda (AEMET), alerta por riesgo de incendios forestales y por altas temperaturas en gran parte del pa\u00eds durante los pr\u00f3ximos d\u00edas.<\/p>\n<p style=\"text-align: justify;\">Seg\u00fan AEMET, las zonas m\u00e1s afectadas ser\u00e1n la mitad sur y el cuadrante noreste de la Pen\u00ednsula, donde se espera que desde el jueves 18 se superen de forma bastante generalizada los 38\u00baC, alcanzando los 40-42\u00baC en zonas de los valles del Guadiana, del Tajo y del Ebro; e incluso los 42-44\u00baC en el valle del Guadalquivir.<\/p>\n<p style=\"text-align: justify;\">El d\u00eda \u00e1lgido de este episodio ser\u00e1 el viernes 19, cuando los valores superiores a los 40\u00baC puedan darse de forma m\u00e1s extensa en las zonas anteriormente citadas. En la meseta norte y en Baleares, en especial en el interior de Mallorca, aunque no se cumplan los criterios de ola de calor, se esperan temperaturas elevadas, alcanz\u00e1ndose los 36-38\u00baC.<\/p>\n<p style=\"text-align: justify;\">Adem\u00e1s, esta masa de aire de origen africano vendr\u00e1 acompa\u00f1ada de polvo en suspensi\u00f3n, que afectar\u00e1 a gran parte de la mitad sur y este peninsular durante el jueves y el viernes.<\/p>\n<p style=\"text-align: justify;\">A partir del s\u00e1bado 20 es probable una masa de aire atl\u00e1ntica m\u00e1s fresca d\u00e9 lugar a un descenso moderado de las temperaturas en la vertiente atl\u00e1ntica peninsular. Sin embargo, a\u00fan se alcanzar\u00e1n los 36-38 \u00baC en la mitad sur peninsular y se podr\u00eda llegar a los 40\u00baC en el valle del Guadalquivir. En el valle del Ebro la incertidumbre es elevada, siendo lo m\u00e1s probable que se establezca el cierzo, por lo que el descenso t\u00e9rmico en el alto Ebro ser\u00eda notable, aunque en el medio y bajo Ebro a\u00fan se podr\u00edan alcanzar los 38-40\u00baC, donde existe la posibilidad de tormentas por la tarde, lo que provocar\u00eda un descenso brusco de las temperaturas. En cuanto a la vertiente mediterr\u00e1nea el s\u00e1bado es el d\u00eda \u00e1lgido ya que el viento de poniente har\u00e1 subir las temperaturas hasta alcanzar los 40-42\u00baC e incluso puntualmente los 44 \u00baC en los valles del J\u00facar y el Segura.<\/p>\n<p style=\"text-align: justify;\">Las temperaturas m\u00ednimas tambi\u00e9n ser\u00e1n elevadas durante este episodio, en el que no bajar\u00e1n de los 24\u00baC en amplias zonas del sureste y, de forma m\u00e1s puntual, en otras \u00e1reas de la mitad sur peninsular y depresiones del noreste, principalmente durante el viernes 19 y el s\u00e1bado 20.<\/p>\n<p style=\"text-align: justify;\">Durante el domingo 21 se prev\u00e9 que el descenso t\u00e9rmico iniciado el s\u00e1bado en la vertiente atl\u00e1ntica se traslade al resto de la Pen\u00ednsula y a Baleares, pudiendo ser localmente notable. Aunque a\u00fan habr\u00e1 temperaturas elevadas en zonas de la mitad sur y tercio este peninsular, ya no se cumplir\u00e1n los criterios por los que se ha emitido este aviso de ola de calor. Para la semana que viene la incertidumbre a\u00fan es elevada, pero con la informaci\u00f3n actual el escenario m\u00e1s probable es que haya un nuevo aumento de las temperaturas.<\/p>\n<p style=\"text-align: justify;\">En cuanto a Canarias, la masa de aire sahariano tambi\u00e9n afectar\u00e1 al archipi\u00e9lago a partir de ma\u00f1ana, con un ascenso significativo de las temperaturas. El viernes ser\u00eda el d\u00eda \u00e1lgido, con temperaturas que podr\u00e1n alcanzar los 34\u00baC en zonas de interior y median\u00edas orientadas al sur de las islas. En el caso de Gran Canaria se podr\u00edan alcanzar los 37\u00baC. El s\u00e1bado es probable que se inicie un ligero descenso, aunque a\u00fan tendr\u00edamos temperaturas elevadas. El domingo es probable que el descenso sea m\u00e1s acusado y las temperaturas volver\u00edan a valores m\u00e1s habituales para esta \u00e9poca del a\u00f1o.<\/p>\n<p style=\"text-align: justify;\">Las altas temperaturas conllevan importante riesgo de incendios forestales. Es preciso extremar las precauciones. Si se descubre el fuego en su inicio, hay que avisar al 112 inmediatamente.<\/p>\n<p style=\"text-align: justify;\">Recomendaciones para prevenir incendios forestales<\/p>\n<p style=\"text-align: justify;\">\u00b7 Preste especial atenci\u00f3n a las normas de la Comunidad Aut\u00f3noma sobre prevenci\u00f3n de incendios y periodos autorizados para realizar quemas de rastrojos<\/p>\n<p style=\"text-align: justify;\">\u00b7 Evite arrojar cigarrillos, basuras y, especialmente, botellas de vidrio que hacen efecto lupa con el sol. Las negligencias provocan gran parte de incendios forestales<\/p>\n<p style=\"text-align: justify;\">\u00b7 Se proh\u00edbe encender fuegos u hogueras en el monte y terrenos pr\u00f3ximos<\/p>\n<p style=\"text-align: justify;\">\u00b7 Acampe s\u00f3lo en zonas autorizadas, puesto que \u00e9stas cuentan con medidas de protecci\u00f3n frente a un posible incendio y es m\u00e1s f\u00e1cil la evacuaci\u00f3n<\/p>\n<p style=\"text-align: justify;\">\u00b7 Si descubre el fuego en su inicio, avise al 112 inmediatamente<\/p>\n<p style=\"text-align: justify;\">\u00b7 En caso de verse sorprendido por un incendio, evite penetrar en el monte o bosque. Vaya siempre por zonas de gran visibilidad y libres de combustible<\/p>\n<p style=\"text-align: justify;\">\u00b7 En caso de emergencia por incendio forestal, atienda siempre las indicaciones de las autoridades competentes<\/p>\n<p style=\"text-align: justify;\">Recomendaciones ante altas temperaturas<\/p>\n<p style=\"text-align: justify;\">\u00b7 Limite la exposici\u00f3n al sol<\/p>\n<p style=\"text-align: justify;\">\u00b7 Mant\u00e9ngase en lugar bien ventilado<\/p>\n<p style=\"text-align: justify;\">\u00b7 Ingiera comidas ligeras y regulares, ricas en agua y sales minerales, como frutas y hortalizas<\/p>\n<p style=\"text-align: justify;\">\u00b7 Beba frecuentemente agua o l\u00edquidos<\/p>\n<p style=\"text-align: justify;\">\u00b7 V\u00edstase con ropa de colores claros, cubriendo la mayor superficie de piel posible y la cabeza<\/p>\n<p style=\"text-align: justify;\">\u00b7 Evite ejercicios f\u00edsicos prolongados en las horas centrales del d\u00eda<\/p>\n<p style=\"text-align: justify;\">\u00b7 Inter\u00e9sese por las personas mayores y enfermas, y aqu\u00e9llas que vivan solas o aisladas<\/p>\n<p style=\"text-align: justify;\">\u00b7 Tenga en cuenta que las altas temperaturas favorecen el riesgo de incendios forestales<\/p>\n<p><!--publicidad-voz03--><a href=\"https:\/\/www.facebook.com\/profile.php?id=100063593791305&amp;locale=es_ES\"><img decoding=\"async\" class=\"alignnone size-medium\" src=\"https:\/\/blogger.googleusercontent.com\/img\/b\/R29vZ2xl\/AVvXsEi8_n_ll8UOcGxCqzFvb_9Io4ICczlGC990BPtPj2w9Px-u7B3oqWUW5vtjZUqPNJ-nyjiUIorE0ATsib_l5tV8BVN-UJ03RTnU__IHJF_4DgDBtY4LIqXNG-FomrO-7ywes20CBCRM2Hcm7EJSh3UUw1dO-c_uTflUrtgY1i7uBRezj_DpympmEFkfbQY\/s1600\/logo-principal2.jpg\" width=\"100%\" height=\"100\" \/><\/a><!--bestpublic-voz03--><!--desk-in-out-voz03--><br \/>\n<!--publicidad-voz04--><a href=\"https:\/\/www.facebook.com\/profile.php?id=61557370768692&amp;locale=es_ES\"><img decoding=\"async\" class=\"alignnone size-medium\" src=\"https:\/\/blogger.googleusercontent.com\/img\/b\/R29vZ2xl\/AVvXsEgy5RdcfffrnrItnYTcV9bCJjgJwldsQLWssfVfrLbyfXeBNTFKgBf0rMIvhrUaGUhiXzVr9_eQgCbi-j63ZDpfTvLIty9w7s140y-m1yHe7eKmEK7v2NAHUJDVYGdfeiQFeRCqUjdwWmN1MX_AUxxz4IVdJ4WIM0APxit8bjWkXzrnEFGqBvW_1F13H1g\/s1600\/logo-principal5.jpg\" width=\"100%\" height=\"100\" \/><\/a><!--bestpublic-voz04--><!--desk-in-out-voz04--><br \/>\n<!--publicidad-voz05--><a href=\"https:\/\/www.facebook.com\/asociaciontamborileroshellin?locale=es_ES\"><img decoding=\"async\" class=\"alignnone size-medium\" src=\"https:\/\/blogger.googleusercontent.com\/img\/b\/R29vZ2xl\/AVvXsEhHEEpZsKK1VpwiYMrS7aE2ujtqIDZoLd4B5wtbiseSU9s2HdTdQfhF84So2XwEB1fv0BLw95GADm6hUl1bkKtzh-eIgVigXONuu_5RxeIMPhjk8q6uNX4EaEHbooKkbu7pCADWPpVJjhKIH5NQSJpWqedC-YBez4QAQeJYokkLot9bhrIaUAeztsGis6M\/s1600\/logo-principal3.jpg\" width=\"100%\" height=\"100\" \/><\/a><!--bestpublic-voz05--><!--desk-in-out-voz05--><br \/>\n<!--publicidad-voz06--><!--bestpublic-voz06--><!--desk-in-out-voz06--><br \/>\n<!--publicidad-voz07--><!--bestpublic-voz07--><!--desk-in-out-voz07--><br \/>\n<!--publicidad-voz08--><!--bestpublic-voz08--><!--desk-in-out-voz08--><br \/>\n<!--publicidad-voz09--><!--bestpublic-voz09--><!--desk-in-out-voz09--><br \/>\n<!--publicidad-voz10--><!--bestpublic-voz10--><!--desk-in-out-voz10--><br \/>\n<!--publicidad-voz11--><!--bestpublic-voz11--><!--desk-in-out-voz11--><br \/>\n<!--publicidad-voz12--><!--bestpublic-voz12--><!--desk-in-out-voz12--><br \/>\n<!--publicidad-voz13--><!--bestpublic-voz13--><!--desk-in-out-voz13--><br \/>\n<!--publicidad-voz14--><!--bestpublic-voz14--><!--desk-in-out-voz14--><br \/>\n<!--publicidad-voz15--><!--bestpublic-voz15--><!--desk-in-out-voz15--><br \/>\n<!--publicidad-voz16--><!--bestpublic-voz16--><!--desk-in-out-voz16--><\/p>\n","protected":false},"excerpt":{"rendered":"<p>OLA DE CALOR &#8211; Protecci\u00f3n Civil y Emergencias alerta por riesgo de incendios forestales y por altas temperaturas en gran parte del pa\u00eds<\/p>\n","protected":false},"author":2,"featured_media":151863,"comment_status":"closed","ping_status":"closed","sticky":false,"template":"","format":"standard","meta":{"footnotes":""},"categories":[755,718,715,716,717],"tags":[],"class_list":["post-151862","post","type-post","status-publish","format-standard","has-post-thumbnail","hentry","category-blog-lv036","category-blogger","category-la-voz-de-hellin","category-la-voz-de-hellin-la-voz-de-hellin","category-noticias"],"_links":{"self":[{"href":"https:\/\/lavozdehellin.com\/noticias\/wp-json\/wp\/v2\/posts\/151862","targetHints":{"allow":["GET"]}}],"collection":[{"href":"https:\/\/lavozdehellin.com\/noticias\/wp-json\/wp\/v2\/posts"}],"about":[{"href":"https:\/\/lavozdehellin.com\/noticias\/wp-json\/wp\/v2\/types\/post"}],"author":[{"embeddable":true,"href":"https:\/\/lavozdehellin.com\/noticias\/wp-json\/wp\/v2\/users\/2"}],"replies":[{"embeddable":true,"href":"https:\/\/lavozdehellin.com\/noticias\/wp-json\/wp\/v2\/comments?post=151862"}],"version-history":[{"count":0,"href":"https:\/\/lavozdehellin.com\/noticias\/wp-json\/wp\/v2\/posts\/151862\/revisions"}],"wp:featuredmedia":[{"embeddable":true,"href":"https:\/\/lavozdehellin.com\/noticias\/wp-json\/wp\/v2\/media\/151863"}],"wp:attachment":[{"href":"https:\/\/lavozdehellin.com\/noticias\/wp-json\/wp\/v2\/media?parent=151862"}],"wp:term":[{"taxonomy":"category","embeddable":true,"href":"https:\/\/lavozdehellin.com\/noticias\/wp-json\/wp\/v2\/categories?post=151862"},{"taxonomy":"post_tag","embeddable":true,"href":"https:\/\/lavozdehellin.com\/noticias\/wp-json\/wp\/v2\/tags?post=151862"}],"curies":[{"name":"wp","href":"https:\/\/api.w.org\/{rel}","templated":true}]}}