{"id":151865,"date":"2024-07-18T09:38:36","date_gmt":"2024-07-18T07:38:36","guid":{"rendered":"https:\/\/lavozdehellin.com\/noticias\/?p=151865"},"modified":"2024-07-19T16:43:24","modified_gmt":"2024-07-19T14:43:24","slug":"v08-890-la-guardia-civil-de-albacete-detiene-a-una-persona-por-un-delito-de-robo-con-violencia-e-intimidacion-y-evita-su-posible-suicidio","status":"publish","type":"post","link":"https:\/\/lavozdehellin.com\/noticias\/v08-890-la-guardia-civil-de-albacete-detiene-a-una-persona-por-un-delito-de-robo-con-violencia-e-intimidacion-y-evita-su-posible-suicidio\/","title":{"rendered":"LVH NOTICIAS | LA GUARDIA CIVIL DE ALBACETE DETIENE A UNA PERSONA POR UN DELITO DE ROBO CON VIOLENCIA E INTIMIDACI\u00d3N Y EVITA SU POSIBLE SUICIDIO"},"content":{"rendered":"<p style=\"text-align: justify;\">El detenido par\u00f3 un veh\u00edculo en una carretera pr\u00f3xima a Chinchilla e intent\u00f3 sacar a la fuerza a su conductor para sustraer el turismo<\/p>\n<p><!--more--><br \/>\n<!--publicidad-voz01--><a href=\"https:\/\/www.facebook.com\/SoloRadioHellin\/?locale=es_ES\"><img decoding=\"async\" class=\"alignnone size-medium\" src=\"https:\/\/blogger.googleusercontent.com\/img\/b\/R29vZ2xl\/AVvXsEiNncirNnyGedv00mhjZjh5Wl4_YPdJGanoAl8tL8zH-HwqE8uHqjEfSt340RHdx-9tuCSIkZ8rFamZiGyYlgDGxCsmXjCH_1xk5eYM3ntFZRvJP_jndOKR7w1UAo9Tu0vrZyOLfqRpHIxYI5SymJJ-pfGCQw6QVpggBH-UgfjiFQ2JOxqxG0Jx94kW83c\/s1600\/logo-principal.jpg\" width=\"100%\" height=\"100\" \/><\/a><!--bestpublic-voz01--><!--desk-in-out-voz01--><br \/>\n<!--publicidad-voz02--><a href=\"https:\/\/www.hellincf.com\/\"><img decoding=\"async\" class=\"alignnone size-medium\" src=\"https:\/\/blogger.googleusercontent.com\/img\/b\/R29vZ2xl\/AVvXsEhuZ4-XfBVj3UtdP8-RZugy3WVrg-Zv28c53m4oV47qYCxL1rX_dqWX_YddsGSnpH5SRDqZ7bZeKPIfDVCDncpjVlhy3aQs2vojcJBn7Gdv9hC2_Nzct_pRFrnFE1a7KTCdY1bT_kAgnY3-iadRZrGeJf1fR2P5fu11bokx0pWjaypoy-ctwCjklldpEbA\/s1600\/logo-principal7.jpg\" width=\"100%\" height=\"100\" \/><\/a><!--bestpublic-voz02--><!--desk-in-out-voz02--><\/p>\n<p style=\"text-align: justify;\">Cuando fue localizado en el servicio de urgencias del Hospital General Universitario albacete\u00f1o, donde intent\u00f3 tirarse al vac\u00edo<\/p>\n<p style=\"text-align: justify;\">Componentes del Puesto de la Guardia Civil de Chinchilla de Montearag\u00f3n y del \u00c1rea de Investigaci\u00f3n de Albacete han detenido a un vecino de Alicante, de 30 a\u00f1os de edad, como presunto autor de un delito de robo con violencia e intimidaci\u00f3n, evitando adem\u00e1s que se suicidase tras intentar escapar de los agentes.<\/p>\n<p style=\"text-align: justify;\">Actuaciones<\/p>\n<p style=\"text-align: justify;\">La Guardia Civil de Chinchilla de Montearag\u00f3n tuvo conocimiento de que un var\u00f3n, en estado agresivo, se encontraba en una carretera cercana a la localidad chinchillana lanzando objetos a un veh\u00edculo que circulaba por ella, logrando la parada de su conductor, al que agarr\u00f3 del brazo y del cuello para intentar sacarlo del interior y as\u00ed poder sustraerle el veh\u00edculo, todo ello agravado por el hecho de que lo hizo en presencia de un menor de corta edad que viajaba junto al conductor en el turismo.<\/p>\n<p style=\"text-align: justify;\">Con estos datos, la Benem\u00e9rita practic\u00f3 las pesquisas oportunas que consiguieron la r\u00e1pida identificaci\u00f3n del autor de los hechos, logrando adem\u00e1s localizarlo en el servicio de urgencias del Hospital General Universitario de Albacete, donde pretend\u00eda recibir atenci\u00f3n por las heridas sufridas en el forcejeo que tuvo lugar en el intento de sustracci\u00f3n del veh\u00edculo.<\/p>\n<p style=\"text-align: justify;\">Al detectar la presencia de los componentes del Cuerpo en referido hospital, el autor del intento de robo con violencia e intimidaci\u00f3n trat\u00f3 de precipitarse al vac\u00edo, lo que pudo evitarse gracias a la r\u00e1pida reacci\u00f3n de los agentes de la Benem\u00e9rita.<\/p>\n<p style=\"text-align: justify;\">Tras una primera valoraci\u00f3n sanitaria en el hospital albacete\u00f1o, esta persona fue trasladada hasta el servicio de psiquiatr\u00eda del Hospital Perpetuo Socorro de la capital manchega para su tratamiento, siendo acompa\u00f1ado en este trayecto por los agentes de servicio.<\/p>\n<p style=\"text-align: justify;\">Tras recibir el oportuno tratamiento m\u00e9dico y una vez dado de alta, esta persona fue detenida y puesta a disposici\u00f3n judicial.<\/p>\n<p style=\"text-align: justify;\">Diligencias instruidas<\/p>\n<p style=\"text-align: justify;\">Las diligencias policiales, instruidas por la Guardia Civil de Chinchilla de Montearag\u00f3n, han sido puestas a disposici\u00f3n del Juzgado de Instrucci\u00f3n N\u00ba DOS de Albacete, que ha entendido de las actuaciones.<\/p>\n<p><!--publicidad-voz03--><a href=\"https:\/\/www.facebook.com\/profile.php?id=100063593791305&amp;locale=es_ES\"><img decoding=\"async\" class=\"alignnone size-medium\" src=\"https:\/\/blogger.googleusercontent.com\/img\/b\/R29vZ2xl\/AVvXsEi8_n_ll8UOcGxCqzFvb_9Io4ICczlGC990BPtPj2w9Px-u7B3oqWUW5vtjZUqPNJ-nyjiUIorE0ATsib_l5tV8BVN-UJ03RTnU__IHJF_4DgDBtY4LIqXNG-FomrO-7ywes20CBCRM2Hcm7EJSh3UUw1dO-c_uTflUrtgY1i7uBRezj_DpympmEFkfbQY\/s1600\/logo-principal2.jpg\" width=\"100%\" height=\"100\" \/><\/a><!--bestpublic-voz03--><!--desk-in-out-voz03--><br \/>\n<!--publicidad-voz04--><a href=\"https:\/\/www.facebook.com\/profile.php?id=61557370768692&amp;locale=es_ES\"><img decoding=\"async\" class=\"alignnone size-medium\" src=\"https:\/\/blogger.googleusercontent.com\/img\/b\/R29vZ2xl\/AVvXsEgy5RdcfffrnrItnYTcV9bCJjgJwldsQLWssfVfrLbyfXeBNTFKgBf0rMIvhrUaGUhiXzVr9_eQgCbi-j63ZDpfTvLIty9w7s140y-m1yHe7eKmEK7v2NAHUJDVYGdfeiQFeRCqUjdwWmN1MX_AUxxz4IVdJ4WIM0APxit8bjWkXzrnEFGqBvW_1F13H1g\/s1600\/logo-principal5.jpg\" width=\"100%\" height=\"100\" \/><\/a><!--bestpublic-voz04--><!--desk-in-out-voz04--><br \/>\n<!--publicidad-voz05--><a href=\"https:\/\/www.facebook.com\/asociaciontamborileroshellin?locale=es_ES\"><img decoding=\"async\" class=\"alignnone size-medium\" src=\"https:\/\/blogger.googleusercontent.com\/img\/b\/R29vZ2xl\/AVvXsEhHEEpZsKK1VpwiYMrS7aE2ujtqIDZoLd4B5wtbiseSU9s2HdTdQfhF84So2XwEB1fv0BLw95GADm6hUl1bkKtzh-eIgVigXONuu_5RxeIMPhjk8q6uNX4EaEHbooKkbu7pCADWPpVJjhKIH5NQSJpWqedC-YBez4QAQeJYokkLot9bhrIaUAeztsGis6M\/s1600\/logo-principal3.jpg\" width=\"100%\" height=\"100\" \/><\/a><!--bestpublic-voz05--><!--desk-in-out-voz05--><br \/>\n<!--publicidad-voz06--><!--bestpublic-voz06--><!--desk-in-out-voz06--><br \/>\n<!--publicidad-voz07--><!--bestpublic-voz07--><!--desk-in-out-voz07--><br \/>\n<!--publicidad-voz08--><!--bestpublic-voz08--><!--desk-in-out-voz08--><br \/>\n<!--publicidad-voz09--><!--bestpublic-voz09--><!--desk-in-out-voz09--><br \/>\n<!--publicidad-voz10--><!--bestpublic-voz10--><!--desk-in-out-voz10--><br \/>\n<!--publicidad-voz11--><!--bestpublic-voz11--><!--desk-in-out-voz11--><br \/>\n<!--publicidad-voz12--><!--bestpublic-voz12--><!--desk-in-out-voz12--><br \/>\n<!--publicidad-voz13--><!--bestpublic-voz13--><!--desk-in-out-voz13--><br \/>\n<!--publicidad-voz14--><!--bestpublic-voz14--><!--desk-in-out-voz14--><br \/>\n<!--publicidad-voz15--><!--bestpublic-voz15--><!--desk-in-out-voz15--><br \/>\n<!--publicidad-voz16--><!--bestpublic-voz16--><!--desk-in-out-voz16--><\/p>\n","protected":false},"excerpt":{"rendered":"<p>El detenido par\u00f3 un veh\u00edculo en una carretera pr\u00f3xima a Chinchilla e intent\u00f3 sacar a la fuerza a su conductor para sustraer el turismo<\/p>\n","protected":false},"author":2,"featured_media":151866,"comment_status":"closed","ping_status":"closed","sticky":false,"template":"","format":"standard","meta":{"footnotes":""},"categories":[755,718,715,716,717],"tags":[],"class_list":["post-151865","post","type-post","status-publish","format-standard","has-post-thumbnail","hentry","category-blog-lv036","category-blogger","category-la-voz-de-hellin","category-la-voz-de-hellin-la-voz-de-hellin","category-noticias"],"_links":{"self":[{"href":"https:\/\/lavozdehellin.com\/noticias\/wp-json\/wp\/v2\/posts\/151865","targetHints":{"allow":["GET"]}}],"collection":[{"href":"https:\/\/lavozdehellin.com\/noticias\/wp-json\/wp\/v2\/posts"}],"about":[{"href":"https:\/\/lavozdehellin.com\/noticias\/wp-json\/wp\/v2\/types\/post"}],"author":[{"embeddable":true,"href":"https:\/\/lavozdehellin.com\/noticias\/wp-json\/wp\/v2\/users\/2"}],"replies":[{"embeddable":true,"href":"https:\/\/lavozdehellin.com\/noticias\/wp-json\/wp\/v2\/comments?post=151865"}],"version-history":[{"count":0,"href":"https:\/\/lavozdehellin.com\/noticias\/wp-json\/wp\/v2\/posts\/151865\/revisions"}],"wp:featuredmedia":[{"embeddable":true,"href":"https:\/\/lavozdehellin.com\/noticias\/wp-json\/wp\/v2\/media\/151866"}],"wp:attachment":[{"href":"https:\/\/lavozdehellin.com\/noticias\/wp-json\/wp\/v2\/media?parent=151865"}],"wp:term":[{"taxonomy":"category","embeddable":true,"href":"https:\/\/lavozdehellin.com\/noticias\/wp-json\/wp\/v2\/categories?post=151865"},{"taxonomy":"post_tag","embeddable":true,"href":"https:\/\/lavozdehellin.com\/noticias\/wp-json\/wp\/v2\/tags?post=151865"}],"curies":[{"name":"wp","href":"https:\/\/api.w.org\/{rel}","templated":true}]}}