{"id":151916,"date":"2024-07-17T10:19:53","date_gmt":"2024-07-17T08:19:53","guid":{"rendered":"https:\/\/lavozdehellin.com\/noticias\/?p=151916"},"modified":"2024-07-19T17:19:52","modified_gmt":"2024-07-19T15:19:52","slug":"v08-897-santi-cabanero-sigue-apostando-por-vivir-el-alba-y-renueva-su-abono-para-la-temporada-24-25-en-una-segunda-con-esencia-de-primera","status":"publish","type":"post","link":"https:\/\/lavozdehellin.com\/noticias\/v08-897-santi-cabanero-sigue-apostando-por-vivir-el-alba-y-renueva-su-abono-para-la-temporada-24-25-en-una-segunda-con-esencia-de-primera\/","title":{"rendered":"LVH NOTICIAS | SANTI CABA\u00d1ERO SIGUE APOSTANDO POR \u2018VIVIR EL ALBA\u2019 Y RENUEVA SU ABONO PARA LA TEMPORADA 24\/25 EN UNA SEGUNDA CON ESENCIA DE PRIMERA"},"content":{"rendered":"<p style=\"text-align: justify;\">El presidente de la Diputaci\u00f3n de Albacete, Santi Caba\u00f1ero, ha pasado por el Palco de Honor del Estadio Carlos Belmonte, tal y como reza el eslogan de la campa\u00f1a del Albacete Balompi\u00e9, renovar su abono y seguir \u2018Viviendo el Alba\u2019 de cara a la temporada 2024\/2025.<\/p>\n<p><!--more--><br \/>\n<!--publicidad-voz01--><a href=\"https:\/\/www.facebook.com\/SoloRadioHellin\/?locale=es_ES\"><img decoding=\"async\" class=\"alignnone size-medium\" src=\"https:\/\/blogger.googleusercontent.com\/img\/b\/R29vZ2xl\/AVvXsEiNncirNnyGedv00mhjZjh5Wl4_YPdJGanoAl8tL8zH-HwqE8uHqjEfSt340RHdx-9tuCSIkZ8rFamZiGyYlgDGxCsmXjCH_1xk5eYM3ntFZRvJP_jndOKR7w1UAo9Tu0vrZyOLfqRpHIxYI5SymJJ-pfGCQw6QVpggBH-UgfjiFQ2JOxqxG0Jx94kW83c\/s1600\/logo-principal.jpg\" width=\"100%\" height=\"100\" \/><\/a><!--bestpublic-voz01--><!--desk-in-out-voz01--><br \/>\n<!--publicidad-voz02--><a href=\"https:\/\/www.hellincf.com\/\"><img decoding=\"async\" class=\"alignnone size-medium\" src=\"https:\/\/blogger.googleusercontent.com\/img\/b\/R29vZ2xl\/AVvXsEhuZ4-XfBVj3UtdP8-RZugy3WVrg-Zv28c53m4oV47qYCxL1rX_dqWX_YddsGSnpH5SRDqZ7bZeKPIfDVCDncpjVlhy3aQs2vojcJBn7Gdv9hC2_Nzct_pRFrnFE1a7KTCdY1bT_kAgnY3-iadRZrGeJf1fR2P5fu11bokx0pWjaypoy-ctwCjklldpEbA\/s1600\/logo-principal7.jpg\" width=\"100%\" height=\"100\" \/><\/a><!--bestpublic-voz02--><!--desk-in-out-voz02--><\/p>\n<p style=\"text-align: justify;\">Un a\u00f1o m\u00e1s, el presidente provincial ha tenido ocasi\u00f3n de realizar este tr\u00e1mite junto a otro \u2018fiel\u2019 de los blancos: el subdelegado del Gobierno de Espa\u00f1a en Albacete, Miguel Juan Espinosa. Ambos, acompa\u00f1ados por el vicepresidente y consejero delegado del Club, V\u00edctor Varela.<\/p>\n<p style=\"text-align: justify;\">Sin duda, como ha planteado la entidad para la presente campa\u00f1a de abonos y partiendo de la experiencia vivida en la temporada 2023\/2024, la emoci\u00f3n est\u00e1 m\u00e1s que asegurada \u2018con alegr\u00eda en el sufrimiento y sufrimiento en la alegr\u00eda\u2019, dentro de una categor\u00eda que, este a\u00f1o m\u00e1s si cabe, gozar\u00e1 de un nivel extraordinario, con 16 de los 22 equipos en liza habiendo militado en la Primera Divisi\u00f3n del f\u00fatbol espa\u00f1ol.<\/p>\n<p style=\"text-align: justify;\">Este mi\u00e9rcoles finaliza el plazo para renovar abonos, algo que el presidente provincial ha hecho tanto con el suyo como con el de su hijo: El plazo para nuevas altas se abre el pr\u00f3ximo 23 , extendi\u00e9ndose hasta el 1 de septiembre.<\/p>\n<p style=\"text-align: justify;\">Desde el pasado d\u00eda 11, los de Alberto Gonz\u00e1lez est\u00e1n en plena \u2018puesta a punto\u2019 de cara a una temporada m\u00e1s que ilusionante, incorporando novedades con las que conformar un conjunto s\u00f3lido que haga disfrutar a la fiel afici\u00f3n albacetista, si puede ser, con algo menos de sufrimiento que en la pasada temporada, como han bromeado tanto Caba\u00f1ero como Espinosa con Varela durante la tramitaci\u00f3n de sus respectivas renovaciones en la lista de \u2018abonados al Alba\u2019.<\/p>\n<p style=\"text-align: justify;\">La Diputaci\u00f3n contribuye a la \u2018siembra\u2019 de afici\u00f3n albacetista merced al convenio anual de 120.000 euros con la Fundaci\u00f3n Albacete Balompi\u00e9<\/p>\n<p style=\"text-align: justify;\">Un apoyo firme en lo personal que Caba\u00f1ero ha reiterado al vicepresidente del Club tambi\u00e9n en lo institucional, con la Diputaci\u00f3n de Albacete reeditando el convenio que suscribe con la Fundaci\u00f3n Albacete Balompi\u00e9 y que, el a\u00f1o pasado, se duplicaba pasando de los 60.000 a los 120.000 euros, para subrayar el important\u00edsimo \u201calcance provincial\u201d del Albacete Balompi\u00e9.<\/p>\n<p style=\"text-align: justify;\">No en vano, en torno al 40% de sus abonados y abonadas viven en distintos pueblos de la provincia, y m\u00e1s del 35% de las pe\u00f1as del Alba tienen sede fuera de la ciudad de Albacete.<\/p>\n<p style=\"text-align: justify;\">Tras una temporada inolvidable para el conjunto local, aderezada de la mejor forma posible por la Selecci\u00f3n Espa\u00f1ola de F\u00fatbol Masculino que acaba de sumar para el pa\u00eds la cuarta Eurocopa, Caba\u00f1ero ha resaltado el evidente potencial del f\u00fatbol en el d\u00eda a d\u00eda de toda la sociedad, desde los pueblos y ciudades, siendo un claro instrumento de dinamizaci\u00f3n econ\u00f3mica y atracci\u00f3n tur\u00edstica, pero tambi\u00e9n de transformaci\u00f3n social y de cohesi\u00f3n interterritorial e intergeneracional.<\/p>\n<p style=\"text-align: justify;\">Como han comentado tanto Varela como Caba\u00f1ero, tremendamente satisfechos, as\u00ed se viene manifestando a lo largo de los meses en las iniciativas enmarcadas en el seno del propio convenio de colaboraci\u00f3n entre la Diputaci\u00f3n y el Albacete Balompi\u00e9, que incluye visitas de escolares de distintos puntos de la provincia a la Ciudad Deportiva para interactuar con el equipo, as\u00ed como la extensi\u00f3n de la iniciativa \u2018Locura por el Alba\u2019 a m\u00faltiples localidades que, a lo largo de los meses, van viendo pasar por ellas a protagonistas del Club, \u201chaciendo afici\u00f3n\u201d en una historia que nos llama a \u2018Vivir el Alba\u2019.<\/p>\n<p><!--publicidad-voz03--><a href=\"https:\/\/www.facebook.com\/profile.php?id=100063593791305&amp;locale=es_ES\"><img decoding=\"async\" class=\"alignnone size-medium\" src=\"https:\/\/blogger.googleusercontent.com\/img\/b\/R29vZ2xl\/AVvXsEi8_n_ll8UOcGxCqzFvb_9Io4ICczlGC990BPtPj2w9Px-u7B3oqWUW5vtjZUqPNJ-nyjiUIorE0ATsib_l5tV8BVN-UJ03RTnU__IHJF_4DgDBtY4LIqXNG-FomrO-7ywes20CBCRM2Hcm7EJSh3UUw1dO-c_uTflUrtgY1i7uBRezj_DpympmEFkfbQY\/s1600\/logo-principal2.jpg\" width=\"100%\" height=\"100\" \/><\/a><!--bestpublic-voz03--><!--desk-in-out-voz03--><br \/>\n<!--publicidad-voz04--><a href=\"https:\/\/www.facebook.com\/profile.php?id=61557370768692&amp;locale=es_ES\"><img decoding=\"async\" class=\"alignnone size-medium\" src=\"https:\/\/blogger.googleusercontent.com\/img\/b\/R29vZ2xl\/AVvXsEgy5RdcfffrnrItnYTcV9bCJjgJwldsQLWssfVfrLbyfXeBNTFKgBf0rMIvhrUaGUhiXzVr9_eQgCbi-j63ZDpfTvLIty9w7s140y-m1yHe7eKmEK7v2NAHUJDVYGdfeiQFeRCqUjdwWmN1MX_AUxxz4IVdJ4WIM0APxit8bjWkXzrnEFGqBvW_1F13H1g\/s1600\/logo-principal5.jpg\" width=\"100%\" height=\"100\" \/><\/a><!--bestpublic-voz04--><!--desk-in-out-voz04--><br \/>\n<!--publicidad-voz05--><a href=\"https:\/\/www.facebook.com\/asociaciontamborileroshellin?locale=es_ES\"><img decoding=\"async\" class=\"alignnone size-medium\" src=\"https:\/\/blogger.googleusercontent.com\/img\/b\/R29vZ2xl\/AVvXsEhHEEpZsKK1VpwiYMrS7aE2ujtqIDZoLd4B5wtbiseSU9s2HdTdQfhF84So2XwEB1fv0BLw95GADm6hUl1bkKtzh-eIgVigXONuu_5RxeIMPhjk8q6uNX4EaEHbooKkbu7pCADWPpVJjhKIH5NQSJpWqedC-YBez4QAQeJYokkLot9bhrIaUAeztsGis6M\/s1600\/logo-principal3.jpg\" width=\"100%\" height=\"100\" \/><\/a><!--bestpublic-voz05--><!--desk-in-out-voz05--><br \/>\n<!--publicidad-voz06--><!--bestpublic-voz06--><!--desk-in-out-voz06--><br \/>\n<!--publicidad-voz07--><!--bestpublic-voz07--><!--desk-in-out-voz07--><br \/>\n<!--publicidad-voz08--><!--bestpublic-voz08--><!--desk-in-out-voz08--><br \/>\n<!--publicidad-voz09--><!--bestpublic-voz09--><!--desk-in-out-voz09--><br \/>\n<!--publicidad-voz10--><!--bestpublic-voz10--><!--desk-in-out-voz10--><br \/>\n<!--publicidad-voz11--><!--bestpublic-voz11--><!--desk-in-out-voz11--><br \/>\n<!--publicidad-voz12--><!--bestpublic-voz12--><!--desk-in-out-voz12--><br \/>\n<!--publicidad-voz13--><!--bestpublic-voz13--><!--desk-in-out-voz13--><br \/>\n<!--publicidad-voz14--><!--bestpublic-voz14--><!--desk-in-out-voz14--><br \/>\n<!--publicidad-voz15--><!--bestpublic-voz15--><!--desk-in-out-voz15--><br \/>\n<!--publicidad-voz16--><!--bestpublic-voz16--><!--desk-in-out-voz16--><\/p>\n","protected":false},"excerpt":{"rendered":"<p>El presidente de la Diputaci\u00f3n de Albacete, Santi Caba\u00f1ero, ha pasado por el Palco de Honor del Estadio Carlos Belmonte, tal y como reza el eslogan de la campa\u00f1a del&#8230;<\/p>\n","protected":false},"author":2,"featured_media":151917,"comment_status":"closed","ping_status":"closed","sticky":false,"template":"","format":"standard","meta":{"footnotes":""},"categories":[755,718,715,716,717],"tags":[],"class_list":["post-151916","post","type-post","status-publish","format-standard","has-post-thumbnail","hentry","category-blog-lv036","category-blogger","category-la-voz-de-hellin","category-la-voz-de-hellin-la-voz-de-hellin","category-noticias"],"_links":{"self":[{"href":"https:\/\/lavozdehellin.com\/noticias\/wp-json\/wp\/v2\/posts\/151916","targetHints":{"allow":["GET"]}}],"collection":[{"href":"https:\/\/lavozdehellin.com\/noticias\/wp-json\/wp\/v2\/posts"}],"about":[{"href":"https:\/\/lavozdehellin.com\/noticias\/wp-json\/wp\/v2\/types\/post"}],"author":[{"embeddable":true,"href":"https:\/\/lavozdehellin.com\/noticias\/wp-json\/wp\/v2\/users\/2"}],"replies":[{"embeddable":true,"href":"https:\/\/lavozdehellin.com\/noticias\/wp-json\/wp\/v2\/comments?post=151916"}],"version-history":[{"count":0,"href":"https:\/\/lavozdehellin.com\/noticias\/wp-json\/wp\/v2\/posts\/151916\/revisions"}],"wp:featuredmedia":[{"embeddable":true,"href":"https:\/\/lavozdehellin.com\/noticias\/wp-json\/wp\/v2\/media\/151917"}],"wp:attachment":[{"href":"https:\/\/lavozdehellin.com\/noticias\/wp-json\/wp\/v2\/media?parent=151916"}],"wp:term":[{"taxonomy":"category","embeddable":true,"href":"https:\/\/lavozdehellin.com\/noticias\/wp-json\/wp\/v2\/categories?post=151916"},{"taxonomy":"post_tag","embeddable":true,"href":"https:\/\/lavozdehellin.com\/noticias\/wp-json\/wp\/v2\/tags?post=151916"}],"curies":[{"name":"wp","href":"https:\/\/api.w.org\/{rel}","templated":true}]}}