{"id":151919,"date":"2024-07-18T12:18:41","date_gmt":"2024-07-18T10:18:41","guid":{"rendered":"https:\/\/lavozdehellin.com\/noticias\/?p=151919"},"modified":"2024-07-19T17:19:52","modified_gmt":"2024-07-19T15:19:52","slug":"v08-898-la-diputacion-de-albacete-refuerza-su-plantilla-en-turismo-y-energia-dos-areas-estrategicas-para-afianzar-el-desarrollo-integral-y-sostenible-de-la-provincia","status":"publish","type":"post","link":"https:\/\/lavozdehellin.com\/noticias\/v08-898-la-diputacion-de-albacete-refuerza-su-plantilla-en-turismo-y-energia-dos-areas-estrategicas-para-afianzar-el-desarrollo-integral-y-sostenible-de-la-provincia\/","title":{"rendered":"LVH NOTICIAS | LA DIPUTACI\u00d3N DE ALBACETE REFUERZA SU PLANTILLA EN TURISMO Y ENERG\u00cdA: DOS \u00c1REAS ESTRAT\u00c9GICAS PARA AFIANZAR EL DESARROLLO INTEGRAL Y SOSTENIBLE DE LA PROVINCIA"},"content":{"rendered":"<p style=\"text-align: justify;\">Con cerca de cuarenta puntos en el Orden del D\u00eda, la Diputaci\u00f3n de Albacete ha celebrado una nueva sesi\u00f3n plenaria provincial.<\/p>\n<p><!--more--><br \/>\n<!--publicidad-voz01--><a href=\"https:\/\/www.facebook.com\/SoloRadioHellin\/?locale=es_ES\"><img decoding=\"async\" class=\"alignnone size-medium\" src=\"https:\/\/blogger.googleusercontent.com\/img\/b\/R29vZ2xl\/AVvXsEiNncirNnyGedv00mhjZjh5Wl4_YPdJGanoAl8tL8zH-HwqE8uHqjEfSt340RHdx-9tuCSIkZ8rFamZiGyYlgDGxCsmXjCH_1xk5eYM3ntFZRvJP_jndOKR7w1UAo9Tu0vrZyOLfqRpHIxYI5SymJJ-pfGCQw6QVpggBH-UgfjiFQ2JOxqxG0Jx94kW83c\/s1600\/logo-principal.jpg\" width=\"100%\" height=\"100\" \/><\/a><!--bestpublic-voz01--><!--desk-in-out-voz01--><br \/>\n<!--publicidad-voz02--><a href=\"https:\/\/www.hellincf.com\/\"><img decoding=\"async\" class=\"alignnone size-medium\" src=\"https:\/\/blogger.googleusercontent.com\/img\/b\/R29vZ2xl\/AVvXsEhuZ4-XfBVj3UtdP8-RZugy3WVrg-Zv28c53m4oV47qYCxL1rX_dqWX_YddsGSnpH5SRDqZ7bZeKPIfDVCDncpjVlhy3aQs2vojcJBn7Gdv9hC2_Nzct_pRFrnFE1a7KTCdY1bT_kAgnY3-iadRZrGeJf1fR2P5fu11bokx0pWjaypoy-ctwCjklldpEbA\/s1600\/logo-principal7.jpg\" width=\"100%\" height=\"100\" \/><\/a><!--bestpublic-voz02--><!--desk-in-out-voz02--><\/p>\n<p style=\"text-align: justify;\">Entre ellos, ha destacado la aprobaci\u00f3n (con la abstenci\u00f3n de Vox) de la propuesta por la que, como ha explicado el vicepresidente y responsable de Personal, Fran Valera, el hasta ahora, \u2018Servicio de Energ\u00eda y Medio Ambiente\u2019 de la instituci\u00f3n, pasa a tener un nombre \u201cactual a los tiempos y, sobre todo, a las pol\u00edticas propulsadas por el Equipo de Gobierno\u201d, convirti\u00e9ndose en el \u2018Servicio de Medio Ambiente, Agenda 2030 y Reto Demogr\u00e1fico\u2019 y por la que, adem\u00e1s, se crean y modifican plazas en diversas categor\u00edas y subescalas que, a grandes rasgos, van a permitir que la Diputaci\u00f3n refuerce su plantilla en dos \u00e1mbitos que, para el Gobierno de Santi Caba\u00f1ero, son determinantes para el desarrollo de la provincia: el tur\u00edstico y el energ\u00e9tico.<\/p>\n<p style=\"text-align: justify;\">As\u00ed, dentro del citado Servicio con nueva nomenclatura, \u201cla secci\u00f3n de Energ\u00eda que, actualmente est\u00e1 \u00fanicamente formada por una persona se va a crear una plaza t\u00e9cnica. \u201cEs una cuesti\u00f3n importante: sabemos de las necesidades que tienen los ayuntamientos en torno a esa transici\u00f3n energ\u00e9tica, a la eficiencia, a la climatizaci\u00f3n de los edificios p\u00fablicos\u2026 y es importante, en este momento que existen fondos, que existen organismos como el IDAE (con convocatorias abiertas que todos conocemos) pues que desde la Diputaci\u00f3n, que ya estaba prestando este Servicio a trav\u00e9s de medios externos (con direcciones de obra o redacciones de pliegos a trav\u00e9s de medios externos), pues podamos hacerlo de una manera m\u00e1s directa a trav\u00e9s de nuestro personal\u201d, ha se\u00f1alado Valera.<\/p>\n<p style=\"text-align: justify;\">En el mismo sentido, la propuesta incluye el refuerzo de la secci\u00f3n de Turismo (ahora \u00fanicamente ocupada tambi\u00e9n por una plaza t\u00e9cnica). \u201cVamos a reforzarla d\u00e1ndole rango, primero, de jefatura de secci\u00f3n a quien la dirija y, por consiguiente, tambi\u00e9n por la creaci\u00f3n de dos nuevas plazas t\u00e9cnicas\u201d, ha avanzado el vicepresidente. \u201cA d\u00eda de hoy, en cualquier municipio de nuestra provincia hay recursos tur\u00edsticos que son un potencial econ\u00f3mico importante, y quiz\u00e1 vamos un paso por detr\u00e1s; es conveniente que demos un paso adelante y que dotemos de recursos ambos Servicios; creo que son dos cuestiones importantes\u201d.<\/p>\n<p style=\"text-align: justify;\">A partir de ahora, conforme ha concretado Valera, \u201cempezar\u00e1n los procedimientos a trav\u00e9s de bolsas de empleo, a trav\u00e9s de la Oferta de Empleo P\u00fablico (que, previsiblemente, podamos aprobar para el pr\u00f3ximo ejercicio)\u201d. De esta forma, se trabajar\u00e1 para que la manera de la cobertura sea \u201clo m\u00e1s \u00e1gil posible, para dar una respuesta a los ayuntamientos como merecen y acorde a las pol\u00edticas que est\u00e1 siguiendo este Equipo de Gobierno\u201d.<\/p>\n<p style=\"text-align: justify;\">De esta forma, y junto al d\u00eda a d\u00eda de la gesti\u00f3n, la Diputaci\u00f3n redobla esfuerzos en dos \u00e1reas vitales para el progreso econ\u00f3mico, social y ambiental de la provincia, siempre de la mano de los municipios y desde la cercan\u00eda para seguir maximizando la utilidad y beneficio a la gesti\u00f3n local.<\/p>\n<p style=\"text-align: justify;\">Turismo: Un pilar para el desarrollo provincial<\/p>\n<p style=\"text-align: justify;\">El turismo se plantea como un motor esencial para la econom\u00eda, desde lo local. En este sentido, el Gobierno de la Diputaci\u00f3n se ha volcando en el liderazgo provincial en distintas cuestiones donde Albacete cuenta con un claro potencial, como el turismo astron\u00f3mico: una modalidad en auge que aprovecha la limpieza de los cielos para atraer a p\u00fablico general y a profesionales de la astronom\u00eda. Adem\u00e1s, avanza en el desarrollo de recursos de turismo inteligente, utilizando tecnolog\u00edas de vanguardia para mejorar la experiencia de los y las visitantes y la gesti\u00f3n de los recursos tur\u00edsticos.<\/p>\n<p style=\"text-align: justify;\">Adem\u00e1s, para potenciar el sector, la Diputaci\u00f3n viene promoviendo diversas l\u00edneas de Ayudas para los ayuntamientos, facilitando tanto el desarrollo de infraestructuras como la organizaci\u00f3n de actividades que impulsen y promuevan los recursos tur\u00edsticos locales. Un apoyo que se extiende tambi\u00e9n a las asociaciones y colectivos protagonistas del sector, con los cuales se articulan medidas conjuntas para fortalecer la oferta tur\u00edstica provincial.<\/p>\n<p style=\"text-align: justify;\">El trabajo en recuperaci\u00f3n y protecci\u00f3n del patrimonio hist\u00f3rico es otra prioridad, asegurando que las localidades conserven y pongan en valor sus \u2018tesoros\u2019 y su herencia cultural, atractivos al alza para un volumen cada vez mayor de turistas de forma desestacionalizada. Mejorar los recursos propios de la Diputaci\u00f3n, como el Camino Natural de la V\u00eda Verde de la Sierra de Alcaraz, es otra de las apuestas del Gobierno Provincial para atraer visitantes y fomentar citas de ocio ligadas al turismo sostenible.<\/p>\n<p style=\"text-align: justify;\">Asimismo, el impulso a los productos locales (y a sus productores y productoras), junto con la promoci\u00f3n de la gastronom\u00eda provincial, se reconocen como atractivos en ascenso. La excelencia culinaria y los productos aut\u00f3ctonos con los que cuenta la provincia son pilares que enriquecen la oferta a disposici\u00f3n del p\u00fablico y fortalecen las identidades locales y la provincial.<\/p>\n<p style=\"text-align: justify;\">Transici\u00f3n y eficiencia energ\u00e9tica: Hacia una provincial cada vez m\u00e1s sostenible<\/p>\n<p style=\"text-align: justify;\">En cuanto al \u00e1rea de Energ\u00eda, el Gobierno de la Diputaci\u00f3n de Albacete est\u00e1 tambi\u00e9n plenamente comprometido con la transici\u00f3n energ\u00e9tica, la eficiencia energ\u00e9tica y la sostenibilidad, en l\u00ednea con los objetivos de la Agenda 2030 y con el total af\u00e1n de facilitar que sus m\u00faltiples beneficios lleguen a cada uno de los pueblos del territorio. Programas como los de Red en Baja, o la Estrategia de Desarrollo Urbano Sostenible (EDUSI) han abierto camino como ejemplos de iniciativas que buscan mejorar las infraestructuras energ\u00e9ticas y promover pr\u00e1cticas sostenibles conllevando, adem\u00e1s, un claro ahorro econ\u00f3mico para las arcas municipales.<\/p>\n<p style=\"text-align: justify;\">Las Ayudas que, de forma pionera y referente, impulsa la instituci\u00f3n provincial para el desarrollo de la Agenda 2030 en las localidades, son cruciales para fomentar proyectos que contribuyan a la consecuci\u00f3n de los Objetivos de Desarrollo Sostenible. As\u00ed, la Diputaci\u00f3n de Albacete lidera, hasta en las localidades mas \u2018peque\u00f1as\u2019 de la provincia, y tambi\u00e9n de la mano del Gobierno de Espa\u00f1a, instalaciones de energ\u00edas sostenibles, por ejemplo, a trav\u00e9s de programas como el DUS-5000 que facilitan la implementaci\u00f3n de tecnolog\u00edas y recursos limpios y renovables en la provincia. Cuestiones en las que, adem\u00e1s, tambi\u00e9n avanza en sus medios propios, con la constante modernizaci\u00f3n y optimizaci\u00f3n de los recursos que conforman el Consorcio de Medio Ambiente.<\/p>\n<p style=\"text-align: justify;\">Sin duda, las \u00e1reas de Turismo y de Energ\u00eda son \u2018ejes\u2019 en la estrategia de desarrollo provincial del Gobierno de la Diputaci\u00f3n de Albacete, buscando no s\u00f3lo mejorar la calidad de vida de la poblaci\u00f3n, sino posicionar a la provincia como un referente en pr\u00e1cticas sostenibles y en gesti\u00f3n eficiente de los recursos.<\/p>\n<p style=\"text-align: justify;\">Todo ello, desde un trabajo cercano con los municipios, escuchando y atendiendo sus necesidades para garantizar que las pol\u00edticas y proyectos tengan un impacto real y positivo en la vida de las personas, donde este fortalecimiento de las plantillas en Turismo y Energ\u00eda est\u00e1 llamado a ser una garant\u00eda de avance.<\/p>\n<p style=\"text-align: justify;\">Un mill\u00f3n de euros m\u00e1s para carreteras, m\u00e1s de dos para el Plan de Empleo y 280.000 para revertir los efectos de la \u00faltima DANA<\/p>\n<p style=\"text-align: justify;\">Adem\u00e1s, la Sesi\u00f3n Plenaria ha tratado otras cuestiones diversas, importantes igualmente para el avance provincial, como la aprobaci\u00f3n de una nueva modificaci\u00f3n de cr\u00e9ditos que, por ejemplo, va a habilitar un mill\u00f3n de euros m\u00e1s para acometer en los pr\u00f3ximos meses nuevas actuaciones de mejora en puntos kilom\u00e9tricos de la Red Viaria Provincial que presentan mayores dificultades de tr\u00e1nsito.<\/p>\n<p style=\"text-align: justify;\">As\u00ed como un montante de 280.000 euros con los que la Diputaci\u00f3n, tanto con medios propios como externos, ayuda a que los municipios de Pozohondo, La Recueja, Hell\u00edn, Jorquera y Chinchilla de Montearag\u00f3n, reviertan lo antes posible los da\u00f1os materiales que el 28 de junio dej\u00f3 en ellos el paso de una nueva DANA.<\/p>\n<p style=\"text-align: justify;\">Y otra \u201cbuena noticia de cara a los ayuntamientos\u201d, ha avanzado Valera, como el hecho de que la Diputaci\u00f3n de Albacete ya est\u00e9 haciendo los tr\u00e1mites econ\u00f3micos precisos para la aportaci\u00f3n de los 2.332.000 euros que, aproximadamente, se corresponden a la anualidad 24\/25 del Plan Extraordinario de Apoyo Activo al Empleo que impulsa con la JCCM y el resto de diputaciones.<\/p>\n<p style=\"text-align: justify;\">Otros temas abordados en Pleno<\/p>\n<p style=\"text-align: justify;\">El Pleno tambi\u00e9n ha aprobado la modificaci\u00f3n de la Ordenanza reguladora de subvenciones para Archivos, permitiendo justificar gastos corrientes en tareas de identificaci\u00f3n y organizaci\u00f3n de documentos. Y ha dado \u2018luz verde\u2019 a la propuesta de conveniar con el Ministerio de Cultura para distribuir datos digitales a Europeana, mejorando la preservaci\u00f3n y difusi\u00f3n \u2018en l\u00ednea\u2019 de documentos; as\u00ed como a la adhesi\u00f3n de la Diputaci\u00f3n de Albacete a la Asociaci\u00f3n de Archiveros de Castilla y Le\u00f3n y a la Federaci\u00f3n Espa\u00f1ola de Asociaciones de Profesionales de Archivos, Bibliotecas y otros, para avanzar en la actualizaci\u00f3n digital y de asistencia local, aprovechando el prestigio nacional e internacional de sendas organizaciones.<\/p>\n<p style=\"text-align: justify;\">Tambi\u00e9n se ha aprobado una nueva cesi\u00f3n de uso de la plataforma de Administraci\u00f3n Electr\u00f3nica de Albacete, Sedipualba, que sigue ampliando su alcance nacional, en este caso, a trav\u00e9s de la Federaci\u00f3n de Municipios de Madrid. Y varios puntos han tenido como protagonista al Organismo Aut\u00f3nomo Gestalba, por ejemplo, con la modificaci\u00f3n de la ordenanza fiscal reguladora de la tasa por prestaci\u00f3n de servicios para reflejar con precisi\u00f3n su coste real y adaptarse a las recientes delegaciones de ayuntamientos.<\/p>\n<p><!--publicidad-voz03--><a href=\"https:\/\/www.facebook.com\/profile.php?id=100063593791305&amp;locale=es_ES\"><img decoding=\"async\" class=\"alignnone size-medium\" src=\"https:\/\/blogger.googleusercontent.com\/img\/b\/R29vZ2xl\/AVvXsEi8_n_ll8UOcGxCqzFvb_9Io4ICczlGC990BPtPj2w9Px-u7B3oqWUW5vtjZUqPNJ-nyjiUIorE0ATsib_l5tV8BVN-UJ03RTnU__IHJF_4DgDBtY4LIqXNG-FomrO-7ywes20CBCRM2Hcm7EJSh3UUw1dO-c_uTflUrtgY1i7uBRezj_DpympmEFkfbQY\/s1600\/logo-principal2.jpg\" width=\"100%\" height=\"100\" \/><\/a><!--bestpublic-voz03--><!--desk-in-out-voz03--><br \/>\n<!--publicidad-voz04--><a href=\"https:\/\/www.facebook.com\/profile.php?id=61557370768692&amp;locale=es_ES\"><img decoding=\"async\" class=\"alignnone size-medium\" src=\"https:\/\/blogger.googleusercontent.com\/img\/b\/R29vZ2xl\/AVvXsEgy5RdcfffrnrItnYTcV9bCJjgJwldsQLWssfVfrLbyfXeBNTFKgBf0rMIvhrUaGUhiXzVr9_eQgCbi-j63ZDpfTvLIty9w7s140y-m1yHe7eKmEK7v2NAHUJDVYGdfeiQFeRCqUjdwWmN1MX_AUxxz4IVdJ4WIM0APxit8bjWkXzrnEFGqBvW_1F13H1g\/s1600\/logo-principal5.jpg\" width=\"100%\" height=\"100\" \/><\/a><!--bestpublic-voz04--><!--desk-in-out-voz04--><br \/>\n<!--publicidad-voz05--><a href=\"https:\/\/www.facebook.com\/asociaciontamborileroshellin?locale=es_ES\"><img decoding=\"async\" class=\"alignnone size-medium\" src=\"https:\/\/blogger.googleusercontent.com\/img\/b\/R29vZ2xl\/AVvXsEhHEEpZsKK1VpwiYMrS7aE2ujtqIDZoLd4B5wtbiseSU9s2HdTdQfhF84So2XwEB1fv0BLw95GADm6hUl1bkKtzh-eIgVigXONuu_5RxeIMPhjk8q6uNX4EaEHbooKkbu7pCADWPpVJjhKIH5NQSJpWqedC-YBez4QAQeJYokkLot9bhrIaUAeztsGis6M\/s1600\/logo-principal3.jpg\" width=\"100%\" height=\"100\" \/><\/a><!--bestpublic-voz05--><!--desk-in-out-voz05--><br \/>\n<!--publicidad-voz06--><!--bestpublic-voz06--><!--desk-in-out-voz06--><br \/>\n<!--publicidad-voz07--><!--bestpublic-voz07--><!--desk-in-out-voz07--><br \/>\n<!--publicidad-voz08--><!--bestpublic-voz08--><!--desk-in-out-voz08--><br \/>\n<!--publicidad-voz09--><!--bestpublic-voz09--><!--desk-in-out-voz09--><br \/>\n<!--publicidad-voz10--><!--bestpublic-voz10--><!--desk-in-out-voz10--><br \/>\n<!--publicidad-voz11--><!--bestpublic-voz11--><!--desk-in-out-voz11--><br \/>\n<!--publicidad-voz12--><!--bestpublic-voz12--><!--desk-in-out-voz12--><br \/>\n<!--publicidad-voz13--><!--bestpublic-voz13--><!--desk-in-out-voz13--><br \/>\n<!--publicidad-voz14--><!--bestpublic-voz14--><!--desk-in-out-voz14--><br \/>\n<!--publicidad-voz15--><!--bestpublic-voz15--><!--desk-in-out-voz15--><br \/>\n<!--publicidad-voz16--><!--bestpublic-voz16--><!--desk-in-out-voz16--><\/p>\n","protected":false},"excerpt":{"rendered":"<p>Con cerca de cuarenta puntos en el Orden del D\u00eda, la Diputaci\u00f3n de Albacete ha celebrado una nueva sesi\u00f3n plenaria provincial.<\/p>\n","protected":false},"author":2,"featured_media":151920,"comment_status":"closed","ping_status":"closed","sticky":false,"template":"","format":"standard","meta":{"footnotes":""},"categories":[755,718,715,716,717],"tags":[],"class_list":["post-151919","post","type-post","status-publish","format-standard","has-post-thumbnail","hentry","category-blog-lv036","category-blogger","category-la-voz-de-hellin","category-la-voz-de-hellin-la-voz-de-hellin","category-noticias"],"_links":{"self":[{"href":"https:\/\/lavozdehellin.com\/noticias\/wp-json\/wp\/v2\/posts\/151919","targetHints":{"allow":["GET"]}}],"collection":[{"href":"https:\/\/lavozdehellin.com\/noticias\/wp-json\/wp\/v2\/posts"}],"about":[{"href":"https:\/\/lavozdehellin.com\/noticias\/wp-json\/wp\/v2\/types\/post"}],"author":[{"embeddable":true,"href":"https:\/\/lavozdehellin.com\/noticias\/wp-json\/wp\/v2\/users\/2"}],"replies":[{"embeddable":true,"href":"https:\/\/lavozdehellin.com\/noticias\/wp-json\/wp\/v2\/comments?post=151919"}],"version-history":[{"count":0,"href":"https:\/\/lavozdehellin.com\/noticias\/wp-json\/wp\/v2\/posts\/151919\/revisions"}],"wp:featuredmedia":[{"embeddable":true,"href":"https:\/\/lavozdehellin.com\/noticias\/wp-json\/wp\/v2\/media\/151920"}],"wp:attachment":[{"href":"https:\/\/lavozdehellin.com\/noticias\/wp-json\/wp\/v2\/media?parent=151919"}],"wp:term":[{"taxonomy":"category","embeddable":true,"href":"https:\/\/lavozdehellin.com\/noticias\/wp-json\/wp\/v2\/categories?post=151919"},{"taxonomy":"post_tag","embeddable":true,"href":"https:\/\/lavozdehellin.com\/noticias\/wp-json\/wp\/v2\/tags?post=151919"}],"curies":[{"name":"wp","href":"https:\/\/api.w.org\/{rel}","templated":true}]}}