{"id":151922,"date":"2024-07-19T14:06:34","date_gmt":"2024-07-19T12:06:34","guid":{"rendered":"https:\/\/lavozdehellin.com\/noticias\/?p=151922"},"modified":"2024-07-19T17:19:52","modified_gmt":"2024-07-19T15:19:52","slug":"v08-899-garcia-alcaraz-subraya-el-compromiso-del-gobierno-provincial-con-el-bienestar-de-la-poblacion-apoyando-la-calidad-asistencial-la-salud-y-la-investigacion","status":"publish","type":"post","link":"https:\/\/lavozdehellin.com\/noticias\/v08-899-garcia-alcaraz-subraya-el-compromiso-del-gobierno-provincial-con-el-bienestar-de-la-poblacion-apoyando-la-calidad-asistencial-la-salud-y-la-investigacion\/","title":{"rendered":"LVH NOTICIAS | GARC\u00cdA ALCARAZ SUBRAYA EL COMPROMISO DEL GOBIERNO PROVINCIAL CON EL BIENESTAR DE LA POBLACI\u00d3N APOYANDO LA CALIDAD ASISTENCIAL, LA SALUD Y LA INVESTIGACI\u00d3N"},"content":{"rendered":"<p style=\"text-align: justify;\">El diputado de Sanidad de la Diputaci\u00f3n de Albacete, Francisco Garc\u00eda Alcaraz, ha participado en la inauguraci\u00f3n del I Encuentro por el Trasplante de \u00d3rganos \u2018Celebrando la vida\u2019 celebrad en el Teatro Auditorio Municipal de la localidad de El Bonillo, hoy, punto de encuentro y aprendizaje com\u00fan para quienes precisan cualquier tipo de trasplante y sus familiares.<\/p>\n<p><!--more--><br \/>\n<!--publicidad-voz01--><a href=\"https:\/\/www.facebook.com\/SoloRadioHellin\/?locale=es_ES\"><img decoding=\"async\" class=\"alignnone size-medium\" src=\"https:\/\/blogger.googleusercontent.com\/img\/b\/R29vZ2xl\/AVvXsEiNncirNnyGedv00mhjZjh5Wl4_YPdJGanoAl8tL8zH-HwqE8uHqjEfSt340RHdx-9tuCSIkZ8rFamZiGyYlgDGxCsmXjCH_1xk5eYM3ntFZRvJP_jndOKR7w1UAo9Tu0vrZyOLfqRpHIxYI5SymJJ-pfGCQw6QVpggBH-UgfjiFQ2JOxqxG0Jx94kW83c\/s1600\/logo-principal.jpg\" width=\"100%\" height=\"100\" \/><\/a><!--bestpublic-voz01--><!--desk-in-out-voz01--><br \/>\n<!--publicidad-voz02--><a href=\"https:\/\/www.hellincf.com\/\"><img decoding=\"async\" class=\"alignnone size-medium\" src=\"https:\/\/blogger.googleusercontent.com\/img\/b\/R29vZ2xl\/AVvXsEhuZ4-XfBVj3UtdP8-RZugy3WVrg-Zv28c53m4oV47qYCxL1rX_dqWX_YddsGSnpH5SRDqZ7bZeKPIfDVCDncpjVlhy3aQs2vojcJBn7Gdv9hC2_Nzct_pRFrnFE1a7KTCdY1bT_kAgnY3-iadRZrGeJf1fR2P5fu11bokx0pWjaypoy-ctwCjklldpEbA\/s1600\/logo-principal7.jpg\" width=\"100%\" height=\"100\" \/><\/a><!--bestpublic-voz02--><!--desk-in-out-voz02--><\/p>\n<p style=\"text-align: justify;\">La cita ha estado organizada por \u2018Ri\u00f1\u00f3n Friends\u2019 El Bonillo, con la colaboraci\u00f3n del Ayuntamiento, el Ministerio de Sanidad, la Organizaci\u00f3n Nacional de Trasplantes, la Facultad de Medicina de Albacete de la UCLM, ALCER Albacete y Rosa L\u00f3pez Consulting.<\/p>\n<p style=\"text-align: justify;\">Un evento enfocado a ampliar conocimientos para mejorar la adaptaci\u00f3n de pacientes y allegados en un proceso tan sensible y complejo como el de los trasplantes, junto a profesionales de distintos \u00e1mbitos y servicios con el fin de abordar los derechos de los pacientes, prevenir los problemas de mayor prevalencia que las acucian y proporcionar una atenci\u00f3n integral que les permita alcanzar proyectos de vida satisfactorios.<\/p>\n<p style=\"text-align: justify;\">El bienestar de las personas, en el centro de la acci\u00f3n<\/p>\n<p style=\"text-align: justify;\">Durante la inauguraci\u00f3n, Garc\u00eda Alcaraz ha destacado el compromiso del Gobierno de Santi Caba\u00f1ero con el bienestar de las personas. Un af\u00e1n que manifiesta, de manera directa, a trav\u00e9s del Consorcio Provincial de Servicios Sociales, al que la instituci\u00f3n destina este a\u00f1o 4.500.000 euros.<\/p>\n<p style=\"text-align: justify;\">Adem\u00e1s, ha subrayado la importancia de avanzar en \u00e1reas determinantes en estos \u00e1mbitos, como la Investigaci\u00f3n; algo que la Diputaci\u00f3n hace, por ejemplo, de la mano de la UCLM apoyando proyectos de j\u00f3venes investigadores (50.000 euros este 2024) y con las Ayudas a la Investigaci\u00f3n Juan Carlos Izpis\u00faa Belmonte que promueve la Diputaci\u00f3n con una dotaci\u00f3n de 30.000 euros.<\/p>\n<p style=\"text-align: justify;\">Igualmente, ha puesto en valor lo fundamentales que son los proyectos que desarrollan las entidades del Tercer Sector en toda la provincia,, contando con una ayuda total de 350.000 euros este a\u00f1o por parte de la Diputaci\u00f3n de Albacete, que se suman a los cerca de 1.700.000 euros en convenios de colaboraci\u00f3n destinados a la mejora asistencial y de la calidad de vida de personas que requieren atenciones especiales.<\/p>\n<p style=\"text-align: justify;\">En el acto inaugural, Garc\u00eda Alcaraz ha estado acompa\u00f1ado por el alcalde de El Bonillo, Juan Gil; y el presidente de la Asociaci\u00f3n para la lucha contra las Enfermedades del Ri\u00f1\u00f3n (ALCER Albacete), Antonio Escribano Rozal\u00e9n. Juntos han reiterado su compromiso de trabajar en pro del bienestar y la salud de las personas que enfrentan distintas enfermedades y sus familias, asegurando que contin\u00faan avanzando hacia una atenci\u00f3n m\u00e1s completa y efectiva.<\/p>\n<p><!--publicidad-voz03--><a href=\"https:\/\/www.facebook.com\/profile.php?id=100063593791305&amp;locale=es_ES\"><img decoding=\"async\" class=\"alignnone size-medium\" src=\"https:\/\/blogger.googleusercontent.com\/img\/b\/R29vZ2xl\/AVvXsEi8_n_ll8UOcGxCqzFvb_9Io4ICczlGC990BPtPj2w9Px-u7B3oqWUW5vtjZUqPNJ-nyjiUIorE0ATsib_l5tV8BVN-UJ03RTnU__IHJF_4DgDBtY4LIqXNG-FomrO-7ywes20CBCRM2Hcm7EJSh3UUw1dO-c_uTflUrtgY1i7uBRezj_DpympmEFkfbQY\/s1600\/logo-principal2.jpg\" width=\"100%\" height=\"100\" \/><\/a><!--bestpublic-voz03--><!--desk-in-out-voz03--><br \/>\n<!--publicidad-voz04--><a href=\"https:\/\/www.facebook.com\/profile.php?id=61557370768692&amp;locale=es_ES\"><img decoding=\"async\" class=\"alignnone size-medium\" src=\"https:\/\/blogger.googleusercontent.com\/img\/b\/R29vZ2xl\/AVvXsEgy5RdcfffrnrItnYTcV9bCJjgJwldsQLWssfVfrLbyfXeBNTFKgBf0rMIvhrUaGUhiXzVr9_eQgCbi-j63ZDpfTvLIty9w7s140y-m1yHe7eKmEK7v2NAHUJDVYGdfeiQFeRCqUjdwWmN1MX_AUxxz4IVdJ4WIM0APxit8bjWkXzrnEFGqBvW_1F13H1g\/s1600\/logo-principal5.jpg\" width=\"100%\" height=\"100\" \/><\/a><!--bestpublic-voz04--><!--desk-in-out-voz04--><br \/>\n<!--publicidad-voz05--><a href=\"https:\/\/www.facebook.com\/asociaciontamborileroshellin?locale=es_ES\"><img decoding=\"async\" class=\"alignnone size-medium\" src=\"https:\/\/blogger.googleusercontent.com\/img\/b\/R29vZ2xl\/AVvXsEhHEEpZsKK1VpwiYMrS7aE2ujtqIDZoLd4B5wtbiseSU9s2HdTdQfhF84So2XwEB1fv0BLw95GADm6hUl1bkKtzh-eIgVigXONuu_5RxeIMPhjk8q6uNX4EaEHbooKkbu7pCADWPpVJjhKIH5NQSJpWqedC-YBez4QAQeJYokkLot9bhrIaUAeztsGis6M\/s1600\/logo-principal3.jpg\" width=\"100%\" height=\"100\" \/><\/a><!--bestpublic-voz05--><!--desk-in-out-voz05--><br \/>\n<!--publicidad-voz06--><!--bestpublic-voz06--><!--desk-in-out-voz06--><br \/>\n<!--publicidad-voz07--><!--bestpublic-voz07--><!--desk-in-out-voz07--><br \/>\n<!--publicidad-voz08--><!--bestpublic-voz08--><!--desk-in-out-voz08--><br \/>\n<!--publicidad-voz09--><!--bestpublic-voz09--><!--desk-in-out-voz09--><br \/>\n<!--publicidad-voz10--><!--bestpublic-voz10--><!--desk-in-out-voz10--><br \/>\n<!--publicidad-voz11--><!--bestpublic-voz11--><!--desk-in-out-voz11--><br \/>\n<!--publicidad-voz12--><!--bestpublic-voz12--><!--desk-in-out-voz12--><br \/>\n<!--publicidad-voz13--><!--bestpublic-voz13--><!--desk-in-out-voz13--><br \/>\n<!--publicidad-voz14--><!--bestpublic-voz14--><!--desk-in-out-voz14--><br \/>\n<!--publicidad-voz15--><!--bestpublic-voz15--><!--desk-in-out-voz15--><br \/>\n<!--publicidad-voz16--><!--bestpublic-voz16--><!--desk-in-out-voz16--><\/p>\n","protected":false},"excerpt":{"rendered":"<p>El diputado de Sanidad de la Diputaci\u00f3n de Albacete, Francisco Garc\u00eda Alcaraz, ha participado en la inauguraci\u00f3n del I Encuentro por el Trasplante de \u00d3rganos \u2018Celebrando la vida\u2019 celebrad en&#8230;<\/p>\n","protected":false},"author":2,"featured_media":151923,"comment_status":"closed","ping_status":"closed","sticky":false,"template":"","format":"standard","meta":{"footnotes":""},"categories":[755,718,715,716,717],"tags":[],"class_list":["post-151922","post","type-post","status-publish","format-standard","has-post-thumbnail","hentry","category-blog-lv036","category-blogger","category-la-voz-de-hellin","category-la-voz-de-hellin-la-voz-de-hellin","category-noticias"],"_links":{"self":[{"href":"https:\/\/lavozdehellin.com\/noticias\/wp-json\/wp\/v2\/posts\/151922","targetHints":{"allow":["GET"]}}],"collection":[{"href":"https:\/\/lavozdehellin.com\/noticias\/wp-json\/wp\/v2\/posts"}],"about":[{"href":"https:\/\/lavozdehellin.com\/noticias\/wp-json\/wp\/v2\/types\/post"}],"author":[{"embeddable":true,"href":"https:\/\/lavozdehellin.com\/noticias\/wp-json\/wp\/v2\/users\/2"}],"replies":[{"embeddable":true,"href":"https:\/\/lavozdehellin.com\/noticias\/wp-json\/wp\/v2\/comments?post=151922"}],"version-history":[{"count":0,"href":"https:\/\/lavozdehellin.com\/noticias\/wp-json\/wp\/v2\/posts\/151922\/revisions"}],"wp:featuredmedia":[{"embeddable":true,"href":"https:\/\/lavozdehellin.com\/noticias\/wp-json\/wp\/v2\/media\/151923"}],"wp:attachment":[{"href":"https:\/\/lavozdehellin.com\/noticias\/wp-json\/wp\/v2\/media?parent=151922"}],"wp:term":[{"taxonomy":"category","embeddable":true,"href":"https:\/\/lavozdehellin.com\/noticias\/wp-json\/wp\/v2\/categories?post=151922"},{"taxonomy":"post_tag","embeddable":true,"href":"https:\/\/lavozdehellin.com\/noticias\/wp-json\/wp\/v2\/tags?post=151922"}],"curies":[{"name":"wp","href":"https:\/\/api.w.org\/{rel}","templated":true}]}}