{"id":151943,"date":"2024-07-22T08:49:07","date_gmt":"2024-07-22T06:49:07","guid":{"rendered":"https:\/\/lavozdehellin.com\/noticias\/?p=151943"},"modified":"2024-07-24T20:40:21","modified_gmt":"2024-07-24T18:40:21","slug":"v08-901-xavi-calaf-y-almudena-jimenez-los-mas-rapidos-en-socovos","status":"publish","type":"post","link":"https:\/\/lavozdehellin.com\/noticias\/v08-901-xavi-calaf-y-almudena-jimenez-los-mas-rapidos-en-socovos\/","title":{"rendered":"LVH NOTICIAS | XAVI CALAF Y ALMUDENA JIM\u00c9NEZ, LOS M\u00c1S R\u00c1PIDOS EN SOCOVOS"},"content":{"rendered":"<p style=\"text-align: justify;\">Circuito de Diputaci\u00f3n &#8211; Xavi Calaf y Almudena Jim\u00e9nez, los m\u00e1s r\u00e1pidos en Socovos<\/p>\n<p><!--more--><br \/>\n<!--publicidad-voz01--><a href=\"https:\/\/www.facebook.com\/SoloRadioHellin\/?locale=es_ES\"><img decoding=\"async\" class=\"alignnone size-medium\" src=\"https:\/\/blogger.googleusercontent.com\/img\/b\/R29vZ2xl\/AVvXsEiNncirNnyGedv00mhjZjh5Wl4_YPdJGanoAl8tL8zH-HwqE8uHqjEfSt340RHdx-9tuCSIkZ8rFamZiGyYlgDGxCsmXjCH_1xk5eYM3ntFZRvJP_jndOKR7w1UAo9Tu0vrZyOLfqRpHIxYI5SymJJ-pfGCQw6QVpggBH-UgfjiFQ2JOxqxG0Jx94kW83c\/s1600\/logo-principal.jpg\" width=\"100%\" height=\"100\" \/><\/a><!--bestpublic-voz01--><!--desk-in-out-voz01--><br \/>\n<!--publicidad-voz02--><a href=\"https:\/\/www.hellincf.com\/\"><img decoding=\"async\" class=\"alignnone size-medium\" src=\"https:\/\/blogger.googleusercontent.com\/img\/b\/R29vZ2xl\/AVvXsEhuZ4-XfBVj3UtdP8-RZugy3WVrg-Zv28c53m4oV47qYCxL1rX_dqWX_YddsGSnpH5SRDqZ7bZeKPIfDVCDncpjVlhy3aQs2vojcJBn7Gdv9hC2_Nzct_pRFrnFE1a7KTCdY1bT_kAgnY3-iadRZrGeJf1fR2P5fu11bokx0pWjaypoy-ctwCjklldpEbA\/s1600\/logo-principal7.jpg\" width=\"100%\" height=\"100\" \/><\/a><!--bestpublic-voz02--><!--desk-in-out-voz02--><\/p>\n<p style=\"text-align: justify;\">La pen\u00faltima prueba antes del par\u00f3n veraniego no produce cambios en la clasificaci\u00f3n, con Iv\u00e1n Carrasco y Luc\u00eda Navarro al frente<\/p>\n<p style=\"text-align: justify;\">Xavier Calaf Garc\u00eda (Independiente) y Almudena Jim\u00e9nez Mart\u00ednez (Bicialmuerzo) vencieron en la IX BTT de Socovos, 22\u00aa cita de la temporada en el XVII Circuito Provincial de BTT organizado por la Diputaci\u00f3n de Albacete y pen\u00faltima antes del par\u00f3n veraniego.<\/p>\n<p style=\"text-align: justify;\">M\u00e1s de 160 corredores tomaron la salida desde la Calle Coronel Navarro para recorrer los 34\u20199 kil\u00f3metros de distancia del trazado largo o los 21\u20192 kil\u00f3metros del recorrido corto, en una prueba catalogada como \u2018Monta\u00f1a\u2019 y que mostr\u00f3 la dureza de la zona.<\/p>\n<p style=\"text-align: justify;\">En los primeros kil\u00f3metros de la prueba el grupo rod\u00f3 m\u00e1s o menos compacto, hasta que en la primera subida importante se marchaban por delante Xavi Calaf, Juan Gonz\u00e1lez Sanz y Jorge Mart\u00edn. Aproximadamente por el kil\u00f3metro veinte, en la bajada, este \u00faltimo perd\u00eda unos metros con respecto a la cabeza de carrera. En la parte final de la bajada una ca\u00edda dej\u00f3 a Juan Gonz\u00e1lez Sanz sin opciones. El joven corredor de Balazote se fue al suelo y, aunque pudo continuar en carrera, ya no pudo pelear por el triunfo, terminando en la octava posici\u00f3n.<\/p>\n<p style=\"text-align: justify;\">Xavi Calaf se march\u00f3 a partir de ese momento en solitario y poco a poco fue ampliando su ventaja hasta llegar a la l\u00ednea de meta y sumar as\u00ed su primera victoria en la presente edici\u00f3n del Circuito Provincial. Jorge Mart\u00edn lleg\u00f3 en la segunda plaza, mientras que el tercer caj\u00f3n del p\u00f3dium fue para Jos\u00e9 Manuel Lorenzo Contreras. Juan Pedro Palacios Mu\u00f1oz fue cuarto y el campe\u00f3n del Circuito el a\u00f1o pasado, Manuel Mart\u00ednez Gil, termin\u00f3 en quinto lugar.<\/p>\n<p style=\"text-align: justify;\">En la categor\u00eda femenina Almudena Jim\u00e9nez Mart\u00ednez sum\u00f3 su tercera victoria de la temporada, tras ganar previamente en Carcel\u00e9n y Bienservida. La corredora del Bicialmuerzo lider\u00f3 la prueba pr\u00e1cticamente desde el inicio, controlando bien la ventaja sobre sus perseguidoras. Aun as\u00ed, Maril\u00f3 Herrera Poyatos, segunda en meta, no estuvo demasiado lejos de la ganadora, entrando a 35 segundos de diferencia. Rosario Alacid Moreno, campeona de dos pruebas esta temporada, complet\u00f3 el p\u00f3dium. Por detr\u00e1s, Mar\u00eda del Carmen Arellano Fern\u00e1ndez y Alfonsi Villar Garrig\u00f3s cerraron las cinco primeras posiciones femeninas.<\/p>\n<p style=\"text-align: justify;\">En la clasificaci\u00f3n general del Circuito Provincial no hay cambios. Iv\u00e1n Carrasco Fern\u00e1ndez (Ferlo Factory Racing), que termin\u00f3 en el puesto 11, mantiene el maillot rojo de l\u00edder, al igual que Luc\u00eda Navarro Cuesta (Bicicletas El Hellinero Acecho), ausente en esta prueba.<\/p>\n<p style=\"text-align: justify;\">En el recorrido corto, los ganadores fueron Antonio Parra Mart\u00ednez (Ferroice Contrallano BTT) y Beatriz Mart\u00ednez L\u00f3pez (Northbike Team). Mario S\u00e1nchez Navia (Independiente) fue el campe\u00f3n junior. En parejas mixtas, los vencedores fueron Almudena Jim\u00e9nez Mart\u00ednez y Ram\u00f3n Ram\u00edrez Sierra, ambos del equipo Bicialmuerzo. El premio a la posici\u00f3n 71 en meta, cedido por la Hermandad de Donantes de Sangre de Albacete, fue para Ram\u00f3n Ram\u00edrez Sierra (Bicialmuerzo).<\/p>\n<p style=\"text-align: justify;\">San Pedro, antes del par\u00f3n veraniego<\/p>\n<p style=\"text-align: justify;\">La localidad de San Pedro acoger\u00e1 la pr\u00f3xima prueba del XVII Circuito Provincial de BTT organizado por la Diputaci\u00f3n de Albacete y \u00faltima antes del par\u00f3n que se llevar\u00e1 a cabo durante el mes de agosto. La III BTT de San Pedro se disputar\u00e1 el domingo d\u00eda 28 de julio con una distancia de 42\u201939 kil\u00f3metros para el trazado principal y 21\u201923 kil\u00f3metros para el recorrido Rural Bike. La salida ser\u00e1 a las 09:00 horas desde el Paseo de la Libertad. El plazo de inscripci\u00f3n para esta prueba est\u00e1 abierto hasta el mi\u00e9rcoles d\u00eda 24 de julio a las 14:00 horas.<\/p>\n<p style=\"text-align: justify;\">CLASIFICACIONES SOCOVOS 2024<\/p>\n<p style=\"text-align: justify;\">Clasificaci\u00f3n masculina<\/p>\n<p style=\"text-align: justify;\">NOMBRE EQUIPO TIEMPO<\/p>\n<p style=\"text-align: justify;\">1-. Xavier Calaf Garc\u00eda (Independiente) 1h44\u201942\u2019\u2019<\/p>\n<p style=\"text-align: justify;\">2-. Jorge Mart\u00edn D\u00edaz (BTT Elda Ciclos Sabater) 1h48\u201922\u2019\u2019<\/p>\n<p style=\"text-align: justify;\">3-. Jos\u00e9 M. Lorenzo Contreras (Gobik Factory Team) 1h50\u201928\u2019\u2019<\/p>\n<p style=\"text-align: justify;\">4-. Juan Pedro Palacios Mu\u00f1oz (Bike&amp;Beer) 1h51\u201907\u2019\u2019<\/p>\n<p style=\"text-align: justify;\">5-. Manuel Mart\u00ednez Gil (Olispania Faster Team) 1h51\u201925\u2019\u2019<\/p>\n<p style=\"text-align: justify;\">Clasificaci\u00f3n femenina<\/p>\n<p style=\"text-align: justify;\">NOMBRE EQUIPO TIEMPO<\/p>\n<p style=\"text-align: justify;\">1-. Almudena Jim\u00e9nez Mart\u00ednez (Bicialmuerzo) 2h32\u201921\u2019\u2019<\/p>\n<p style=\"text-align: justify;\">2-. Maril\u00f3 Herrera Poyatos (Independiente) 2h32\u201956\u2019\u2019<\/p>\n<p style=\"text-align: justify;\">3-. Rosario Alacid Moreno (La Pur\u00edsima Team Yecla) 2h34\u201914\u2019\u2019<\/p>\n<p style=\"text-align: justify;\">4-. M\u00aa Carmen Arellano Fdez. (Independiente) 2h42\u201937\u2019\u2019<\/p>\n<p style=\"text-align: justify;\">5-. Alfonsi Villar Garrig\u00f3s (Ferroice Contrallano BTT) 2h46\u201902\u2019\u2019<\/p>\n<p><!--publicidad-voz03--><a href=\"https:\/\/www.facebook.com\/profile.php?id=100063593791305&amp;locale=es_ES\"><img decoding=\"async\" class=\"alignnone size-medium\" src=\"https:\/\/blogger.googleusercontent.com\/img\/b\/R29vZ2xl\/AVvXsEi8_n_ll8UOcGxCqzFvb_9Io4ICczlGC990BPtPj2w9Px-u7B3oqWUW5vtjZUqPNJ-nyjiUIorE0ATsib_l5tV8BVN-UJ03RTnU__IHJF_4DgDBtY4LIqXNG-FomrO-7ywes20CBCRM2Hcm7EJSh3UUw1dO-c_uTflUrtgY1i7uBRezj_DpympmEFkfbQY\/s1600\/logo-principal2.jpg\" width=\"100%\" height=\"100\" \/><\/a><!--bestpublic-voz03--><!--desk-in-out-voz03--><br \/>\n<!--publicidad-voz04--><a href=\"https:\/\/www.facebook.com\/profile.php?id=61557370768692&amp;locale=es_ES\"><img decoding=\"async\" class=\"alignnone size-medium\" src=\"https:\/\/blogger.googleusercontent.com\/img\/b\/R29vZ2xl\/AVvXsEgy5RdcfffrnrItnYTcV9bCJjgJwldsQLWssfVfrLbyfXeBNTFKgBf0rMIvhrUaGUhiXzVr9_eQgCbi-j63ZDpfTvLIty9w7s140y-m1yHe7eKmEK7v2NAHUJDVYGdfeiQFeRCqUjdwWmN1MX_AUxxz4IVdJ4WIM0APxit8bjWkXzrnEFGqBvW_1F13H1g\/s1600\/logo-principal5.jpg\" width=\"100%\" height=\"100\" \/><\/a><!--bestpublic-voz04--><!--desk-in-out-voz04--><br \/>\n<!--publicidad-voz05--><a href=\"https:\/\/www.facebook.com\/asociaciontamborileroshellin?locale=es_ES\"><img decoding=\"async\" class=\"alignnone size-medium\" src=\"https:\/\/blogger.googleusercontent.com\/img\/b\/R29vZ2xl\/AVvXsEhHEEpZsKK1VpwiYMrS7aE2ujtqIDZoLd4B5wtbiseSU9s2HdTdQfhF84So2XwEB1fv0BLw95GADm6hUl1bkKtzh-eIgVigXONuu_5RxeIMPhjk8q6uNX4EaEHbooKkbu7pCADWPpVJjhKIH5NQSJpWqedC-YBez4QAQeJYokkLot9bhrIaUAeztsGis6M\/s1600\/logo-principal3.jpg\" width=\"100%\" height=\"100\" \/><\/a><!--bestpublic-voz05--><!--desk-in-out-voz05--><br \/>\n<!--publicidad-voz06--><!--bestpublic-voz06--><!--desk-in-out-voz06--><br \/>\n<!--publicidad-voz07--><!--bestpublic-voz07--><!--desk-in-out-voz07--><br \/>\n<!--publicidad-voz08--><!--bestpublic-voz08--><!--desk-in-out-voz08--><br \/>\n<!--publicidad-voz09--><!--bestpublic-voz09--><!--desk-in-out-voz09--><br \/>\n<!--publicidad-voz10--><!--bestpublic-voz10--><!--desk-in-out-voz10--><br \/>\n<!--publicidad-voz11--><!--bestpublic-voz11--><!--desk-in-out-voz11--><br \/>\n<!--publicidad-voz12--><!--bestpublic-voz12--><!--desk-in-out-voz12--><br \/>\n<!--publicidad-voz13--><!--bestpublic-voz13--><!--desk-in-out-voz13--><br \/>\n<!--publicidad-voz14--><!--bestpublic-voz14--><!--desk-in-out-voz14--><br \/>\n<!--publicidad-voz15--><!--bestpublic-voz15--><!--desk-in-out-voz15--><br \/>\n<!--publicidad-voz16--><!--bestpublic-voz16--><!--desk-in-out-voz16--><\/p>\n","protected":false},"excerpt":{"rendered":"<p>Circuito de Diputaci\u00f3n &#8211; Xavi Calaf y Almudena Jim\u00e9nez, los m\u00e1s r\u00e1pidos en Socovos<\/p>\n","protected":false},"author":2,"featured_media":151944,"comment_status":"closed","ping_status":"closed","sticky":false,"template":"","format":"standard","meta":{"footnotes":""},"categories":[755,718,715,716,717],"tags":[],"class_list":["post-151943","post","type-post","status-publish","format-standard","has-post-thumbnail","hentry","category-blog-lv036","category-blogger","category-la-voz-de-hellin","category-la-voz-de-hellin-la-voz-de-hellin","category-noticias"],"_links":{"self":[{"href":"https:\/\/lavozdehellin.com\/noticias\/wp-json\/wp\/v2\/posts\/151943","targetHints":{"allow":["GET"]}}],"collection":[{"href":"https:\/\/lavozdehellin.com\/noticias\/wp-json\/wp\/v2\/posts"}],"about":[{"href":"https:\/\/lavozdehellin.com\/noticias\/wp-json\/wp\/v2\/types\/post"}],"author":[{"embeddable":true,"href":"https:\/\/lavozdehellin.com\/noticias\/wp-json\/wp\/v2\/users\/2"}],"replies":[{"embeddable":true,"href":"https:\/\/lavozdehellin.com\/noticias\/wp-json\/wp\/v2\/comments?post=151943"}],"version-history":[{"count":0,"href":"https:\/\/lavozdehellin.com\/noticias\/wp-json\/wp\/v2\/posts\/151943\/revisions"}],"wp:featuredmedia":[{"embeddable":true,"href":"https:\/\/lavozdehellin.com\/noticias\/wp-json\/wp\/v2\/media\/151944"}],"wp:attachment":[{"href":"https:\/\/lavozdehellin.com\/noticias\/wp-json\/wp\/v2\/media?parent=151943"}],"wp:term":[{"taxonomy":"category","embeddable":true,"href":"https:\/\/lavozdehellin.com\/noticias\/wp-json\/wp\/v2\/categories?post=151943"},{"taxonomy":"post_tag","embeddable":true,"href":"https:\/\/lavozdehellin.com\/noticias\/wp-json\/wp\/v2\/tags?post=151943"}],"curies":[{"name":"wp","href":"https:\/\/api.w.org\/{rel}","templated":true}]}}