{"id":151955,"date":"2024-07-23T18:01:08","date_gmt":"2024-07-23T16:01:08","guid":{"rendered":"https:\/\/lavozdehellin.com\/noticias\/?p=151955"},"modified":"2024-07-24T20:40:20","modified_gmt":"2024-07-24T18:40:20","slug":"v08-905-la-alcaldesa-de-tobarra-y-el-presidente-de-la-sat-sierra-conejeros-firman-una-declaracion-institucional-en-defensa-de-los-recursos-que-genera-la-edar-de-tobarra","status":"publish","type":"post","link":"https:\/\/lavozdehellin.com\/noticias\/v08-905-la-alcaldesa-de-tobarra-y-el-presidente-de-la-sat-sierra-conejeros-firman-una-declaracion-institucional-en-defensa-de-los-recursos-que-genera-la-edar-de-tobarra\/","title":{"rendered":"LVH NOTICIAS | LA ALCALDESA DE TOBARRA Y EL PRESIDENTE DE LA SAT SIERRA CONEJEROS FIRMAN UNA DECLARACI\u00d3N INSTITUCIONAL EN DEFENSA DE LOS RECURSOS QUE GENERA LA EDAR DE TOBARRA"},"content":{"rendered":"<p style=\"text-align: justify;\">Nota de prensa del PP Tobarra &#8211; La Alcaldesa de Tobarra Manuela Garrido y el presidente de la SAT Sierra Conejeros Guillermo S\u00e1nchez firman una declaraci\u00f3n institucional en defensa de los recursos que genera la EDAR de Tobarra<\/p>\n<p><!--more--><br \/>\n<!--publicidad-voz01--><a href=\"https:\/\/www.facebook.com\/SoloRadioHellin\/?locale=es_ES\"><img decoding=\"async\" class=\"alignnone size-medium\" src=\"https:\/\/blogger.googleusercontent.com\/img\/b\/R29vZ2xl\/AVvXsEiNncirNnyGedv00mhjZjh5Wl4_YPdJGanoAl8tL8zH-HwqE8uHqjEfSt340RHdx-9tuCSIkZ8rFamZiGyYlgDGxCsmXjCH_1xk5eYM3ntFZRvJP_jndOKR7w1UAo9Tu0vrZyOLfqRpHIxYI5SymJJ-pfGCQw6QVpggBH-UgfjiFQ2JOxqxG0Jx94kW83c\/s1600\/logo-principal.jpg\" width=\"100%\" height=\"100\" \/><\/a><!--bestpublic-voz01--><!--desk-in-out-voz01--><br \/>\n<!--publicidad-voz02--><a href=\"https:\/\/www.hellincf.com\/\"><img decoding=\"async\" class=\"alignnone size-medium\" src=\"https:\/\/blogger.googleusercontent.com\/img\/b\/R29vZ2xl\/AVvXsEhuZ4-XfBVj3UtdP8-RZugy3WVrg-Zv28c53m4oV47qYCxL1rX_dqWX_YddsGSnpH5SRDqZ7bZeKPIfDVCDncpjVlhy3aQs2vojcJBn7Gdv9hC2_Nzct_pRFrnFE1a7KTCdY1bT_kAgnY3-iadRZrGeJf1fR2P5fu11bokx0pWjaypoy-ctwCjklldpEbA\/s1600\/logo-principal7.jpg\" width=\"100%\" height=\"100\" \/><\/a><!--bestpublic-voz02--><!--desk-in-out-voz02--><\/p>\n<p style=\"text-align: justify;\">En el texto firmado por ambas partes aseguran que los recursos alternativos generados en las instalaciones de depuraci\u00f3n EDAR de Tobarra ir\u00e1n destinados a satisfacer \u00fanica y exclusivamente las necesidades de la Sociedad Agraria de Transformaci\u00f3n Sierra Conejeros de Tobarra<\/p>\n<p style=\"text-align: justify;\">Aseguran que la Sociedad Agraria de Transformaci\u00f3n Sierra Conejeros de Tobarra es una sociedad de riego social, constituida para evitar la despoblaci\u00f3n de esa parte de la comarca, encontr\u00e1ndose en una zona de Tobarra de las m\u00e1s desfavorecidas y necesitadas de apoyo<\/p>\n<p style=\"text-align: justify;\">La alcaldesa de Tobarra, Manuela Garrido y el presidente de la SAT Sierra Conejeros, Guillermo S\u00e1nchez han firmando una declaraci\u00f3n institucional en defensa de los recursos que genera la EDAR en Tobarra tras la reuni\u00f3n mantenida hace unos d\u00edas en Murcia entre el Delegado de Agricultura de la Junta de Comunidades de Castilla-La Mancha, Ram\u00f3n S\u00e1ez, el presidente de la Confederaci\u00f3n Hidrogr\u00e1fica del Segura, Mario Urrea y el alcalde de Albatana, Francisco Jos\u00e9 Mansilla, en la que aseguraban que se podr\u00edan crear nuevos regad\u00edos con aguas depuradas.<\/p>\n<p style=\"text-align: justify;\">De esta forma tanto el Ayuntamiento de Tobarra como la SAT Sierra Conejeros se niegan a ceder los caudales de la EDAR, \u201cpor este motivo hemos firmado esta declaraci\u00f3n institucional para rechazar de pleno esta sugerencia, nos resulta del todo inconcebible que la resoluci\u00f3n de los recursos que tienen otros t\u00e9rminos municipales, se quiera realizar a costa de otro municipio, cuando lo que primeramente se deber\u00eda de estudiar es precisamente la causa de la falta de recursos, averiguando de donde viene el problema y quien realmente lo genera\u201d ha se\u00f1alado Manuela Garrido.<\/p>\n<p style=\"text-align: justify;\">La Alcaldesa de Tobarra ha precisado, \u201cque no quepa duda alguna de que los recursos alternativos generados en su d\u00eda en las nuevas instalaciones de depuraci\u00f3n -EDAR de Tobarra-, en cuanto a lo que a este ayuntamiento respecta, ir\u00e1n destinadas a satisfacer \u00fanica y exclusivamente las necesidades de la Sociedad<\/p>\n<p style=\"text-align: justify;\">Agraria de Transformaci\u00f3n Sierra Conejeros de Tobarra, la cual adem\u00e1s de ser una sociedad de riego social, constituida en su d\u00eda para entre otras cosas evitar la despoblaci\u00f3n de esa parte de la comarca, se encuentra en una zona de nuestro municipio de las m\u00e1s desfavorecidas y necesitadas de apoyo\u201d.<\/p>\n<p style=\"text-align: justify;\">Del mismo modo, esta declaraci\u00f3n institucional reza lo siguiente; \u201ctanto este ayuntamiento, como los agricultores afectados, quienes han mostrado su total apoyo a nuestra posici\u00f3n, siendo prueba de ello que el presidente de la SAT perjudicados tambi\u00e9n firma este escrito, no podemos sino sentirnos marginados por la Consejer\u00eda de Agricultura, que dicho sea de paso es de signo pol\u00edtico contrario, aunque sabemos -muy a nuestro pesar- que el citado ente es libre de apoyar el o los proyectos que crea conveniente\u201d<\/p>\n<p style=\"text-align: justify;\">\u201cFinalmente manifestar, que en el caso que se pretenda desposeernos de los citados recursos, que reiteramos son generados por este t\u00e9rmino municipal, se realizar\u00e1n todas aquellas actuaciones necesarias para la defensa de nuestros intereses, llegando hasta las \u00faltimas consecuencias, y utilizando cualquier medio que ampare nuestros derechos\u201d.<\/p>\n<p><!--publicidad-voz03--><a href=\"https:\/\/www.facebook.com\/profile.php?id=100063593791305&amp;locale=es_ES\"><img decoding=\"async\" class=\"alignnone size-medium\" src=\"https:\/\/blogger.googleusercontent.com\/img\/b\/R29vZ2xl\/AVvXsEi8_n_ll8UOcGxCqzFvb_9Io4ICczlGC990BPtPj2w9Px-u7B3oqWUW5vtjZUqPNJ-nyjiUIorE0ATsib_l5tV8BVN-UJ03RTnU__IHJF_4DgDBtY4LIqXNG-FomrO-7ywes20CBCRM2Hcm7EJSh3UUw1dO-c_uTflUrtgY1i7uBRezj_DpympmEFkfbQY\/s1600\/logo-principal2.jpg\" width=\"100%\" height=\"100\" \/><\/a><!--bestpublic-voz03--><!--desk-in-out-voz03--><br \/>\n<!--publicidad-voz04--><a href=\"https:\/\/www.facebook.com\/profile.php?id=61557370768692&amp;locale=es_ES\"><img decoding=\"async\" class=\"alignnone size-medium\" src=\"https:\/\/blogger.googleusercontent.com\/img\/b\/R29vZ2xl\/AVvXsEgy5RdcfffrnrItnYTcV9bCJjgJwldsQLWssfVfrLbyfXeBNTFKgBf0rMIvhrUaGUhiXzVr9_eQgCbi-j63ZDpfTvLIty9w7s140y-m1yHe7eKmEK7v2NAHUJDVYGdfeiQFeRCqUjdwWmN1MX_AUxxz4IVdJ4WIM0APxit8bjWkXzrnEFGqBvW_1F13H1g\/s1600\/logo-principal5.jpg\" width=\"100%\" height=\"100\" \/><\/a><!--bestpublic-voz04--><!--desk-in-out-voz04--><br \/>\n<!--publicidad-voz05--><a href=\"https:\/\/www.facebook.com\/asociaciontamborileroshellin?locale=es_ES\"><img decoding=\"async\" class=\"alignnone size-medium\" src=\"https:\/\/blogger.googleusercontent.com\/img\/b\/R29vZ2xl\/AVvXsEhHEEpZsKK1VpwiYMrS7aE2ujtqIDZoLd4B5wtbiseSU9s2HdTdQfhF84So2XwEB1fv0BLw95GADm6hUl1bkKtzh-eIgVigXONuu_5RxeIMPhjk8q6uNX4EaEHbooKkbu7pCADWPpVJjhKIH5NQSJpWqedC-YBez4QAQeJYokkLot9bhrIaUAeztsGis6M\/s1600\/logo-principal3.jpg\" width=\"100%\" height=\"100\" \/><\/a><!--bestpublic-voz05--><!--desk-in-out-voz05--><br \/>\n<!--publicidad-voz06--><!--bestpublic-voz06--><!--desk-in-out-voz06--><br \/>\n<!--publicidad-voz07--><!--bestpublic-voz07--><!--desk-in-out-voz07--><br \/>\n<!--publicidad-voz08--><!--bestpublic-voz08--><!--desk-in-out-voz08--><br \/>\n<!--publicidad-voz09--><!--bestpublic-voz09--><!--desk-in-out-voz09--><br \/>\n<!--publicidad-voz10--><!--bestpublic-voz10--><!--desk-in-out-voz10--><br \/>\n<!--publicidad-voz11--><!--bestpublic-voz11--><!--desk-in-out-voz11--><br \/>\n<!--publicidad-voz12--><!--bestpublic-voz12--><!--desk-in-out-voz12--><br \/>\n<!--publicidad-voz13--><!--bestpublic-voz13--><!--desk-in-out-voz13--><br \/>\n<!--publicidad-voz14--><!--bestpublic-voz14--><!--desk-in-out-voz14--><br \/>\n<!--publicidad-voz15--><!--bestpublic-voz15--><!--desk-in-out-voz15--><br \/>\n<!--publicidad-voz16--><!--bestpublic-voz16--><!--desk-in-out-voz16--><\/p>\n","protected":false},"excerpt":{"rendered":"<p>Nota de prensa del PP Tobarra &#8211; La Alcaldesa de Tobarra Manuela Garrido y el presidente de la SAT Sierra Conejeros Guillermo S\u00e1nchez firman una declaraci\u00f3n institucional en defensa de&#8230;<\/p>\n","protected":false},"author":2,"featured_media":151956,"comment_status":"closed","ping_status":"closed","sticky":false,"template":"","format":"standard","meta":{"footnotes":""},"categories":[755,718,715,716,717],"tags":[],"class_list":["post-151955","post","type-post","status-publish","format-standard","has-post-thumbnail","hentry","category-blog-lv036","category-blogger","category-la-voz-de-hellin","category-la-voz-de-hellin-la-voz-de-hellin","category-noticias"],"_links":{"self":[{"href":"https:\/\/lavozdehellin.com\/noticias\/wp-json\/wp\/v2\/posts\/151955","targetHints":{"allow":["GET"]}}],"collection":[{"href":"https:\/\/lavozdehellin.com\/noticias\/wp-json\/wp\/v2\/posts"}],"about":[{"href":"https:\/\/lavozdehellin.com\/noticias\/wp-json\/wp\/v2\/types\/post"}],"author":[{"embeddable":true,"href":"https:\/\/lavozdehellin.com\/noticias\/wp-json\/wp\/v2\/users\/2"}],"replies":[{"embeddable":true,"href":"https:\/\/lavozdehellin.com\/noticias\/wp-json\/wp\/v2\/comments?post=151955"}],"version-history":[{"count":0,"href":"https:\/\/lavozdehellin.com\/noticias\/wp-json\/wp\/v2\/posts\/151955\/revisions"}],"wp:featuredmedia":[{"embeddable":true,"href":"https:\/\/lavozdehellin.com\/noticias\/wp-json\/wp\/v2\/media\/151956"}],"wp:attachment":[{"href":"https:\/\/lavozdehellin.com\/noticias\/wp-json\/wp\/v2\/media?parent=151955"}],"wp:term":[{"taxonomy":"category","embeddable":true,"href":"https:\/\/lavozdehellin.com\/noticias\/wp-json\/wp\/v2\/categories?post=151955"},{"taxonomy":"post_tag","embeddable":true,"href":"https:\/\/lavozdehellin.com\/noticias\/wp-json\/wp\/v2\/tags?post=151955"}],"curies":[{"name":"wp","href":"https:\/\/api.w.org\/{rel}","templated":true}]}}