{"id":151996,"date":"2024-07-21T12:31:02","date_gmt":"2024-07-21T10:31:02","guid":{"rendered":"https:\/\/lavozdehellin.com\/noticias\/?p=151996"},"modified":"2024-07-24T23:21:13","modified_gmt":"2024-07-24T21:21:13","slug":"v08-912-el-festival-leturalma-no-deja-de-crecer-de-la-mano-de-rozalen-y-con-el-apoyo-de-la-diputacion-de-albacete-y-la-jccm","status":"publish","type":"post","link":"https:\/\/lavozdehellin.com\/noticias\/v08-912-el-festival-leturalma-no-deja-de-crecer-de-la-mano-de-rozalen-y-con-el-apoyo-de-la-diputacion-de-albacete-y-la-jccm\/","title":{"rendered":"LVH NOTICIAS | EL FESTIVAL LETURALMA NO DEJA DE CRECER DE LA MANO DE ROZAL\u00c9N Y CON EL APOYO DE LA DIPUTACI\u00d3N DE ALBACETE Y LA JCCM"},"content":{"rendered":"<p style=\"text-align: justify;\">Lejos de defraudar y sin dejar de impresionar y crecer, el fin de semana ha dejado en Letur la confirmaci\u00f3n de que el Leturalma impulsado por Roza\u00b4len es\u2019el Festival m\u00e1s bonico del verano\u2019.<\/p>\n<p><!--more--><br \/>\n<!--publicidad-voz01--><a href=\"https:\/\/www.facebook.com\/SoloRadioHellin\/?locale=es_ES\"><img decoding=\"async\" class=\"alignnone size-medium\" src=\"https:\/\/blogger.googleusercontent.com\/img\/b\/R29vZ2xl\/AVvXsEiNncirNnyGedv00mhjZjh5Wl4_YPdJGanoAl8tL8zH-HwqE8uHqjEfSt340RHdx-9tuCSIkZ8rFamZiGyYlgDGxCsmXjCH_1xk5eYM3ntFZRvJP_jndOKR7w1UAo9Tu0vrZyOLfqRpHIxYI5SymJJ-pfGCQw6QVpggBH-UgfjiFQ2JOxqxG0Jx94kW83c\/s1600\/logo-principal.jpg\" width=\"100%\" height=\"100\" \/><\/a><!--bestpublic-voz01--><!--desk-in-out-voz01--><br \/>\n<!--publicidad-voz02--><a href=\"https:\/\/www.hellincf.com\/\"><img decoding=\"async\" class=\"alignnone size-medium\" src=\"https:\/\/blogger.googleusercontent.com\/img\/b\/R29vZ2xl\/AVvXsEhuZ4-XfBVj3UtdP8-RZugy3WVrg-Zv28c53m4oV47qYCxL1rX_dqWX_YddsGSnpH5SRDqZ7bZeKPIfDVCDncpjVlhy3aQs2vojcJBn7Gdv9hC2_Nzct_pRFrnFE1a7KTCdY1bT_kAgnY3-iadRZrGeJf1fR2P5fu11bokx0pWjaypoy-ctwCjklldpEbA\/s1600\/logo-principal7.jpg\" width=\"100%\" height=\"100\" \/><\/a><!--bestpublic-voz02--><!--desk-in-out-voz02--><\/p>\n<p style=\"text-align: justify;\">Las m\u00e1s de 8.000 personas que, del 18 al 20 de julio, han disfrutado de ello son la mejor prueba del \u00e9xito de esta cita que, en su s\u00e9ptima edici\u00f3n, ha superado todas las expectativas en un derroche de talento, gran ambiente, alegr\u00eda, actividades y la mejor m\u00fasica en todos sus estilos y registros. Todo ello, con un gran sabor rural y para toda la familia.<\/p>\n<p style=\"text-align: justify;\">El Gobierno Provincial de la Diputaci\u00f3n de Albacete y el Regional de la Junta de Comunidades de Castilla-La Mancha han acompa\u00f1ado al alcalde de la localidad, Sergio Mar\u00edn, afianzado su respaldo a este Festival que, con el paso del tiempo y a pesar de su corta edad, ha marcado un antes y un despu\u00e9s en toda la comarca dando un salto de calidad al llenar al concepto m\u00e1s festivalero la mejor esencia de la vida en los pueblos del medio rural.<\/p>\n<p style=\"text-align: justify;\">La diputada de Turismo, Raquel L\u00f3pez; y el delegado de la JCCM en Albacete, Pedro Antonio Ruiz Santos, han representado a sendas instituciones en este \u201cencuentro singular e imprescindible\u201d con la m\u00fasica y las tradiciones, plenamente afianzado en el panorama provincial, regional y nacional de la mano de Rozal\u00e9n.<\/p>\n<p style=\"text-align: justify;\">La diputada ha reiterado el apoyo que el Gobierno de Santi Caba\u00f1ero viene brindando desde el primer momento a este festival, contribuyendo directamente a su log\u00edstica con una aportaci\u00f3n econ\u00f3mica que, adem\u00e1s, este a\u00f1o se ha cuadruplicado hasta alcanzar los 12.000 euros.<\/p>\n<p style=\"text-align: justify;\">Un evento clave para buena parte de la Sierra del Segura<\/p>\n<p style=\"text-align: justify;\">Fiel a este evento al que \u2018ha visto crecer\u2019 desde que se pusiera en marcha, en 2017, Raquel Ruiz ha subrayado lo que Leturalma supone no s\u00f3lo para la localidad de Letur, sino para buena parte de la Sierra del Segura. Y es que el talento, una gran variedad de estilos musicales y las m\u00faltiples actividades que rodean la cita (adem\u00e1s, desde \u2018una visi\u00f3n familiar, transversal e integradora), son \u201c\u2019la guinda\u2019 perfecta en un entorno inigualable\u201d que, por m\u00e9ritos propios, como se ha comprobado durante todo el fin de semana, \u201catrae a p\u00fablico de toda procedencia\u201d.<\/p>\n<p style=\"text-align: justify;\">En nombre del presidente de la Diputaci\u00f3n, Ruiz ha trasladado el orgullo que es para la instituci\u00f3n provincial contribuir a afianzar este tipo de citas que, m\u00e1s all\u00e1 de grandes espect\u00e1culos art\u00edsticos, se convierten en \u201cun indudable motor de progreso y de reivindicaci\u00f3n de la inmensa riqueza que tiene nuestro medio rural, empezando por quienes son parte de \u00e9l y quieren lo mejor para \u00e9l, como Mar\u00eda\u201d, ha resaltado.<\/p>\n<p style=\"text-align: justify;\">Por su parte, y al hilo de esa realidad, Ruiz Santos ha puesto de relieve la apuesta del Ejecutivo auton\u00f3mico por este festival que surgi\u00f3 hace siete a\u00f1os como un canto al mundo rural y contra la despoblaci\u00f3n, y que se ha convertido en una v\u00eda de desarrollo de la comarca, multiplicando durante su duraci\u00f3n por m\u00e1s de ocho la poblaci\u00f3n de un pueblo que no supera el millar de habitantes.<\/p>\n<p style=\"text-align: justify;\">En este sentido, el delegado ha subrayado la importancia de ayudar a iniciativas como Leturalma, \u201cque fomentan la cultura y el turismo en la regi\u00f3n\u201d, siendo un claro ejemplo de c\u00f3mo la cultura es motor de desarrollo social y econ\u00f3mico. \u201cNuestro apoyo a este evento refleja nuestro compromiso con la promoci\u00f3n de la identidad y el patrimonio cultural de Castilla-La Mancha\u201d, ha asegurado.<\/p>\n<p style=\"text-align: justify;\">Tanto la diputada como el delegado han reiterado el agradecimiento de sendos Gobiernos a Rozal\u00e9n, impulsora del festival, por su \u201ccompromiso con su tierra y su valent\u00eda a la hora de crear y hacer crecer una idea que busca el espect\u00e1culo, pero tambi\u00e9n el progreso y la puesta en valor de las ra\u00edces de la mano de la m\u00fasica\u201d; al igual que al resto de artistas implicados en el lucimiento de esta espectacular VII edici\u00f3n; y, por supuesto, al Ayuntamiento de la localidad, volcado en poner a disposici\u00f3n de la organizaci\u00f3n todos los servicios necesarios para el mayor lucimiento posible de esta cita determinante para el pueblo a nivel de promoci\u00f3n y proyecci\u00f3n.<\/p>\n<p><!--publicidad-voz03--><a href=\"https:\/\/www.facebook.com\/profile.php?id=100063593791305&amp;locale=es_ES\"><img decoding=\"async\" class=\"alignnone size-medium\" src=\"https:\/\/blogger.googleusercontent.com\/img\/b\/R29vZ2xl\/AVvXsEi8_n_ll8UOcGxCqzFvb_9Io4ICczlGC990BPtPj2w9Px-u7B3oqWUW5vtjZUqPNJ-nyjiUIorE0ATsib_l5tV8BVN-UJ03RTnU__IHJF_4DgDBtY4LIqXNG-FomrO-7ywes20CBCRM2Hcm7EJSh3UUw1dO-c_uTflUrtgY1i7uBRezj_DpympmEFkfbQY\/s1600\/logo-principal2.jpg\" width=\"100%\" height=\"100\" \/><\/a><!--bestpublic-voz03--><!--desk-in-out-voz03--><br \/>\n<!--publicidad-voz04--><a href=\"https:\/\/www.facebook.com\/profile.php?id=61557370768692&amp;locale=es_ES\"><img decoding=\"async\" class=\"alignnone size-medium\" src=\"https:\/\/blogger.googleusercontent.com\/img\/b\/R29vZ2xl\/AVvXsEgy5RdcfffrnrItnYTcV9bCJjgJwldsQLWssfVfrLbyfXeBNTFKgBf0rMIvhrUaGUhiXzVr9_eQgCbi-j63ZDpfTvLIty9w7s140y-m1yHe7eKmEK7v2NAHUJDVYGdfeiQFeRCqUjdwWmN1MX_AUxxz4IVdJ4WIM0APxit8bjWkXzrnEFGqBvW_1F13H1g\/s1600\/logo-principal5.jpg\" width=\"100%\" height=\"100\" \/><\/a><!--bestpublic-voz04--><!--desk-in-out-voz04--><br \/>\n<!--publicidad-voz05--><a href=\"https:\/\/www.facebook.com\/asociaciontamborileroshellin?locale=es_ES\"><img decoding=\"async\" class=\"alignnone size-medium\" src=\"https:\/\/blogger.googleusercontent.com\/img\/b\/R29vZ2xl\/AVvXsEhHEEpZsKK1VpwiYMrS7aE2ujtqIDZoLd4B5wtbiseSU9s2HdTdQfhF84So2XwEB1fv0BLw95GADm6hUl1bkKtzh-eIgVigXONuu_5RxeIMPhjk8q6uNX4EaEHbooKkbu7pCADWPpVJjhKIH5NQSJpWqedC-YBez4QAQeJYokkLot9bhrIaUAeztsGis6M\/s1600\/logo-principal3.jpg\" width=\"100%\" height=\"100\" \/><\/a><!--bestpublic-voz05--><!--desk-in-out-voz05--><br \/>\n<!--publicidad-voz06--><!--bestpublic-voz06--><!--desk-in-out-voz06--><br \/>\n<!--publicidad-voz07--><!--bestpublic-voz07--><!--desk-in-out-voz07--><br \/>\n<!--publicidad-voz08--><!--bestpublic-voz08--><!--desk-in-out-voz08--><br \/>\n<!--publicidad-voz09--><!--bestpublic-voz09--><!--desk-in-out-voz09--><br \/>\n<!--publicidad-voz10--><!--bestpublic-voz10--><!--desk-in-out-voz10--><br \/>\n<!--publicidad-voz11--><!--bestpublic-voz11--><!--desk-in-out-voz11--><br \/>\n<!--publicidad-voz12--><!--bestpublic-voz12--><!--desk-in-out-voz12--><br \/>\n<!--publicidad-voz13--><!--bestpublic-voz13--><!--desk-in-out-voz13--><br \/>\n<!--publicidad-voz14--><!--bestpublic-voz14--><!--desk-in-out-voz14--><br \/>\n<!--publicidad-voz15--><!--bestpublic-voz15--><!--desk-in-out-voz15--><br \/>\n<!--publicidad-voz16--><!--bestpublic-voz16--><!--desk-in-out-voz16--><\/p>\n","protected":false},"excerpt":{"rendered":"<p>Lejos de defraudar y sin dejar de impresionar y crecer, el fin de semana ha dejado en Letur la confirmaci\u00f3n de que el Leturalma impulsado por Roza\u00b4len es\u2019el Festival m\u00e1s&#8230;<\/p>\n","protected":false},"author":2,"featured_media":151997,"comment_status":"closed","ping_status":"closed","sticky":false,"template":"","format":"standard","meta":{"footnotes":""},"categories":[755,718,715,716,717],"tags":[],"class_list":["post-151996","post","type-post","status-publish","format-standard","has-post-thumbnail","hentry","category-blog-lv036","category-blogger","category-la-voz-de-hellin","category-la-voz-de-hellin-la-voz-de-hellin","category-noticias"],"_links":{"self":[{"href":"https:\/\/lavozdehellin.com\/noticias\/wp-json\/wp\/v2\/posts\/151996","targetHints":{"allow":["GET"]}}],"collection":[{"href":"https:\/\/lavozdehellin.com\/noticias\/wp-json\/wp\/v2\/posts"}],"about":[{"href":"https:\/\/lavozdehellin.com\/noticias\/wp-json\/wp\/v2\/types\/post"}],"author":[{"embeddable":true,"href":"https:\/\/lavozdehellin.com\/noticias\/wp-json\/wp\/v2\/users\/2"}],"replies":[{"embeddable":true,"href":"https:\/\/lavozdehellin.com\/noticias\/wp-json\/wp\/v2\/comments?post=151996"}],"version-history":[{"count":0,"href":"https:\/\/lavozdehellin.com\/noticias\/wp-json\/wp\/v2\/posts\/151996\/revisions"}],"wp:featuredmedia":[{"embeddable":true,"href":"https:\/\/lavozdehellin.com\/noticias\/wp-json\/wp\/v2\/media\/151997"}],"wp:attachment":[{"href":"https:\/\/lavozdehellin.com\/noticias\/wp-json\/wp\/v2\/media?parent=151996"}],"wp:term":[{"taxonomy":"category","embeddable":true,"href":"https:\/\/lavozdehellin.com\/noticias\/wp-json\/wp\/v2\/categories?post=151996"},{"taxonomy":"post_tag","embeddable":true,"href":"https:\/\/lavozdehellin.com\/noticias\/wp-json\/wp\/v2\/tags?post=151996"}],"curies":[{"name":"wp","href":"https:\/\/api.w.org\/{rel}","templated":true}]}}