{"id":151999,"date":"2024-07-22T11:07:43","date_gmt":"2024-07-22T09:07:43","guid":{"rendered":"https:\/\/lavozdehellin.com\/noticias\/?p=151999"},"modified":"2024-07-24T23:21:13","modified_gmt":"2024-07-24T21:21:13","slug":"v08-913-la-diputacion-de-albacete-sigue-impulsando-el-desarrollo-de-motilleja-con-una-inversion-de-133-800-euros-para-mejoras-municipales-este-2024","status":"publish","type":"post","link":"https:\/\/lavozdehellin.com\/noticias\/v08-913-la-diputacion-de-albacete-sigue-impulsando-el-desarrollo-de-motilleja-con-una-inversion-de-133-800-euros-para-mejoras-municipales-este-2024\/","title":{"rendered":"LVH NOTICIAS | LA DIPUTACI\u00d3N DE ALBACETE SIGUE IMPULSANDO EL DESARROLLO DE MOTILLEJA CON UNA INVERSI\u00d3N DE 133.800 EUROS PARA MEJORAS MUNICIPALES ESTE 2024"},"content":{"rendered":"<p style=\"text-align: justify;\">El presidente provincial, Santi Caba\u00f1ero, acompa\u00f1ado del vicepresidente y responsable de Obras, ha visitado Motilleja para supervisar algunas de las \u00faltimas mejoras que la Diputaci\u00f3n est\u00e1 ayudando a realizar all\u00ed, aprovechando el encuentro para compartir impresiones y abordar proyectos futuros con el alcalde, Antonio Francisco Armero G\u00f3mez.<\/p>\n<p><!--more--><br \/>\n<!--publicidad-voz01--><a href=\"https:\/\/www.facebook.com\/SoloRadioHellin\/?locale=es_ES\"><img decoding=\"async\" class=\"alignnone size-medium\" src=\"https:\/\/blogger.googleusercontent.com\/img\/b\/R29vZ2xl\/AVvXsEiNncirNnyGedv00mhjZjh5Wl4_YPdJGanoAl8tL8zH-HwqE8uHqjEfSt340RHdx-9tuCSIkZ8rFamZiGyYlgDGxCsmXjCH_1xk5eYM3ntFZRvJP_jndOKR7w1UAo9Tu0vrZyOLfqRpHIxYI5SymJJ-pfGCQw6QVpggBH-UgfjiFQ2JOxqxG0Jx94kW83c\/s1600\/logo-principal.jpg\" width=\"100%\" height=\"100\" \/><\/a><!--bestpublic-voz01--><!--desk-in-out-voz01--><br \/>\n<!--publicidad-voz02--><a href=\"https:\/\/www.hellincf.com\/\"><img decoding=\"async\" class=\"alignnone size-medium\" src=\"https:\/\/blogger.googleusercontent.com\/img\/b\/R29vZ2xl\/AVvXsEhuZ4-XfBVj3UtdP8-RZugy3WVrg-Zv28c53m4oV47qYCxL1rX_dqWX_YddsGSnpH5SRDqZ7bZeKPIfDVCDncpjVlhy3aQs2vojcJBn7Gdv9hC2_Nzct_pRFrnFE1a7KTCdY1bT_kAgnY3-iadRZrGeJf1fR2P5fu11bokx0pWjaypoy-ctwCjklldpEbA\/s1600\/logo-principal7.jpg\" width=\"100%\" height=\"100\" \/><\/a><!--bestpublic-voz02--><!--desk-in-out-voz02--><\/p>\n<p style=\"text-align: justify;\">Una nueva visita que refuerza el compromiso de la instituci\u00f3n con los municipios de la provincia, tanto a trav\u00e9s de una comunicaci\u00f3n fluida y constante como del trabajo conjunto con sus protagonistas.<\/p>\n<p style=\"text-align: justify;\">Durante el encuentro, Caba\u00f1ero ha aprovechado para analizar con el primer edil el detalle de algunos de los destinos que el Gobierno Municipal ha previsto para las importantes inversiones que van llegado a Motilleja desde la Diputaci\u00f3n de Albacete durante este 2024, superando los e 133.800 euros, s\u00f3lo en lo relativo a la mejora directa de recursos e infraestructuras municipales.<\/p>\n<p style=\"text-align: justify;\">Cuestiones a las que, como le ha detallado, se suma lo proveniente de las distintas l\u00edneas de subvenciones a disposici\u00f3n de los ayuntamientos para muy diversas cuestiones, alguna de ellas, totalmente novedosas, como la destinada a la compra de veh\u00edculos y maquinaria para incorporar a los servicios municipales y donde cada localidad puede obtener hasta 20.000 euros de ayuda.<\/p>\n<p style=\"text-align: justify;\">Dipualba Responde<\/p>\n<p style=\"text-align: justify;\">Habiendo decidido el equipo encabezado por Armero no combinar las distintas cantidades a su disposici\u00f3n, sino trabajar con los diferente programas y planes por separado, dentro del Dipualba Responde Inversiones, el municipio percibe este a\u00f1o 41.000 euros, habiendo solicitado ya Motilleja dos ayudas espec\u00edficas que acometer bajo esta partida.<\/p>\n<p style=\"text-align: justify;\">De un lado, la reparaci\u00f3n del saneamiento en calles Ciudad Real Pozos y Madrigueras, con una inversi\u00f3n de m\u00e1s de 26.000 euros, para la instalaci\u00f3n de imbornales y la reparaci\u00f3n del firme en estas v\u00edas claves de la localidad.<\/p>\n<p style=\"text-align: justify;\">De otra parte, la mejora del drenaje y del pavimento de la pista polideportiva ubicada en la calle Cantante Cecilia, 25. Esta actuaci\u00f3n, con un importe de unos 14.500 euros, incluye la mejora del firme mediante la aplicaci\u00f3n de una pintura bicomponente de resinas y la instalaci\u00f3n de una rigola prefabricada de hormig\u00f3n para una evacuaci\u00f3n eficaz de aguas pluviales. Una obra, han comentado, esencial para solucionar los problemas de acumulaci\u00f3n de agua y el deterioro del revestimiento de la instalaci\u00f3n.<\/p>\n<p style=\"text-align: justify;\">Adem\u00e1s, Motilleja cuenta con otros 18.800 euros relativos al Dipualba Responde Gasto Corriente, l\u00ednea espec\u00edficamente abierta por el Gobierno de Caba\u00f1ero para ayudar a que las distintas localidades puedas cubrir necesidades operativas y de funcionamiento del municipio.<\/p>\n<p style=\"text-align: justify;\">Plan de Obras y Servicios (POS)<\/p>\n<p style=\"text-align: justify;\">Dentro del Plan de Obras y Servicios, Motilleja dispone este a\u00f1o de 57.000 euros, si bien el proyecto espec\u00edfico est\u00e1 a\u00fan est\u00e1 por determinar. La obra del POS de 2023 comenzar\u00e1 de forma inminente y ayudar\u00e1 a transformar de forma clara una zona de paso clave en la localidad.<\/p>\n<p style=\"text-align: justify;\">Concretamente, la actuaci\u00f3n prev\u00e9 la construcci\u00f3n de un acerado de paseo en la traves\u00eda junto a la carretera provincial AB-104, entre la calle Pozo y la calle Vigas, dentro del casco urbano de Motilleja, y la creaci\u00f3n de dos zonas de aparcamiento para veh\u00edculos.<\/p>\n<p style=\"text-align: justify;\">Una actuaci\u00f3n que seguir\u00e1 mejorando la movilidad, la accesibilidad y el aspecto del pueblo, sum\u00e1ndose a las actuaciones del Plan correspondiente a 2022 que, con una inversi\u00f3n de otros cerca de 60.000 euros, mejoraba significativamente varias infraestructuras viales de la localidad, concretamente, renovando pavimentaci\u00f3n y acerado en la calle Cuevas Yermas y el acerado del paseo en la ya citada Traves\u00eda de la AB-104, en el tramo comprendido entre las calles El Rinc\u00f3n y Federico Garc\u00eda Lorca. Unas acciones impulsadas no s\u00f3lo para actualizar infraestructuras, sino para garantizar una mayor seguridad y comodidad de tr\u00e1nsito de personas y veh\u00edculos.<br \/>\nTrabajo basado en la interlocuci\u00f3n constante<\/p>\n<p style=\"text-align: justify;\">Adem\u00e1s, el Gobierno Municipal de Motilleja cuenta tambi\u00e9n con la asignaci\u00f3n de 17.000 euros con los que contribuir a seguir acometiendo la paulatina mejora de caminos rurales municipales que viene haciendo posible la Diputaci\u00f3n de Albacete, mejorando as\u00ed la accesibilidad de las distintas v\u00edas rurales de Motilleja y facilitando con ello la el d\u00eda a d\u00eda y la actividad de buena parte de la poblaci\u00f3n.<\/p>\n<p style=\"text-align: justify;\">Santi Caba\u00f1ero ha destacado la importancia de estas inversiones para el progreso de Motilleja y ha reafirmado la mano tendida de su Gobierno con la mejora continua de los servicios y recursos en todas las localidades de la provincia, con el fin de sumar prestaciones que afiancen a la poblaci\u00f3n en sus pueblos y los abran a nuevas oportunidades.<\/p>\n<p style=\"text-align: justify;\">Por su parte, el alcalde Antonio Francisco Armero G\u00f3mez ha expresado su agradecimiento por el apoyo recibido y ha subrayado la relevancia de estas actuaciones, y la cercan\u00eda constante con el el Gobierno y el personal t\u00e9cnico de la Diputaci\u00f3n a la hora de definirlas, para el desarrollo y bienestar de los vecinos y vecinas de Motilleja.<\/p>\n<p style=\"text-align: justify;\">El Ejecutivo Provincial sigue trabajando de la mano de los municipios para atender sus necesidades y contribuir al desarrollo sostenible de la provincia.<\/p>\n<p><!--publicidad-voz03--><a href=\"https:\/\/www.facebook.com\/profile.php?id=100063593791305&amp;locale=es_ES\"><img decoding=\"async\" class=\"alignnone size-medium\" src=\"https:\/\/blogger.googleusercontent.com\/img\/b\/R29vZ2xl\/AVvXsEi8_n_ll8UOcGxCqzFvb_9Io4ICczlGC990BPtPj2w9Px-u7B3oqWUW5vtjZUqPNJ-nyjiUIorE0ATsib_l5tV8BVN-UJ03RTnU__IHJF_4DgDBtY4LIqXNG-FomrO-7ywes20CBCRM2Hcm7EJSh3UUw1dO-c_uTflUrtgY1i7uBRezj_DpympmEFkfbQY\/s1600\/logo-principal2.jpg\" width=\"100%\" height=\"100\" \/><\/a><!--bestpublic-voz03--><!--desk-in-out-voz03--><br \/>\n<!--publicidad-voz04--><a href=\"https:\/\/www.facebook.com\/profile.php?id=61557370768692&amp;locale=es_ES\"><img decoding=\"async\" class=\"alignnone size-medium\" src=\"https:\/\/blogger.googleusercontent.com\/img\/b\/R29vZ2xl\/AVvXsEgy5RdcfffrnrItnYTcV9bCJjgJwldsQLWssfVfrLbyfXeBNTFKgBf0rMIvhrUaGUhiXzVr9_eQgCbi-j63ZDpfTvLIty9w7s140y-m1yHe7eKmEK7v2NAHUJDVYGdfeiQFeRCqUjdwWmN1MX_AUxxz4IVdJ4WIM0APxit8bjWkXzrnEFGqBvW_1F13H1g\/s1600\/logo-principal5.jpg\" width=\"100%\" height=\"100\" \/><\/a><!--bestpublic-voz04--><!--desk-in-out-voz04--><br \/>\n<!--publicidad-voz05--><a href=\"https:\/\/www.facebook.com\/asociaciontamborileroshellin?locale=es_ES\"><img decoding=\"async\" class=\"alignnone size-medium\" src=\"https:\/\/blogger.googleusercontent.com\/img\/b\/R29vZ2xl\/AVvXsEhHEEpZsKK1VpwiYMrS7aE2ujtqIDZoLd4B5wtbiseSU9s2HdTdQfhF84So2XwEB1fv0BLw95GADm6hUl1bkKtzh-eIgVigXONuu_5RxeIMPhjk8q6uNX4EaEHbooKkbu7pCADWPpVJjhKIH5NQSJpWqedC-YBez4QAQeJYokkLot9bhrIaUAeztsGis6M\/s1600\/logo-principal3.jpg\" width=\"100%\" height=\"100\" \/><\/a><!--bestpublic-voz05--><!--desk-in-out-voz05--><br \/>\n<!--publicidad-voz06--><!--bestpublic-voz06--><!--desk-in-out-voz06--><br \/>\n<!--publicidad-voz07--><!--bestpublic-voz07--><!--desk-in-out-voz07--><br \/>\n<!--publicidad-voz08--><!--bestpublic-voz08--><!--desk-in-out-voz08--><br \/>\n<!--publicidad-voz09--><!--bestpublic-voz09--><!--desk-in-out-voz09--><br \/>\n<!--publicidad-voz10--><!--bestpublic-voz10--><!--desk-in-out-voz10--><br \/>\n<!--publicidad-voz11--><!--bestpublic-voz11--><!--desk-in-out-voz11--><br \/>\n<!--publicidad-voz12--><!--bestpublic-voz12--><!--desk-in-out-voz12--><br \/>\n<!--publicidad-voz13--><!--bestpublic-voz13--><!--desk-in-out-voz13--><br \/>\n<!--publicidad-voz14--><!--bestpublic-voz14--><!--desk-in-out-voz14--><br \/>\n<!--publicidad-voz15--><!--bestpublic-voz15--><!--desk-in-out-voz15--><br \/>\n<!--publicidad-voz16--><!--bestpublic-voz16--><!--desk-in-out-voz16--><\/p>\n","protected":false},"excerpt":{"rendered":"<p>El presidente provincial, Santi Caba\u00f1ero, acompa\u00f1ado del vicepresidente y responsable de Obras, ha visitado Motilleja para supervisar algunas de las \u00faltimas mejoras que la Diputaci\u00f3n est\u00e1 ayudando a realizar all\u00ed,&#8230;<\/p>\n","protected":false},"author":2,"featured_media":152000,"comment_status":"closed","ping_status":"closed","sticky":false,"template":"","format":"standard","meta":{"footnotes":""},"categories":[755,718,715,716,717],"tags":[],"class_list":["post-151999","post","type-post","status-publish","format-standard","has-post-thumbnail","hentry","category-blog-lv036","category-blogger","category-la-voz-de-hellin","category-la-voz-de-hellin-la-voz-de-hellin","category-noticias"],"_links":{"self":[{"href":"https:\/\/lavozdehellin.com\/noticias\/wp-json\/wp\/v2\/posts\/151999","targetHints":{"allow":["GET"]}}],"collection":[{"href":"https:\/\/lavozdehellin.com\/noticias\/wp-json\/wp\/v2\/posts"}],"about":[{"href":"https:\/\/lavozdehellin.com\/noticias\/wp-json\/wp\/v2\/types\/post"}],"author":[{"embeddable":true,"href":"https:\/\/lavozdehellin.com\/noticias\/wp-json\/wp\/v2\/users\/2"}],"replies":[{"embeddable":true,"href":"https:\/\/lavozdehellin.com\/noticias\/wp-json\/wp\/v2\/comments?post=151999"}],"version-history":[{"count":0,"href":"https:\/\/lavozdehellin.com\/noticias\/wp-json\/wp\/v2\/posts\/151999\/revisions"}],"wp:featuredmedia":[{"embeddable":true,"href":"https:\/\/lavozdehellin.com\/noticias\/wp-json\/wp\/v2\/media\/152000"}],"wp:attachment":[{"href":"https:\/\/lavozdehellin.com\/noticias\/wp-json\/wp\/v2\/media?parent=151999"}],"wp:term":[{"taxonomy":"category","embeddable":true,"href":"https:\/\/lavozdehellin.com\/noticias\/wp-json\/wp\/v2\/categories?post=151999"},{"taxonomy":"post_tag","embeddable":true,"href":"https:\/\/lavozdehellin.com\/noticias\/wp-json\/wp\/v2\/tags?post=151999"}],"curies":[{"name":"wp","href":"https:\/\/api.w.org\/{rel}","templated":true}]}}