{"id":152045,"date":"2024-07-28T11:03:52","date_gmt":"2024-07-28T09:03:52","guid":{"rendered":"https:\/\/lavozdehellin.com\/noticias\/?p=152045"},"modified":"2024-07-28T18:32:41","modified_gmt":"2024-07-28T16:32:41","slug":"v08-924-la-diputacion-de-albacete-impulsa-un-curso-de-formacion-en-direccion-de-bandas-de-musica","status":"publish","type":"post","link":"https:\/\/lavozdehellin.com\/noticias\/v08-924-la-diputacion-de-albacete-impulsa-un-curso-de-formacion-en-direccion-de-bandas-de-musica\/","title":{"rendered":"LVH NOTICIAS | LA DIPUTACI\u00d3N DE ALBACETE IMPULSA UN CURSO DE FORMACI\u00d3N EN DIRECCI\u00d3N DE BANDAS DE M\u00daSICA"},"content":{"rendered":"<p style=\"text-align: justify;\">La Diputaci\u00f3n de Albacete ha organizado el I Curso de Formaci\u00f3n en Direcci\u00f3n de Bandas de M\u00fasica dirigido a directores y directoras en activo de bandas federadas de la provincia, con el objetivo de favorecer que puedan completar, actualizar y ampliar sus conocimientos tanto te\u00f3ricos como pr\u00e1cticos.<\/p>\n<p><!--more--><br \/>\n<!--publicidad-voz01--><a href=\"https:\/\/www.facebook.com\/SoloRadioHellin\/?locale=es_ES\"><img decoding=\"async\" class=\"alignnone size-medium\" src=\"https:\/\/blogger.googleusercontent.com\/img\/b\/R29vZ2xl\/AVvXsEiNncirNnyGedv00mhjZjh5Wl4_YPdJGanoAl8tL8zH-HwqE8uHqjEfSt340RHdx-9tuCSIkZ8rFamZiGyYlgDGxCsmXjCH_1xk5eYM3ntFZRvJP_jndOKR7w1UAo9Tu0vrZyOLfqRpHIxYI5SymJJ-pfGCQw6QVpggBH-UgfjiFQ2JOxqxG0Jx94kW83c\/s1600\/logo-principal.jpg\" width=\"100%\" height=\"100\" \/><\/a><!--bestpublic-voz01--><!--desk-in-out-voz01--><br \/>\n<!--publicidad-voz02--><a href=\"https:\/\/www.hellincf.com\/\"><img decoding=\"async\" class=\"alignnone size-medium\" src=\"https:\/\/blogger.googleusercontent.com\/img\/b\/R29vZ2xl\/AVvXsEhuZ4-XfBVj3UtdP8-RZugy3WVrg-Zv28c53m4oV47qYCxL1rX_dqWX_YddsGSnpH5SRDqZ7bZeKPIfDVCDncpjVlhy3aQs2vojcJBn7Gdv9hC2_Nzct_pRFrnFE1a7KTCdY1bT_kAgnY3-iadRZrGeJf1fR2P5fu11bokx0pWjaypoy-ctwCjklldpEbA\/s1600\/logo-principal7.jpg\" width=\"100%\" height=\"100\" \/><\/a><!--bestpublic-voz02--><!--desk-in-out-voz02--><\/p>\n<p style=\"text-align: justify;\">De la mano de la Federaci\u00f3n Regional Castellanomanchega de Sociedades de M\u00fasica (FRCMSM), la instituci\u00f3n albacetense ha puesto en marcha esta iniciativa totalmente gratuita, que nace con vocaci\u00f3n de mantenerse en el tiempo y en l\u00ednea con el compromiso que el Gobierno que preside Santi Caba\u00f1ero viene demostrando con un sector clave en la actividad sociocultural de la provincia, contribuyendo a su desarrollo y dinamizaci\u00f3n.<\/p>\n<p style=\"text-align: justify;\">En total, este curso consta de 10 plazas, aunque se admitir\u00e1n alumnos y alumnas oyentes hasta completar el aforo. Pudi\u00e9ndose realizar las inscripciones desde el 1 hasta el 26 de agosto a trav\u00e9s de la sede electr\u00f3nica de la Diputaci\u00f3n de Albacete, en el apartado de instancias generales (mediante un formulario espec\u00edfico).<\/p>\n<p style=\"text-align: justify;\">Esta iniciativa tendr\u00e1 lugar a lo largo del mes de septiembre y se desarrollar\u00e1 en dos fases. La primera de ellas consistir\u00e1 en una clase online (1 de septiembre), en la que se abordar\u00e1n aspectos tanto t\u00e9cnicos como psicol\u00f3gicos de la direcci\u00f3n. Por su parte, la segunda ser\u00e1 presencial (27, 28 y 29 de septiembre) y tendr\u00e1n lugar en Munera, donde se trabajar\u00e1 de manera pr\u00e1ctica tanto con grupos de c\u00e1mara como con la Banda Municipal de M\u00fasica de la localidad. Adem\u00e1s, el d\u00eda 29 de ese mismo mes est\u00e1 previsto un concierto de clausura que pondr\u00e1 el \u2018broche de oro\u2019 a la formaci\u00f3n.<\/p>\n<p style=\"text-align: justify;\">Ser\u00e1 el maestro Crist\u00f3bal Soler, director en la actualidad de la Banda Sinf\u00f3nica de Valencia con una dilatada experiencia en formaci\u00f3n en t\u00e9cnicas y estrategias de direcci\u00f3n, el encargado de impartir el curso, que se acreditar\u00e1 con un diploma. Adem\u00e1s, quien lo desee podr\u00e1 solicitar el certificado de las horas lectivas.<\/p>\n<p style=\"text-align: justify;\">Esta actividad, incluida en el Plan de Apoyo al Sector Musical puesto en marcha por la Diputaci\u00f3n de Albacete, se suma a otras iniciativas que la instituci\u00f3n viene implementado para contribuir al mantenimiento y puesta en valor de las Bandas y Academias de M\u00fasica que conviven en este territorio. Consiguiendo, con ello, facilitar su d\u00eda a d\u00eda, ya sea a trav\u00e9s de ayudas econ\u00f3micas, como las recientes Convocatorias de Subvenciones destinadas a la renovaci\u00f3n del vestuario y a la adquisici\u00f3n de instrumentos (que han puesto 300.000 \u20ac a disposici\u00f3n de los ayuntamientos), a las que se suman otras destinadas al mantenimiento de las Academias (300.000 \u20ac), o mediante la celebraci\u00f3n de eventos como el Encuentro de Bandas, que en su \u00faltima edici\u00f3n reuni\u00f3 en Pozo Ca\u00f1ada e Higueruela a m\u00e1s de 600 m\u00fasicos y m\u00fasicas, la Gala Provincial de la M\u00fasica o la conmemoraci\u00f3n, con actuaciones repartidas por toda la provincia, del D\u00eda Europeo de la M\u00fasica, entre otras iniciativas.<\/p>\n<p><!--publicidad-voz03--><a href=\"https:\/\/www.facebook.com\/profile.php?id=100063593791305&amp;locale=es_ES\"><img decoding=\"async\" class=\"alignnone size-medium\" src=\"https:\/\/blogger.googleusercontent.com\/img\/b\/R29vZ2xl\/AVvXsEi8_n_ll8UOcGxCqzFvb_9Io4ICczlGC990BPtPj2w9Px-u7B3oqWUW5vtjZUqPNJ-nyjiUIorE0ATsib_l5tV8BVN-UJ03RTnU__IHJF_4DgDBtY4LIqXNG-FomrO-7ywes20CBCRM2Hcm7EJSh3UUw1dO-c_uTflUrtgY1i7uBRezj_DpympmEFkfbQY\/s1600\/logo-principal2.jpg\" width=\"100%\" height=\"100\" \/><\/a><!--bestpublic-voz03--><!--desk-in-out-voz03--><br \/>\n<!--publicidad-voz04--><a href=\"https:\/\/www.facebook.com\/profile.php?id=61557370768692&amp;locale=es_ES\"><img decoding=\"async\" class=\"alignnone size-medium\" src=\"https:\/\/blogger.googleusercontent.com\/img\/b\/R29vZ2xl\/AVvXsEgy5RdcfffrnrItnYTcV9bCJjgJwldsQLWssfVfrLbyfXeBNTFKgBf0rMIvhrUaGUhiXzVr9_eQgCbi-j63ZDpfTvLIty9w7s140y-m1yHe7eKmEK7v2NAHUJDVYGdfeiQFeRCqUjdwWmN1MX_AUxxz4IVdJ4WIM0APxit8bjWkXzrnEFGqBvW_1F13H1g\/s1600\/logo-principal5.jpg\" width=\"100%\" height=\"100\" \/><\/a><!--bestpublic-voz04--><!--desk-in-out-voz04--><br \/>\n<!--publicidad-voz05--><a href=\"https:\/\/www.facebook.com\/asociaciontamborileroshellin?locale=es_ES\"><img decoding=\"async\" class=\"alignnone size-medium\" src=\"https:\/\/blogger.googleusercontent.com\/img\/b\/R29vZ2xl\/AVvXsEhHEEpZsKK1VpwiYMrS7aE2ujtqIDZoLd4B5wtbiseSU9s2HdTdQfhF84So2XwEB1fv0BLw95GADm6hUl1bkKtzh-eIgVigXONuu_5RxeIMPhjk8q6uNX4EaEHbooKkbu7pCADWPpVJjhKIH5NQSJpWqedC-YBez4QAQeJYokkLot9bhrIaUAeztsGis6M\/s1600\/logo-principal3.jpg\" width=\"100%\" height=\"100\" \/><\/a><!--bestpublic-voz05--><!--desk-in-out-voz05--><br \/>\n<!--publicidad-voz06--><!--bestpublic-voz06--><!--desk-in-out-voz06--><br \/>\n<!--publicidad-voz07--><!--bestpublic-voz07--><!--desk-in-out-voz07--><br \/>\n<!--publicidad-voz08--><!--bestpublic-voz08--><!--desk-in-out-voz08--><br \/>\n<!--publicidad-voz09--><!--bestpublic-voz09--><!--desk-in-out-voz09--><br \/>\n<!--publicidad-voz10--><!--bestpublic-voz10--><!--desk-in-out-voz10--><br \/>\n<!--publicidad-voz11--><!--bestpublic-voz11--><!--desk-in-out-voz11--><br \/>\n<!--publicidad-voz12--><!--bestpublic-voz12--><!--desk-in-out-voz12--><br \/>\n<!--publicidad-voz13--><!--bestpublic-voz13--><!--desk-in-out-voz13--><br \/>\n<!--publicidad-voz14--><!--bestpublic-voz14--><!--desk-in-out-voz14--><br \/>\n<!--publicidad-voz15--><!--bestpublic-voz15--><!--desk-in-out-voz15--><br \/>\n<!--publicidad-voz16--><!--bestpublic-voz16--><!--desk-in-out-voz16--><\/p>\n","protected":false},"excerpt":{"rendered":"<p>La Diputaci\u00f3n de Albacete ha organizado el I Curso de Formaci\u00f3n en Direcci\u00f3n de Bandas de M\u00fasica dirigido a directores y directoras en activo de bandas federadas de la provincia,&#8230;<\/p>\n","protected":false},"author":2,"featured_media":152046,"comment_status":"closed","ping_status":"closed","sticky":false,"template":"","format":"standard","meta":{"footnotes":""},"categories":[755,718,715,716,717],"tags":[],"class_list":["post-152045","post","type-post","status-publish","format-standard","has-post-thumbnail","hentry","category-blog-lv036","category-blogger","category-la-voz-de-hellin","category-la-voz-de-hellin-la-voz-de-hellin","category-noticias"],"_links":{"self":[{"href":"https:\/\/lavozdehellin.com\/noticias\/wp-json\/wp\/v2\/posts\/152045","targetHints":{"allow":["GET"]}}],"collection":[{"href":"https:\/\/lavozdehellin.com\/noticias\/wp-json\/wp\/v2\/posts"}],"about":[{"href":"https:\/\/lavozdehellin.com\/noticias\/wp-json\/wp\/v2\/types\/post"}],"author":[{"embeddable":true,"href":"https:\/\/lavozdehellin.com\/noticias\/wp-json\/wp\/v2\/users\/2"}],"replies":[{"embeddable":true,"href":"https:\/\/lavozdehellin.com\/noticias\/wp-json\/wp\/v2\/comments?post=152045"}],"version-history":[{"count":0,"href":"https:\/\/lavozdehellin.com\/noticias\/wp-json\/wp\/v2\/posts\/152045\/revisions"}],"wp:featuredmedia":[{"embeddable":true,"href":"https:\/\/lavozdehellin.com\/noticias\/wp-json\/wp\/v2\/media\/152046"}],"wp:attachment":[{"href":"https:\/\/lavozdehellin.com\/noticias\/wp-json\/wp\/v2\/media?parent=152045"}],"wp:term":[{"taxonomy":"category","embeddable":true,"href":"https:\/\/lavozdehellin.com\/noticias\/wp-json\/wp\/v2\/categories?post=152045"},{"taxonomy":"post_tag","embeddable":true,"href":"https:\/\/lavozdehellin.com\/noticias\/wp-json\/wp\/v2\/tags?post=152045"}],"curies":[{"name":"wp","href":"https:\/\/api.w.org\/{rel}","templated":true}]}}