{"id":152073,"date":"2024-07-29T09:42:54","date_gmt":"2024-07-29T07:42:54","guid":{"rendered":"https:\/\/lavozdehellin.com\/noticias\/?p=152073"},"modified":"2024-07-30T18:40:30","modified_gmt":"2024-07-30T16:40:30","slug":"v08-926-juan-gonzalez-y-lucia-navarro-mandan-en-la-prueba-btt-de-san-pedro","status":"publish","type":"post","link":"https:\/\/lavozdehellin.com\/noticias\/v08-926-juan-gonzalez-y-lucia-navarro-mandan-en-la-prueba-btt-de-san-pedro\/","title":{"rendered":"LVH NOTICIAS | JUAN GONZ\u00c1LEZ Y LUC\u00cdA NAVARRO MANDAN EN LA PRUEBA BTT DE SAN PEDRO"},"content":{"rendered":"<p style=\"text-align: justify;\">Circuito de Diputaci\u00f3n &#8211; Juan Gonz\u00e1lez y Luc\u00eda Navarro mandan en la prueba BTT de San Pedro<\/p>\n<p><!--more--><br \/>\n<!--publicidad-voz01--><a href=\"https:\/\/www.facebook.com\/SoloRadioHellin\/?locale=es_ES\"><img decoding=\"async\" class=\"alignnone size-medium\" src=\"https:\/\/blogger.googleusercontent.com\/img\/b\/R29vZ2xl\/AVvXsEiNncirNnyGedv00mhjZjh5Wl4_YPdJGanoAl8tL8zH-HwqE8uHqjEfSt340RHdx-9tuCSIkZ8rFamZiGyYlgDGxCsmXjCH_1xk5eYM3ntFZRvJP_jndOKR7w1UAo9Tu0vrZyOLfqRpHIxYI5SymJJ-pfGCQw6QVpggBH-UgfjiFQ2JOxqxG0Jx94kW83c\/s1600\/logo-principal.jpg\" width=\"100%\" height=\"100\" \/><\/a><!--bestpublic-voz01--><!--desk-in-out-voz01--><br \/>\n<!--publicidad-voz02--><a href=\"https:\/\/www.hellincf.com\/\"><img decoding=\"async\" class=\"alignnone size-medium\" src=\"https:\/\/blogger.googleusercontent.com\/img\/b\/R29vZ2xl\/AVvXsEhuZ4-XfBVj3UtdP8-RZugy3WVrg-Zv28c53m4oV47qYCxL1rX_dqWX_YddsGSnpH5SRDqZ7bZeKPIfDVCDncpjVlhy3aQs2vojcJBn7Gdv9hC2_Nzct_pRFrnFE1a7KTCdY1bT_kAgnY3-iadRZrGeJf1fR2P5fu11bokx0pWjaypoy-ctwCjklldpEbA\/s1600\/logo-principal7.jpg\" width=\"100%\" height=\"100\" \/><\/a><!--bestpublic-voz02--><!--desk-in-out-voz02--><\/p>\n<p style=\"text-align: justify;\">Pedro Jes\u00fas Rodr\u00edguez y A\u00edda Mil\u00e1n, los m\u00e1s r\u00e1pidos en la modalidad Gravel. Sin cambios en la clasificaci\u00f3n general Juan Gonz\u00e1lez Sanz (Ekuon El Conchel\/Diputaci\u00f3n de Albacete) y Luc\u00eda Navarro Cuesta (Bicicletas El Hellinero Acecho) se impusieron en la III BTT de San Pedro, 23\u00aa cita de la temporada en el XVII Circuito Provincial de BTT organizado por la Diputaci\u00f3n de Albacete y \u00faltima antes del par\u00f3n veraniego.<\/p>\n<p style=\"text-align: justify;\">La an\u00e9cdota del d\u00eda se vivi\u00f3 antes del pistoletazo de salida, en un gui\u00f1o a los Juegos Ol\u00edmpicos de Par\u00eds que se est\u00e1n celebrando en estos d\u00edas. Blas G\u00f3mez, coordinador sanitario del Circuito BTT, mostr\u00f3 a todos los presentes una antorcha ol\u00edmpica perteneciente a los JJOO de Atenas 2004. Blas G\u00f3mez, debido a sus colaboraciones con una ONG, fue uno de los relevistas elegidos para portar la llama ol\u00edmpica en ese a\u00f1o 2004, cuando los relevos pasaron por la ciudad de Barcelona.<\/p>\n<p style=\"text-align: justify;\">El coordinador sanitario conserva esa antorcha como recuerdo y antes de la salida se la mostr\u00f3, entre otros, al diputado de Deportes y alcalde de San Pedro, Daniel Sancha.<\/p>\n<p style=\"text-align: justify;\">En el aspecto deportivo, casi 200 corredores tomaron la salida desde el Paseo de la Libertad para recorrer los 42\u201939 kil\u00f3metros de distancia del trazado largo o los 21\u201923 kil\u00f3metros del recorrido corto, en una prueba que tambi\u00e9n tuvo una modalidad \u2018Gravel\u2019.<\/p>\n<p style=\"text-align: justify;\">En los kil\u00f3metros iniciales de la prueba, en la primera subida, Juan Gonz\u00e1lez Sanz se march\u00f3 por delante junto a Juan Carlos Albertos. El corredor de Balazote logr\u00f3 una peque\u00f1a renta poco despu\u00e9s, qued\u00e1ndose en solitario en cabeza, con unos quince o veinte segundos de ventaja que ya supo mantener durante todo el recorrido para sumar su sexta victoria del a\u00f1o. Por detr\u00e1s, la segunda posici\u00f3n de Juan Carlos Albertos no peligr\u00f3, aunque tampoco pudo pelear por el triunfo en los kil\u00f3metros finales.<\/p>\n<p style=\"text-align: justify;\">Miguel \u00c1ngel Huedo se hizo con el tercer caj\u00f3n del p\u00f3dium, entrando en meta junto a Vicente L\u00f3pez Izquierdo en una ajustada llegada que se resolvi\u00f3 por apenas un segundo. Complet\u00f3 el Top 5 en San Pedro el corredor Javier Jim\u00e9nez Cuenca.<\/p>\n<p style=\"text-align: justify;\">En la categor\u00eda femenina lleg\u00f3 la 16\u00aa victoria de Luc\u00eda Navarro Cuesta, corredora que va a ganar el maillot rojo de l\u00edder con una superioridad m\u00e1s que manifiesta. La corredora del Bicicletas El Hellinero Acecho domin\u00f3 la prueba desde el inicio y poco a poco fue incrementando su ventaja sobre Maril\u00f3 Herrera, siendo las dos \u00fanicas capaces de completar el trazado en menos de dos horas. El tercer caj\u00f3n del p\u00f3dium fue para Marlene Gamarra, que entr\u00f3 con el mismo tiempo que Marta Ju\u00e1rez, por lo que el chip de cronometraje fue el encargado de determinar esas posiciones en meta.<\/p>\n<p style=\"text-align: justify;\">Alfonsi Villar termin\u00f3 en la quinta plaza.<\/p>\n<p style=\"text-align: justify;\">En la clasificaci\u00f3n general del Circuito Provincial no hay cambios. Iv\u00e1n Carrasco Fern\u00e1ndez (Ferlo Factory Racing), que termin\u00f3 en el s\u00e9ptimo puesto, mantiene el maillot rojo de l\u00edder, al igual que Luc\u00eda Navarro Cuesta (Bicicletas El Hellinero Acecho).<\/p>\n<p style=\"text-align: justify;\">San Pedro celebr\u00f3, por segundo a\u00f1o consecutivo, tambi\u00e9n una prueba para la modalidad Gravel, cuyos participantes realizaron el trazado principal de la carrera, aunque salieron diez minutos despu\u00e9s que los corredores de BTT. En esta modalidad, Pedro Jes\u00fas Rodr\u00edguez Segura (Manzanares Team Factory) fue el m\u00e1s r\u00e1pido, con un tiempo de 1h38:01 en meta. En la categor\u00eda femenina venci\u00f3 A\u00edda Mil\u00e1n Arellano (Bicicletas Rumbo Team), con un crono de 1h54:31.<\/p>\n<p style=\"text-align: justify;\">En el recorrido corto, los ganadores fueron Juan Vicente Palacios Morote (Ekuon El Conchel\/Diputaci\u00f3n) y Paqui Castillo Garc\u00eda (BTT Guadalimar). Pedro Ram\u00edrez Sevilla (Manzanares Team Factory) fue el campe\u00f3n junior. En parejas mixtas, los vencedores fueron Maril\u00f3 Herrera Poyatos (Independiente) y L\u00e1zaro Herrera Garc\u00eda (Independiente). El premio a la posici\u00f3n 71 en meta, cedido por la Hermandad de Donantes de Sangre de Albacete, fue para Francisco Jos\u00e9 Tortosa Gonz\u00e1lez (Independiente).<\/p>\n<p style=\"text-align: justify;\">Descanso en el mes de agosto<\/p>\n<p style=\"text-align: justify;\">El XVII Circuito Provincial de BTT organizado por la Diputaci\u00f3n de Albacete se tomar\u00e1 un merecido descanso durante el mes de agosto. La competici\u00f3n regresar\u00e1 el domingo d\u00eda 1 de septiembre en Villaverde de Guadalimar, una prueba que propone una distancia de 40 kil\u00f3metros para el trazado principal y 19 kil\u00f3metros para el recorrido Rural Bike. La salida ser\u00e1 a las 10:00 horas desde la Plaza de Toros. El plazo de inscripci\u00f3n para esta prueba est\u00e1 abierto hasta el mi\u00e9rcoles d\u00eda 28 de agosto a las 14:00 horas.<\/p>\n<p style=\"text-align: justify;\">CLASIFICACIONES SAN PEDRO 2024<\/p>\n<p style=\"text-align: justify;\">Clasificaci\u00f3n masculina<\/p>\n<p style=\"text-align: justify;\">NOMBRE EQUIPO TIEMPO<\/p>\n<p style=\"text-align: justify;\">1-. Juan Gonz\u00e1lez Sanz (Ekuon El Conchel\/Diputaci\u00f3n) 1h31\u201910\u2019\u2019<\/p>\n<p style=\"text-align: justify;\">2-. Juan Carlos Albertos Marco (Gobik Factory Team) 1h31\u201924\u2019\u2019<\/p>\n<p style=\"text-align: justify;\">3-. Miguel \u00c1ngel Huedo Haro (Infoshop Quixote Team) 1h32\u201907\u2019\u2019<\/p>\n<p style=\"text-align: justify;\">4-. Vicente L\u00f3pez Izquierdo (C.C. Acovastta Ulevel) 1h32\u201908\u2019\u2019<\/p>\n<p style=\"text-align: justify;\">5-. Javier Jim\u00e9nez Cuenca (Motorbike Moya \u2013 \u00d3ptica Berna) 1h34\u201925\u2019\u2019<\/p>\n<p style=\"text-align: justify;\">Clasificaci\u00f3n femenina<\/p>\n<p style=\"text-align: justify;\">NOMBRE EQUIPO TIEMPO<\/p>\n<p style=\"text-align: justify;\">1-. Luc\u00eda Navarro Cuesta (Bicicletas El Hellinero Acecho) 1h48\u201919\u2019\u2019<\/p>\n<p style=\"text-align: justify;\">2-. Maril\u00f3 Herrera Poyatos (Independiente) 1h57\u201924\u2019\u2019<\/p>\n<p style=\"text-align: justify;\">3-. Marlene Gamarra Cantero (Ferlo Factory Racing) 2h03\u201938\u2019\u2019<\/p>\n<p style=\"text-align: justify;\">4-. Marta Ju\u00e1rez Garc\u00eda (Adventure Bike Racing Team) 2h03\u201938\u2019\u2019<\/p>\n<p style=\"text-align: justify;\">5-. Alfonsi Villar Garrig\u00f3s (Ferroice Contrallano BTT) 2h03\u201949\u2019\u2019<\/p>\n<p><!--publicidad-voz03--><a href=\"https:\/\/www.facebook.com\/profile.php?id=100063593791305&amp;locale=es_ES\"><img decoding=\"async\" class=\"alignnone size-medium\" src=\"https:\/\/blogger.googleusercontent.com\/img\/b\/R29vZ2xl\/AVvXsEi8_n_ll8UOcGxCqzFvb_9Io4ICczlGC990BPtPj2w9Px-u7B3oqWUW5vtjZUqPNJ-nyjiUIorE0ATsib_l5tV8BVN-UJ03RTnU__IHJF_4DgDBtY4LIqXNG-FomrO-7ywes20CBCRM2Hcm7EJSh3UUw1dO-c_uTflUrtgY1i7uBRezj_DpympmEFkfbQY\/s1600\/logo-principal2.jpg\" width=\"100%\" height=\"100\" \/><\/a><!--bestpublic-voz03--><!--desk-in-out-voz03--><br \/>\n<!--publicidad-voz04--><a href=\"https:\/\/www.facebook.com\/profile.php?id=61557370768692&amp;locale=es_ES\"><img decoding=\"async\" class=\"alignnone size-medium\" src=\"https:\/\/blogger.googleusercontent.com\/img\/b\/R29vZ2xl\/AVvXsEgy5RdcfffrnrItnYTcV9bCJjgJwldsQLWssfVfrLbyfXeBNTFKgBf0rMIvhrUaGUhiXzVr9_eQgCbi-j63ZDpfTvLIty9w7s140y-m1yHe7eKmEK7v2NAHUJDVYGdfeiQFeRCqUjdwWmN1MX_AUxxz4IVdJ4WIM0APxit8bjWkXzrnEFGqBvW_1F13H1g\/s1600\/logo-principal5.jpg\" width=\"100%\" height=\"100\" \/><\/a><!--bestpublic-voz04--><!--desk-in-out-voz04--><br \/>\n<!--publicidad-voz05--><a href=\"https:\/\/www.facebook.com\/asociaciontamborileroshellin?locale=es_ES\"><img decoding=\"async\" class=\"alignnone size-medium\" src=\"https:\/\/blogger.googleusercontent.com\/img\/b\/R29vZ2xl\/AVvXsEhHEEpZsKK1VpwiYMrS7aE2ujtqIDZoLd4B5wtbiseSU9s2HdTdQfhF84So2XwEB1fv0BLw95GADm6hUl1bkKtzh-eIgVigXONuu_5RxeIMPhjk8q6uNX4EaEHbooKkbu7pCADWPpVJjhKIH5NQSJpWqedC-YBez4QAQeJYokkLot9bhrIaUAeztsGis6M\/s1600\/logo-principal3.jpg\" width=\"100%\" height=\"100\" \/><\/a><!--bestpublic-voz05--><!--desk-in-out-voz05--><br \/>\n<!--publicidad-voz06--><!--bestpublic-voz06--><!--desk-in-out-voz06--><br \/>\n<!--publicidad-voz07--><!--bestpublic-voz07--><!--desk-in-out-voz07--><br \/>\n<!--publicidad-voz08--><!--bestpublic-voz08--><!--desk-in-out-voz08--><br \/>\n<!--publicidad-voz09--><!--bestpublic-voz09--><!--desk-in-out-voz09--><br \/>\n<!--publicidad-voz10--><!--bestpublic-voz10--><!--desk-in-out-voz10--><br \/>\n<!--publicidad-voz11--><!--bestpublic-voz11--><!--desk-in-out-voz11--><br \/>\n<!--publicidad-voz12--><!--bestpublic-voz12--><!--desk-in-out-voz12--><br \/>\n<!--publicidad-voz13--><!--bestpublic-voz13--><!--desk-in-out-voz13--><br \/>\n<!--publicidad-voz14--><!--bestpublic-voz14--><!--desk-in-out-voz14--><br \/>\n<!--publicidad-voz15--><!--bestpublic-voz15--><!--desk-in-out-voz15--><br \/>\n<!--publicidad-voz16--><!--bestpublic-voz16--><!--desk-in-out-voz16--><\/p>\n","protected":false},"excerpt":{"rendered":"<p>Circuito de Diputaci\u00f3n &#8211; Juan Gonz\u00e1lez y Luc\u00eda Navarro mandan en la prueba BTT de San Pedro<\/p>\n","protected":false},"author":2,"featured_media":152074,"comment_status":"closed","ping_status":"closed","sticky":false,"template":"","format":"standard","meta":{"footnotes":""},"categories":[755,718,715,716,717],"tags":[],"class_list":["post-152073","post","type-post","status-publish","format-standard","has-post-thumbnail","hentry","category-blog-lv036","category-blogger","category-la-voz-de-hellin","category-la-voz-de-hellin-la-voz-de-hellin","category-noticias"],"_links":{"self":[{"href":"https:\/\/lavozdehellin.com\/noticias\/wp-json\/wp\/v2\/posts\/152073","targetHints":{"allow":["GET"]}}],"collection":[{"href":"https:\/\/lavozdehellin.com\/noticias\/wp-json\/wp\/v2\/posts"}],"about":[{"href":"https:\/\/lavozdehellin.com\/noticias\/wp-json\/wp\/v2\/types\/post"}],"author":[{"embeddable":true,"href":"https:\/\/lavozdehellin.com\/noticias\/wp-json\/wp\/v2\/users\/2"}],"replies":[{"embeddable":true,"href":"https:\/\/lavozdehellin.com\/noticias\/wp-json\/wp\/v2\/comments?post=152073"}],"version-history":[{"count":0,"href":"https:\/\/lavozdehellin.com\/noticias\/wp-json\/wp\/v2\/posts\/152073\/revisions"}],"wp:featuredmedia":[{"embeddable":true,"href":"https:\/\/lavozdehellin.com\/noticias\/wp-json\/wp\/v2\/media\/152074"}],"wp:attachment":[{"href":"https:\/\/lavozdehellin.com\/noticias\/wp-json\/wp\/v2\/media?parent=152073"}],"wp:term":[{"taxonomy":"category","embeddable":true,"href":"https:\/\/lavozdehellin.com\/noticias\/wp-json\/wp\/v2\/categories?post=152073"},{"taxonomy":"post_tag","embeddable":true,"href":"https:\/\/lavozdehellin.com\/noticias\/wp-json\/wp\/v2\/tags?post=152073"}],"curies":[{"name":"wp","href":"https:\/\/api.w.org\/{rel}","templated":true}]}}