{"id":152132,"date":"2024-08-04T10:45:01","date_gmt":"2024-08-04T08:45:01","guid":{"rendered":"https:\/\/lavozdehellin.com\/noticias\/?p=152132"},"modified":"2024-08-06T18:19:35","modified_gmt":"2024-08-06T16:19:35","slug":"v08-937-la-diputacion-de-albacete-duplica-su-apoyo-a-la-vii-edicion-del-festival-con-el-que-molinicos-llena-de-musica-en-sus-rincones","status":"publish","type":"post","link":"https:\/\/lavozdehellin.com\/noticias\/v08-937-la-diputacion-de-albacete-duplica-su-apoyo-a-la-vii-edicion-del-festival-con-el-que-molinicos-llena-de-musica-en-sus-rincones\/","title":{"rendered":"LVH NOTICIAS | LA DIPUTACI\u00d3N DE ALBACETE DUPLICA SU APOYO A LA VII EDICI\u00d3N DEL FESTIVAL CON EL QUE MOLINICOS LLENA DE M\u00daSICA EN SUS \u2018RINCONES\u2019"},"content":{"rendered":"<p style=\"text-align: justify;\">El emblem\u00e1tico festival \u2018M\u00fasica en los Rincones\u2019 de Molinicos celebra este fin de semana su s\u00e9ptima edici\u00f3n, consolid\u00e1ndose como una de las grandes citas culturales y tur\u00edsticas de referencia en la provincia de Albacete.<\/p>\n<p><!--more--><br \/>\n<!--publicidad-voz01--><a href=\"https:\/\/www.facebook.com\/SoloRadioHellin\/?locale=es_ES\"><img decoding=\"async\" class=\"alignnone size-medium\" src=\"https:\/\/blogger.googleusercontent.com\/img\/b\/R29vZ2xl\/AVvXsEiNncirNnyGedv00mhjZjh5Wl4_YPdJGanoAl8tL8zH-HwqE8uHqjEfSt340RHdx-9tuCSIkZ8rFamZiGyYlgDGxCsmXjCH_1xk5eYM3ntFZRvJP_jndOKR7w1UAo9Tu0vrZyOLfqRpHIxYI5SymJJ-pfGCQw6QVpggBH-UgfjiFQ2JOxqxG0Jx94kW83c\/s1600\/logo-principal.jpg\" width=\"100%\" height=\"100\" \/><\/a><!--bestpublic-voz01--><!--desk-in-out-voz01--><br \/>\n<!--publicidad-voz02--><a href=\"https:\/\/www.hellincf.com\/\"><img decoding=\"async\" class=\"alignnone size-medium\" src=\"https:\/\/blogger.googleusercontent.com\/img\/b\/R29vZ2xl\/AVvXsEhuZ4-XfBVj3UtdP8-RZugy3WVrg-Zv28c53m4oV47qYCxL1rX_dqWX_YddsGSnpH5SRDqZ7bZeKPIfDVCDncpjVlhy3aQs2vojcJBn7Gdv9hC2_Nzct_pRFrnFE1a7KTCdY1bT_kAgnY3-iadRZrGeJf1fR2P5fu11bokx0pWjaypoy-ctwCjklldpEbA\/s1600\/logo-principal7.jpg\" width=\"100%\" height=\"100\" \/><\/a><!--bestpublic-voz02--><!--desk-in-out-voz02--><\/p>\n<p style=\"text-align: justify;\">Y es que, en sus apenas siete a\u00f1os de vida, este evento se ha convertido en un s\u00edmbolo de lucha activa contra la despoblaci\u00f3n desde la apuesta firme por el arte, las tradiciones y el potencial del medio rural.<\/p>\n<p style=\"text-align: justify;\">Algo que han comprobado el vicepresidente provincial, Fran Valera, y los diputados Jos\u00e9 Gonz\u00e1lez y Yolanda Ballesteros, viviendo en primera persona la cita junto a la alcaldesa, Lola Serrano, coincidiendo tambi\u00e9n con delegados y delegadas provinciales, diputados regionales y primeros ediles de otras localidades de la provincia que no han querido perderse esta explosi\u00f3n de felicidad en las calles de Molinicos.<\/p>\n<p style=\"text-align: justify;\">Valera ha felicitado a la alcaldesa y a toda la poblaci\u00f3n por la organizaci\u00f3n del festival desde la total implicaci\u00f3n de muchas personas: \u00abPudiendo ver \u2018en directo\u2019 todo esto\u2026 no cabe sino felicitar a los vecinos y vecinas porque salta a la vista que \u00e9sta es una actividad en la que se involucra todo un pueblo, decorando cada \u00b4rinc\u00f3n\u2019 de cada calle con tanto gusto\u2026; y creo que \u00e9sa es precisamente una de las claves del \u00e9xito de este festival que, en apenas siete a\u00f1os, se ha hecho un lugar preferente en el calendario estival con una propuesta llena de tradici\u00f3n y de alegr\u00eda\u00ab, ha se\u00f1alado el vicepresidente.<\/p>\n<p style=\"text-align: justify;\">Un Valera que ha aprovechado para destacar el papel de los y las artistas que, con su talento, ayudan a que el nombre de Molinicos suene m\u00e1s all\u00e1 de sus fronteras, \u201catrayendo a visitantes y promocionando la cultura y la historia de toda esta comarca de la Sierra del Segura\u201d.<\/p>\n<p style=\"text-align: justify;\">Como han comprobado los dirigentes provinciales, el festival, que en 2023 congreg\u00f3 m\u00e1s de 4.500 personas superando todas las expectativas, contin\u00faa creciendo y mejorando en esta VII edici\u00f3n, dise\u00f1ada para su mayor impacto cultural y social con una programaci\u00f3n que incluye unos 18 conciertos en 16 localizaciones del casco antiguo de Molinicos, decoradas para la ocasi\u00f3n con la implicaci\u00f3n de los vecinos y vecinas del pueblo, y \u2018aderezados\u2019 con g\u00e9neros musicales que van desde el flamenco fusi\u00f3n hasta el rockabilly, pasando por el jazz, indie y m\u00fasica africana.<\/p>\n<p style=\"text-align: justify;\">Apoyo convencido a un evento singular que da valor a\u00f1adido a la provincia<\/p>\n<p style=\"text-align: justify;\">Este a\u00f1o, la Diputaci\u00f3n de Albacete ha duplicado su apoyo econ\u00f3mico a esta iniciativa, pasando de una ayuda de 3.000 a 6.000 euros, cerca del 9% del coste total previsto para el festival. Un compromiso fundamentado en el \u00e9xito y la repercusi\u00f3n tan positivas de \u2018M\u00fasica en los rincones\u2019 a varios niveles.<\/p>\n<p style=\"text-align: justify;\">\u00abQuer\u00edamos estar, un a\u00f1o m\u00e1s, colaborando con el ayuntamiento en este evento; y lo hacemos por plena convicci\u00f3n: sabiendo que merece mucho la pena respaldar todas esas iniciativas que emprenden los municipios, especialmente los m\u00e1s \u2018peque\u00f1os\u2019, y porque creemos en proyectos como \u00e9ste que hacen de la cultura un agente clave para la dinamizaci\u00f3n local y para el desarrollo rural\u00bb, ha afirmado Valera.<\/p>\n<p style=\"text-align: justify;\">\u2018M\u00fasica en los Rincones\u2019 se ha convertido en un gran ejemplo de lo que un peque\u00f1o pueblo puede lograr desde la unidad de acci\u00f3n y la implicaci\u00f3n de su poblaci\u00f3n, que se multiplica por cinco estos d\u00edas, evidenciando el potencial del mundo rural.<\/p>\n<p style=\"text-align: justify;\">Por tnto, es un evento que tambi\u00e9n demuestra ser un potente \u201cpolo de atracci\u00f3n tur\u00edstica\u201d y un agente dinamizador que \u201cgenera riqueza y promueve la cohesi\u00f3n social y cultural\u201d. Este a\u00f1o, con m\u00e1s rincones de artistas y la participaci\u00f3n de m\u00fasicos y formaciones profesionales que, de la mano de artistas amateurs como los que han participado en ediciones previas, aspiran a consolidar a Molinicos como un \u2018gran escenario\u2019 a visitar en el calendario estival de la provincia de Albacete.<\/p>\n<p style=\"text-align: justify;\">Junto a Gonz\u00e1lez y Ballesteros, y en nombre del presidente Caba\u00f1ero, el vicepresidente ha reiterado el compromiso de la Diputaci\u00f3n con Molinicos y con este festival para seguir haciendo de la puesta en valor del potencial de los recursos locales la mejor pol\u00edtica de desarrollo rural.<\/p>\n<p><!--publicidad-voz03--><a href=\"https:\/\/www.facebook.com\/profile.php?id=100063593791305&amp;locale=es_ES\"><img decoding=\"async\" class=\"alignnone size-medium\" src=\"https:\/\/blogger.googleusercontent.com\/img\/b\/R29vZ2xl\/AVvXsEi8_n_ll8UOcGxCqzFvb_9Io4ICczlGC990BPtPj2w9Px-u7B3oqWUW5vtjZUqPNJ-nyjiUIorE0ATsib_l5tV8BVN-UJ03RTnU__IHJF_4DgDBtY4LIqXNG-FomrO-7ywes20CBCRM2Hcm7EJSh3UUw1dO-c_uTflUrtgY1i7uBRezj_DpympmEFkfbQY\/s1600\/logo-principal2.jpg\" width=\"100%\" height=\"100\" \/><\/a><!--bestpublic-voz03--><!--desk-in-out-voz03--><br \/>\n<!--publicidad-voz04--><a href=\"https:\/\/www.facebook.com\/profile.php?id=61557370768692&amp;locale=es_ES\"><img decoding=\"async\" class=\"alignnone size-medium\" src=\"https:\/\/blogger.googleusercontent.com\/img\/b\/R29vZ2xl\/AVvXsEgy5RdcfffrnrItnYTcV9bCJjgJwldsQLWssfVfrLbyfXeBNTFKgBf0rMIvhrUaGUhiXzVr9_eQgCbi-j63ZDpfTvLIty9w7s140y-m1yHe7eKmEK7v2NAHUJDVYGdfeiQFeRCqUjdwWmN1MX_AUxxz4IVdJ4WIM0APxit8bjWkXzrnEFGqBvW_1F13H1g\/s1600\/logo-principal5.jpg\" width=\"100%\" height=\"100\" \/><\/a><!--bestpublic-voz04--><!--desk-in-out-voz04--><br \/>\n<!--publicidad-voz05--><a href=\"https:\/\/www.facebook.com\/asociaciontamborileroshellin?locale=es_ES\"><img decoding=\"async\" class=\"alignnone size-medium\" src=\"https:\/\/blogger.googleusercontent.com\/img\/b\/R29vZ2xl\/AVvXsEhHEEpZsKK1VpwiYMrS7aE2ujtqIDZoLd4B5wtbiseSU9s2HdTdQfhF84So2XwEB1fv0BLw95GADm6hUl1bkKtzh-eIgVigXONuu_5RxeIMPhjk8q6uNX4EaEHbooKkbu7pCADWPpVJjhKIH5NQSJpWqedC-YBez4QAQeJYokkLot9bhrIaUAeztsGis6M\/s1600\/logo-principal3.jpg\" width=\"100%\" height=\"100\" \/><\/a><!--bestpublic-voz05--><!--desk-in-out-voz05--><br \/>\n<!--publicidad-voz06--><!--bestpublic-voz06--><!--desk-in-out-voz06--><br \/>\n<!--publicidad-voz07--><!--bestpublic-voz07--><!--desk-in-out-voz07--><br \/>\n<!--publicidad-voz08--><!--bestpublic-voz08--><!--desk-in-out-voz08--><br \/>\n<!--publicidad-voz09--><!--bestpublic-voz09--><!--desk-in-out-voz09--><br \/>\n<!--publicidad-voz10--><!--bestpublic-voz10--><!--desk-in-out-voz10--><br \/>\n<!--publicidad-voz11--><!--bestpublic-voz11--><!--desk-in-out-voz11--><br \/>\n<!--publicidad-voz12--><!--bestpublic-voz12--><!--desk-in-out-voz12--><br \/>\n<!--publicidad-voz13--><!--bestpublic-voz13--><!--desk-in-out-voz13--><br \/>\n<!--publicidad-voz14--><!--bestpublic-voz14--><!--desk-in-out-voz14--><br \/>\n<!--publicidad-voz15--><!--bestpublic-voz15--><!--desk-in-out-voz15--><br \/>\n<!--publicidad-voz16--><!--bestpublic-voz16--><!--desk-in-out-voz16--><\/p>\n","protected":false},"excerpt":{"rendered":"<p>El emblem\u00e1tico festival \u2018M\u00fasica en los Rincones\u2019 de Molinicos celebra este fin de semana su s\u00e9ptima edici\u00f3n, consolid\u00e1ndose como una de las grandes citas culturales y tur\u00edsticas de referencia en&#8230;<\/p>\n","protected":false},"author":2,"featured_media":152133,"comment_status":"closed","ping_status":"closed","sticky":false,"template":"","format":"standard","meta":{"footnotes":""},"categories":[755,718,715,716,717],"tags":[],"class_list":["post-152132","post","type-post","status-publish","format-standard","has-post-thumbnail","hentry","category-blog-lv036","category-blogger","category-la-voz-de-hellin","category-la-voz-de-hellin-la-voz-de-hellin","category-noticias"],"_links":{"self":[{"href":"https:\/\/lavozdehellin.com\/noticias\/wp-json\/wp\/v2\/posts\/152132","targetHints":{"allow":["GET"]}}],"collection":[{"href":"https:\/\/lavozdehellin.com\/noticias\/wp-json\/wp\/v2\/posts"}],"about":[{"href":"https:\/\/lavozdehellin.com\/noticias\/wp-json\/wp\/v2\/types\/post"}],"author":[{"embeddable":true,"href":"https:\/\/lavozdehellin.com\/noticias\/wp-json\/wp\/v2\/users\/2"}],"replies":[{"embeddable":true,"href":"https:\/\/lavozdehellin.com\/noticias\/wp-json\/wp\/v2\/comments?post=152132"}],"version-history":[{"count":0,"href":"https:\/\/lavozdehellin.com\/noticias\/wp-json\/wp\/v2\/posts\/152132\/revisions"}],"wp:featuredmedia":[{"embeddable":true,"href":"https:\/\/lavozdehellin.com\/noticias\/wp-json\/wp\/v2\/media\/152133"}],"wp:attachment":[{"href":"https:\/\/lavozdehellin.com\/noticias\/wp-json\/wp\/v2\/media?parent=152132"}],"wp:term":[{"taxonomy":"category","embeddable":true,"href":"https:\/\/lavozdehellin.com\/noticias\/wp-json\/wp\/v2\/categories?post=152132"},{"taxonomy":"post_tag","embeddable":true,"href":"https:\/\/lavozdehellin.com\/noticias\/wp-json\/wp\/v2\/tags?post=152132"}],"curies":[{"name":"wp","href":"https:\/\/api.w.org\/{rel}","templated":true}]}}