{"id":152157,"date":"2024-08-05T13:06:47","date_gmt":"2024-08-05T11:06:47","guid":{"rendered":"https:\/\/lavozdehellin.com\/noticias\/?p=152157"},"modified":"2024-08-09T20:09:22","modified_gmt":"2024-08-09T18:09:22","slug":"v08-942-castilla-la-mancha-sigue-avanzando-en-el-uso-eficiente-tanto-del-agua-como-de-la-energia-en-sus-regadios","status":"publish","type":"post","link":"https:\/\/lavozdehellin.com\/noticias\/v08-942-castilla-la-mancha-sigue-avanzando-en-el-uso-eficiente-tanto-del-agua-como-de-la-energia-en-sus-regadios\/","title":{"rendered":"LVH NOTICIAS | CASTILLA-LA MANCHA SIGUE AVANZANDO EN EL USO EFICIENTE TANTO DEL AGUA COMO DE LA ENERG\u00cdA EN SUS REGAD\u00cdOS"},"content":{"rendered":"<p style=\"text-align: justify;\">Nota de prensa. &#8211; Visita a la Comunidad de Regantes La Horca-Agram\u00f3n<\/p>\n<p><!--more--><br \/>\n<!--publicidad-voz01--><a href=\"https:\/\/www.facebook.com\/SoloRadioHellin\/?locale=es_ES\"><img decoding=\"async\" class=\"alignnone size-medium\" src=\"https:\/\/blogger.googleusercontent.com\/img\/b\/R29vZ2xl\/AVvXsEiNncirNnyGedv00mhjZjh5Wl4_YPdJGanoAl8tL8zH-HwqE8uHqjEfSt340RHdx-9tuCSIkZ8rFamZiGyYlgDGxCsmXjCH_1xk5eYM3ntFZRvJP_jndOKR7w1UAo9Tu0vrZyOLfqRpHIxYI5SymJJ-pfGCQw6QVpggBH-UgfjiFQ2JOxqxG0Jx94kW83c\/s1600\/logo-principal.jpg\" width=\"100%\" height=\"100\" \/><\/a><!--bestpublic-voz01--><!--desk-in-out-voz01--><br \/>\n<!--publicidad-voz02--><a href=\"https:\/\/www.hellincf.com\/\"><img decoding=\"async\" class=\"alignnone size-medium\" src=\"https:\/\/blogger.googleusercontent.com\/img\/b\/R29vZ2xl\/AVvXsEhuZ4-XfBVj3UtdP8-RZugy3WVrg-Zv28c53m4oV47qYCxL1rX_dqWX_YddsGSnpH5SRDqZ7bZeKPIfDVCDncpjVlhy3aQs2vojcJBn7Gdv9hC2_Nzct_pRFrnFE1a7KTCdY1bT_kAgnY3-iadRZrGeJf1fR2P5fu11bokx0pWjaypoy-ctwCjklldpEbA\/s1600\/logo-principal7.jpg\" width=\"100%\" height=\"100\" \/><\/a><!--bestpublic-voz02--><!--desk-in-out-voz02--><\/p>\n<p style=\"text-align: justify;\">Castilla-La Mancha sigue avanzando en el uso eficiente tanto del agua como de la energ\u00eda en sus regad\u00edos<\/p>\n<p style=\"text-align: justify;\">El proyecto de esta Comunidad de Regantes va a permitir modernizar casi 300 hect\u00e1reas de cultivos con una inversi\u00f3n de 1,7 millones de euros y una ayuda del Gobierno regional del 70 por ciento.<\/p>\n<p style=\"text-align: justify;\">El consejero de Agricultura ha informado de que la C.R. La Horca-Agram\u00f3n y la SAT Mayorazgo Agram\u00f3n, actualmente integrada en la primera, han contado con otros dos expedientes de la convocatoria de 2019 que han sumado 1,6 millones de euros en ayudas, para casi cuatro millones de inversi\u00f3n.<\/p>\n<p style=\"text-align: justify;\">Mart\u00ednez Liz\u00e1n ha recordado que el Gobierno regional mantiene un compromiso firme tanto con el regad\u00edo como con la mejora del uso del agua, lo que se ha traducido en la ampliaci\u00f3n del cr\u00e9dito disponible para la \u00faltima convocatoria de transformaci\u00f3n y modernizaci\u00f3n de regad\u00edo, pasando de 15,3 a 34,6 millones de euros.<\/p>\n<p style=\"text-align: justify;\">El Gobierno de Castilla-La Mancha quiere seguir avanzando en el uso eficiente tanto del agua como de la energ\u00eda en sus regad\u00edos. As\u00ed lo ha manifestado el consejero de Agricultura, Ganader\u00eda y Desarrollo Rural, Juli\u00e1n Mart\u00ednez Liz\u00e1n, durante una visita a la Comunidad de Regantes La Horca-Agram\u00f3n, de la pedan\u00eda de Agram\u00f3n, en Hell\u00edn.<\/p>\n<p style=\"text-align: justify;\">Castilla-La Mancha es una de las regiones que menos riega de Espa\u00f1a, en concreto, un 5,5 por ciento menos que la media. Por este motivo, el Gobierno auton\u00f3mico mantiene un compromiso firme tanto con el regad\u00edo como con la mejora del uso del agua. Un compromiso que se ha traducido en la ampliaci\u00f3n del cr\u00e9dito disponible para la \u00faltima convocatoria de transformaci\u00f3n y modernizaci\u00f3n de regad\u00edo, que ha pasado de los 15,3 millones de euros iniciales, a 34,6.<\/p>\n<p style=\"text-align: justify;\">Mart\u00ednez Liz\u00e1n ha apuntado que para el Gobierno del presidente Garc\u00eda-Page es \u201cimprescindible incentivar las inversiones en infraestructuras que supongan una modernizaci\u00f3n de regad\u00edos y que permitan ahorrar agua en una regi\u00f3n que se caracteriza por la escasez de lluvias\u201d, para conseguir tanto el buen estado de las masas de agua, como la utilizaci\u00f3n responsable de los recursos naturales.<\/p>\n<p style=\"text-align: justify;\">A su vez, las solicitudes presentadas en la \u00faltima convocatoria de modernizaci\u00f3n y transformaci\u00f3n de regad\u00edo son una muestra de la voluntad de los regantes de Castilla-La Mancha de llevar a cabo mejoras en sus instalaciones para lograr un uso m\u00e1s eficiente del agua y la energ\u00eda en sus regad\u00edos. Son actuaciones que promueven la modernizaci\u00f3n y mejora del uso del agua en los regad\u00edos existentes, la utilizaci\u00f3n de nuevas tecnolog\u00edas o la puesta en riego de nuevas superficies.<\/p>\n<p style=\"text-align: justify;\">Modernizaci\u00f3n en la C.R. La Horca-Agram\u00f3n<\/p>\n<p style=\"text-align: justify;\">Un ejemplo de esta modernizaci\u00f3n es el proyecto que va a ejecutar la C.R. La Horca-Agram\u00f3n, de la pedan\u00eda de Agram\u00f3n, en Hell\u00edn, que va a ser una de las beneficiarias de la convocatoria de ayudas para la modernizaci\u00f3n y transformaci\u00f3n de regad\u00edos de Castilla-La Mancha. Es uno de los 68 proyectos que se van a llevar a cabo y que abarcan casi 22.000 hect\u00e1reas, beneficiando a unos 16.000 agricultores que son socios-comuneros. En total, las Comunidades de Regantes beneficiadas van a invertir 45,6 millones de euros, contando con 34,6 millones de euros de ayuda p\u00fablica.<\/p>\n<p style=\"text-align: justify;\">La C.R. La Horca-Agram\u00f3n recib\u00eda hace apenas un mes la resoluci\u00f3n aprobatoria para poner en marcha un proyecto que va a permitir modernizar 300 hect\u00e1reas de cultivos, de las m\u00e1s de 760 hect\u00e1reas de regad\u00edo con que cuenta. Se trata de una inversi\u00f3n de 1,7 millones de euros, con una ayuda de 1,1 millones, el 70 por ciento del total, que incluye la instalaci\u00f3n de placas solares para el sondeo de Mingogil-Villarones en su ubicaci\u00f3n original, su equipaci\u00f3n y una tuber\u00eda de conexi\u00f3n hasta la conducci\u00f3n principal, que sube de la toma del r\u00edo Mundo.<\/p>\n<p style=\"text-align: justify;\">Adem\u00e1s, seg\u00fan ha informado el consejero, estas hect\u00e1reas se transformaron gracias a la convocatoria de 2019, cuando pertenec\u00edan a la SAT Mayorazgo Agram\u00f3n, actualmente integrada en la Comunidad de Regantes La Horca-Agram\u00f3n. Ese expediente para la transformaci\u00f3n de secano a regad\u00edo e instalaci\u00f3n fotovoltaica cont\u00f3 con una inversi\u00f3n de 2,6 millones de euros y una ayuda de un mill\u00f3n. A su vez, la C.R. La Horca-Agram\u00f3n recibi\u00f3 en 2022 m\u00e1s de 600.000 euros de ayuda de la convocatoria de modernizaci\u00f3n de 2019, para un proyecto que cont\u00f3 con una inversi\u00f3n de 1,3 millones.<\/p>\n<p style=\"text-align: justify;\">Mart\u00ednez Liz\u00e1n ha recordado que \u201cel regad\u00edo permite que las explotaciones agr\u00edcolas sean m\u00e1s rentables y generen empleo, fijando mano de obra en el medio rural\u201d. El consejero ha puesto como ejemplo a Agram\u00f3n: \u201cesperamos que el proyecto de modernizaci\u00f3n contribuya a crear puestos de trabajo y asentar poblaci\u00f3n\u201d.<\/p>\n<p><!--publicidad-voz03--><a href=\"https:\/\/www.facebook.com\/profile.php?id=100063593791305&amp;locale=es_ES\"><img decoding=\"async\" class=\"alignnone size-medium\" src=\"https:\/\/blogger.googleusercontent.com\/img\/b\/R29vZ2xl\/AVvXsEi8_n_ll8UOcGxCqzFvb_9Io4ICczlGC990BPtPj2w9Px-u7B3oqWUW5vtjZUqPNJ-nyjiUIorE0ATsib_l5tV8BVN-UJ03RTnU__IHJF_4DgDBtY4LIqXNG-FomrO-7ywes20CBCRM2Hcm7EJSh3UUw1dO-c_uTflUrtgY1i7uBRezj_DpympmEFkfbQY\/s1600\/logo-principal2.jpg\" width=\"100%\" height=\"100\" \/><\/a><!--bestpublic-voz03--><!--desk-in-out-voz03--><br \/>\n<!--publicidad-voz04--><a href=\"https:\/\/www.facebook.com\/profile.php?id=61557370768692&amp;locale=es_ES\"><img decoding=\"async\" class=\"alignnone size-medium\" src=\"https:\/\/blogger.googleusercontent.com\/img\/b\/R29vZ2xl\/AVvXsEgy5RdcfffrnrItnYTcV9bCJjgJwldsQLWssfVfrLbyfXeBNTFKgBf0rMIvhrUaGUhiXzVr9_eQgCbi-j63ZDpfTvLIty9w7s140y-m1yHe7eKmEK7v2NAHUJDVYGdfeiQFeRCqUjdwWmN1MX_AUxxz4IVdJ4WIM0APxit8bjWkXzrnEFGqBvW_1F13H1g\/s1600\/logo-principal5.jpg\" width=\"100%\" height=\"100\" \/><\/a><!--bestpublic-voz04--><!--desk-in-out-voz04--><br \/>\n<!--publicidad-voz05--><a href=\"https:\/\/www.facebook.com\/asociaciontamborileroshellin?locale=es_ES\"><img decoding=\"async\" class=\"alignnone size-medium\" src=\"https:\/\/blogger.googleusercontent.com\/img\/b\/R29vZ2xl\/AVvXsEhHEEpZsKK1VpwiYMrS7aE2ujtqIDZoLd4B5wtbiseSU9s2HdTdQfhF84So2XwEB1fv0BLw95GADm6hUl1bkKtzh-eIgVigXONuu_5RxeIMPhjk8q6uNX4EaEHbooKkbu7pCADWPpVJjhKIH5NQSJpWqedC-YBez4QAQeJYokkLot9bhrIaUAeztsGis6M\/s1600\/logo-principal3.jpg\" width=\"100%\" height=\"100\" \/><\/a><!--bestpublic-voz05--><!--desk-in-out-voz05--><br \/>\n<!--publicidad-voz06--><!--bestpublic-voz06--><!--desk-in-out-voz06--><br \/>\n<!--publicidad-voz07--><!--bestpublic-voz07--><!--desk-in-out-voz07--><br \/>\n<!--publicidad-voz08--><!--bestpublic-voz08--><!--desk-in-out-voz08--><br \/>\n<!--publicidad-voz09--><!--bestpublic-voz09--><!--desk-in-out-voz09--><br \/>\n<!--publicidad-voz10--><!--bestpublic-voz10--><!--desk-in-out-voz10--><br \/>\n<!--publicidad-voz11--><!--bestpublic-voz11--><!--desk-in-out-voz11--><br \/>\n<!--publicidad-voz12--><!--bestpublic-voz12--><!--desk-in-out-voz12--><br \/>\n<!--publicidad-voz13--><!--bestpublic-voz13--><!--desk-in-out-voz13--><br \/>\n<!--publicidad-voz14--><!--bestpublic-voz14--><!--desk-in-out-voz14--><br \/>\n<!--publicidad-voz15--><!--bestpublic-voz15--><!--desk-in-out-voz15--><br \/>\n<!--publicidad-voz16--><!--bestpublic-voz16--><!--desk-in-out-voz16--><\/p>\n","protected":false},"excerpt":{"rendered":"<p>Nota de prensa. &#8211; Visita a la Comunidad de Regantes La Horca-Agram\u00f3n<\/p>\n","protected":false},"author":2,"featured_media":152158,"comment_status":"closed","ping_status":"closed","sticky":false,"template":"","format":"standard","meta":{"footnotes":""},"categories":[755,718,715,716,717],"tags":[],"class_list":["post-152157","post","type-post","status-publish","format-standard","has-post-thumbnail","hentry","category-blog-lv036","category-blogger","category-la-voz-de-hellin","category-la-voz-de-hellin-la-voz-de-hellin","category-noticias"],"_links":{"self":[{"href":"https:\/\/lavozdehellin.com\/noticias\/wp-json\/wp\/v2\/posts\/152157","targetHints":{"allow":["GET"]}}],"collection":[{"href":"https:\/\/lavozdehellin.com\/noticias\/wp-json\/wp\/v2\/posts"}],"about":[{"href":"https:\/\/lavozdehellin.com\/noticias\/wp-json\/wp\/v2\/types\/post"}],"author":[{"embeddable":true,"href":"https:\/\/lavozdehellin.com\/noticias\/wp-json\/wp\/v2\/users\/2"}],"replies":[{"embeddable":true,"href":"https:\/\/lavozdehellin.com\/noticias\/wp-json\/wp\/v2\/comments?post=152157"}],"version-history":[{"count":0,"href":"https:\/\/lavozdehellin.com\/noticias\/wp-json\/wp\/v2\/posts\/152157\/revisions"}],"wp:featuredmedia":[{"embeddable":true,"href":"https:\/\/lavozdehellin.com\/noticias\/wp-json\/wp\/v2\/media\/152158"}],"wp:attachment":[{"href":"https:\/\/lavozdehellin.com\/noticias\/wp-json\/wp\/v2\/media?parent=152157"}],"wp:term":[{"taxonomy":"category","embeddable":true,"href":"https:\/\/lavozdehellin.com\/noticias\/wp-json\/wp\/v2\/categories?post=152157"},{"taxonomy":"post_tag","embeddable":true,"href":"https:\/\/lavozdehellin.com\/noticias\/wp-json\/wp\/v2\/tags?post=152157"}],"curies":[{"name":"wp","href":"https:\/\/api.w.org\/{rel}","templated":true}]}}