{"id":152202,"date":"2024-08-07T15:50:33","date_gmt":"2024-08-07T13:50:33","guid":{"rendered":"https:\/\/lavozdehellin.com\/noticias\/?p=152202"},"modified":"2024-08-10T21:17:16","modified_gmt":"2024-08-10T19:17:16","slug":"v08-950-actividad-de-la-policia-local-de-hellin-del-29-07-2024-al-04-08-2024","status":"publish","type":"post","link":"https:\/\/lavozdehellin.com\/noticias\/v08-950-actividad-de-la-policia-local-de-hellin-del-29-07-2024-al-04-08-2024\/","title":{"rendered":"LVH NOTICIAS | ACTIVIDAD DE LA POLICIA LOCAL DE HELLIN DEL 29\/07\/2024 AL 04\/08\/2024"},"content":{"rendered":"<p style=\"text-align: justify;\">COMUNICADO DE PRENSA &#8211; ACTIVIDAD DE LA POLICIA LOCAL DE HELLIN DEL 29\/07\/2024 AL 04\/08\/2024<\/p>\n<p><!--more--><br \/>\n<!--publicidad-voz01--><a href=\"https:\/\/www.facebook.com\/SoloRadioHellin\/?locale=es_ES\"><img decoding=\"async\" class=\"alignnone size-medium\" src=\"https:\/\/blogger.googleusercontent.com\/img\/b\/R29vZ2xl\/AVvXsEiNncirNnyGedv00mhjZjh5Wl4_YPdJGanoAl8tL8zH-HwqE8uHqjEfSt340RHdx-9tuCSIkZ8rFamZiGyYlgDGxCsmXjCH_1xk5eYM3ntFZRvJP_jndOKR7w1UAo9Tu0vrZyOLfqRpHIxYI5SymJJ-pfGCQw6QVpggBH-UgfjiFQ2JOxqxG0Jx94kW83c\/s1600\/logo-principal.jpg\" width=\"100%\" height=\"100\" \/><\/a><!--bestpublic-voz01--><!--desk-in-out-voz01--><br \/>\n<!--publicidad-voz02--><a href=\"https:\/\/www.hellincf.com\/\"><img decoding=\"async\" class=\"alignnone size-medium\" src=\"https:\/\/blogger.googleusercontent.com\/img\/b\/R29vZ2xl\/AVvXsEhuZ4-XfBVj3UtdP8-RZugy3WVrg-Zv28c53m4oV47qYCxL1rX_dqWX_YddsGSnpH5SRDqZ7bZeKPIfDVCDncpjVlhy3aQs2vojcJBn7Gdv9hC2_Nzct_pRFrnFE1a7KTCdY1bT_kAgnY3-iadRZrGeJf1fR2P5fu11bokx0pWjaypoy-ctwCjklldpEbA\/s1600\/logo-principal7.jpg\" width=\"100%\" height=\"100\" \/><\/a><!--bestpublic-voz02--><!--desk-in-out-voz02--><\/p>\n<p style=\"text-align: justify;\">INCIDENCIAS Y ACTUACIONES<\/p>\n<p style=\"text-align: justify;\">Se da cumplimiento a los operativos establecidos por Jefatura de Polic\u00eda Local cubriendo los eventos programados en las pedan\u00edas de Torre Uchea, Agra, Ca\u00f1ada de Agra y Las Minas; as\u00ed como el evento cultural \u201cCine de verano\u201d, que tuvo lugar en la explanada del barrio del Calvario. No cabe destacar incidencia alguna, desarroll\u00e1ndose todos ellos con normalidad.<\/p>\n<p style=\"text-align: justify;\">Se interviene en un incendio de un veh\u00edculo estacionado, procediendo a establecer un per\u00edmetro de seguridad en la zona, siendo sofocado dicho incendio por los Bomberos del SEPEI. Hay que destacar que no se producen da\u00f1os personales, pero s\u00ed mencionar da\u00f1os materiales, tanto en el turismo incendiado, como en otro estacionado pr\u00f3ximo al lugar.<\/p>\n<p style=\"text-align: justify;\">Tambi\u00e9n es necesaria la intervenci\u00f3n de los bomberos del SEPEI para sofocar el incendio en una zona de matorral junto a unos contenedores destinados al dep\u00f3sito de basura org\u00e1nica. Igualmente en el desprendimiento de cascotes de una fachada de un edificio y por la ca\u00edda de una rama de un \u00e1rbol en el interior del Parque Municipal. Por parte de los agentes se procede a acordonar y se\u00f1alizar las zonas afectadas para seguridad de los viandantes.<\/p>\n<p style=\"text-align: justify;\">Se interviene en otras materias sobre animales extraviados, perros sueltos, arrojar agua sucia a la v\u00eda p\u00fablica; as\u00ed como atendiendo diversas anomal\u00edas e incidencias como aver\u00edas el\u00e9ctricas, se\u00f1ales de tr\u00e1fico y mobiliario urbano en mal estado.<\/p>\n<p style=\"text-align: justify;\">SEGURIDAD CIUDADANA<\/p>\n<p style=\"text-align: justify;\">Se contin\u00faa trabajando de manera preventiva en materia de seguridad ciudadana en Hell\u00edn, pedan\u00edas, zonas de extrarradios e industriales.<\/p>\n<p style=\"text-align: justify;\">A requerimiento de los ciudadanos o bien por iniciativa propia de los agentes, se atienden diversas intervenciones por conflictos privados entre ciudadanos, por: violencia de g\u00e9nero; pelea en local y en v\u00eda p\u00fablica; por lesiones; en la b\u00fasqueda de persona desaparecida; robo en establecimiento, aviso por salto de alarma en un edificio p\u00fablico; y amenazas.<\/p>\n<p style=\"text-align: justify;\">En el habitual operativo para la correcta celebraci\u00f3n de los mercadillos habituales semanales en Hell\u00edn e Isso, es continua la presencia de la Polic\u00eda Local en la vigilancia y control de estacionamientos prohibidos; revisi\u00f3n de los cortes de acceso; patrullas a pie en prevenci\u00f3n de robos; supervisi\u00f3n del tr\u00e1fico rodado de veh\u00edculos y el tr\u00e1nsito de peatones, con el objetivo de garantizar la seguridad de vendedores y clientes. Tambi\u00e9n se realizan los controles pertinentes, en materia de polic\u00eda administrativa, en el cumplimiento de las ordenanzas municipales.<\/p>\n<p style=\"text-align: justify;\">Desde Jefatura se quiere recordar a la ciudadan\u00eda que la presencia de la Polic\u00eda Local en la comunidad es crucial para mantener un entorno seguro y protegido. Los agentes est\u00e1n comprometidos con el bienestar de los ciudadanos y trabajan para prevenir delitos, as\u00ed como para ofrecer una respuesta r\u00e1pida y eficaz antes situaciones de emergencia, colaborando y asistiendo a los mismos por diferentes causas.<\/p>\n<p style=\"text-align: justify;\">TR\u00c1FICO Y SEGURIDAD VIAL<\/p>\n<p style=\"text-align: justify;\">Se atienden un total de ocho siniestros viales, todos ellos con resultado de da\u00f1os materiales.<\/p>\n<p style=\"text-align: justify;\">Hay que destacar que uno de esos siniestros viales se produce por la salida de v\u00eda de un autob\u00fas; y otro en el que se encuentra implicado un turismo, llegando a producirse el vuelco de este \u00faltimo.<\/p>\n<p style=\"text-align: justify;\">Se instruyen por parte de los agentes las correspondientes diligencias a prevenci\u00f3n. Se prosigue con la vigilancia y gesti\u00f3n del tr\u00e1fico en diferentes puntos del municipio realizando el control de estacionamientos indebidos; as\u00ed como controles de alcohol y drogas en conductores.<\/p>\n<p style=\"text-align: justify;\">Lo que dio lugar a la instrucci\u00f3n por parte de los agentes de las diligencias oportunas, por superar un conductor las tasas de alcoholemia establecidas seg\u00fan la legislaci\u00f3n.<\/p>\n<p style=\"text-align: justify;\">INCUMPLIENTO DE ORDENANZAS MUNICIPALES<\/p>\n<p style=\"text-align: justify;\">Se atienden diversas molestias por ruidos procedentes de viviendas, en v\u00eda p\u00fablica, as\u00ed como otras originadas por establecimientos p\u00fablicos y animales. Seg\u00fan la Ley de Espect\u00e1culos P\u00fablicos, Actividades Recreativas y Establecimientos P\u00fablicos de Castilla la Mancha, diariamente, se contin\u00faa con el control del horario de cierre de terrazas y establecimientos destinados al ocio.<\/p>\n<p style=\"text-align: justify;\">En materia de disciplina urban\u00edstica se da continuidad a la vigilancia obras, precintos y desprecintos.<\/p>\n<p style=\"text-align: justify;\">POLICIA ADMININSTRATIVA<\/p>\n<p style=\"text-align: justify;\">Con la vigilancia en el cumplimiento de las Ordenanzas Municipales, se siguen detectando conductas irresponsables por parte de algunos ciudadanos en el dep\u00f3sito de enseres, muebles, electrodom\u00e9sticos, etc\u00e9tera, en las v\u00edas p\u00fablicas de nuestra ciudad y pedan\u00edas, sin haber realizado el aviso previo pertinente para su recogida por la empresa encargada de ello, que, recordamos, es gratuito.<\/p>\n<p style=\"text-align: justify;\">Algunas de estas actuaciones han derivado en la propuesta para sanci\u00f3n a los responsables.<\/p>\n<p style=\"text-align: justify;\">Desde Jefatura nos vemos en la obligaci\u00f3n de insistir en comunicar a la ciudadan\u00eda que esas conductas conllevan multas significativas; al tiempo que comprometen la est\u00e9tica y la seguridad del entorno urbano, representando un peligro para la salud y bienestar de la comunidad.<\/p>\n<p><!--publicidad-voz03--><a href=\"https:\/\/www.facebook.com\/profile.php?id=100063593791305&amp;locale=es_ES\"><img decoding=\"async\" class=\"alignnone size-medium\" src=\"https:\/\/blogger.googleusercontent.com\/img\/b\/R29vZ2xl\/AVvXsEi8_n_ll8UOcGxCqzFvb_9Io4ICczlGC990BPtPj2w9Px-u7B3oqWUW5vtjZUqPNJ-nyjiUIorE0ATsib_l5tV8BVN-UJ03RTnU__IHJF_4DgDBtY4LIqXNG-FomrO-7ywes20CBCRM2Hcm7EJSh3UUw1dO-c_uTflUrtgY1i7uBRezj_DpympmEFkfbQY\/s1600\/logo-principal2.jpg\" width=\"100%\" height=\"100\" \/><\/a><!--bestpublic-voz03--><!--desk-in-out-voz03--><br \/>\n<!--publicidad-voz04--><a href=\"https:\/\/www.facebook.com\/profile.php?id=61557370768692&amp;locale=es_ES\"><img decoding=\"async\" class=\"alignnone size-medium\" src=\"https:\/\/blogger.googleusercontent.com\/img\/b\/R29vZ2xl\/AVvXsEgy5RdcfffrnrItnYTcV9bCJjgJwldsQLWssfVfrLbyfXeBNTFKgBf0rMIvhrUaGUhiXzVr9_eQgCbi-j63ZDpfTvLIty9w7s140y-m1yHe7eKmEK7v2NAHUJDVYGdfeiQFeRCqUjdwWmN1MX_AUxxz4IVdJ4WIM0APxit8bjWkXzrnEFGqBvW_1F13H1g\/s1600\/logo-principal5.jpg\" width=\"100%\" height=\"100\" \/><\/a><!--bestpublic-voz04--><!--desk-in-out-voz04--><br \/>\n<!--publicidad-voz05--><a href=\"https:\/\/www.facebook.com\/asociaciontamborileroshellin?locale=es_ES\"><img decoding=\"async\" class=\"alignnone size-medium\" src=\"https:\/\/blogger.googleusercontent.com\/img\/b\/R29vZ2xl\/AVvXsEhHEEpZsKK1VpwiYMrS7aE2ujtqIDZoLd4B5wtbiseSU9s2HdTdQfhF84So2XwEB1fv0BLw95GADm6hUl1bkKtzh-eIgVigXONuu_5RxeIMPhjk8q6uNX4EaEHbooKkbu7pCADWPpVJjhKIH5NQSJpWqedC-YBez4QAQeJYokkLot9bhrIaUAeztsGis6M\/s1600\/logo-principal3.jpg\" width=\"100%\" height=\"100\" \/><\/a><!--bestpublic-voz05--><!--desk-in-out-voz05--><br \/>\n<!--publicidad-voz06--><!--bestpublic-voz06--><!--desk-in-out-voz06--><br \/>\n<!--publicidad-voz07--><!--bestpublic-voz07--><!--desk-in-out-voz07--><br \/>\n<!--publicidad-voz08--><!--bestpublic-voz08--><!--desk-in-out-voz08--><br \/>\n<!--publicidad-voz09--><!--bestpublic-voz09--><!--desk-in-out-voz09--><br \/>\n<!--publicidad-voz10--><!--bestpublic-voz10--><!--desk-in-out-voz10--><br \/>\n<!--publicidad-voz11--><!--bestpublic-voz11--><!--desk-in-out-voz11--><br \/>\n<!--publicidad-voz12--><!--bestpublic-voz12--><!--desk-in-out-voz12--><br \/>\n<!--publicidad-voz13--><!--bestpublic-voz13--><!--desk-in-out-voz13--><br \/>\n<!--publicidad-voz14--><!--bestpublic-voz14--><!--desk-in-out-voz14--><br \/>\n<!--publicidad-voz15--><!--bestpublic-voz15--><!--desk-in-out-voz15--><br \/>\n<!--publicidad-voz16--><!--bestpublic-voz16--><!--desk-in-out-voz16--><\/p>\n","protected":false},"excerpt":{"rendered":"<p>COMUNICADO DE PRENSA &#8211; ACTIVIDAD DE LA POLICIA LOCAL DE HELLIN DEL 29\/07\/2024 AL 04\/08\/2024<\/p>\n","protected":false},"author":2,"featured_media":152203,"comment_status":"closed","ping_status":"closed","sticky":false,"template":"","format":"standard","meta":{"footnotes":""},"categories":[755,718,715,716,717],"tags":[],"class_list":["post-152202","post","type-post","status-publish","format-standard","has-post-thumbnail","hentry","category-blog-lv036","category-blogger","category-la-voz-de-hellin","category-la-voz-de-hellin-la-voz-de-hellin","category-noticias"],"_links":{"self":[{"href":"https:\/\/lavozdehellin.com\/noticias\/wp-json\/wp\/v2\/posts\/152202","targetHints":{"allow":["GET"]}}],"collection":[{"href":"https:\/\/lavozdehellin.com\/noticias\/wp-json\/wp\/v2\/posts"}],"about":[{"href":"https:\/\/lavozdehellin.com\/noticias\/wp-json\/wp\/v2\/types\/post"}],"author":[{"embeddable":true,"href":"https:\/\/lavozdehellin.com\/noticias\/wp-json\/wp\/v2\/users\/2"}],"replies":[{"embeddable":true,"href":"https:\/\/lavozdehellin.com\/noticias\/wp-json\/wp\/v2\/comments?post=152202"}],"version-history":[{"count":0,"href":"https:\/\/lavozdehellin.com\/noticias\/wp-json\/wp\/v2\/posts\/152202\/revisions"}],"wp:featuredmedia":[{"embeddable":true,"href":"https:\/\/lavozdehellin.com\/noticias\/wp-json\/wp\/v2\/media\/152203"}],"wp:attachment":[{"href":"https:\/\/lavozdehellin.com\/noticias\/wp-json\/wp\/v2\/media?parent=152202"}],"wp:term":[{"taxonomy":"category","embeddable":true,"href":"https:\/\/lavozdehellin.com\/noticias\/wp-json\/wp\/v2\/categories?post=152202"},{"taxonomy":"post_tag","embeddable":true,"href":"https:\/\/lavozdehellin.com\/noticias\/wp-json\/wp\/v2\/tags?post=152202"}],"curies":[{"name":"wp","href":"https:\/\/api.w.org\/{rel}","templated":true}]}}