{"id":152217,"date":"2024-08-12T09:59:42","date_gmt":"2024-08-12T07:59:42","guid":{"rendered":"https:\/\/lavozdehellin.com\/noticias\/?p=152217"},"modified":"2024-08-17T11:39:04","modified_gmt":"2024-08-17T09:39:04","slug":"v08-952-jesus-angel-rodriguez-y-eva-valera-ganan-los-10-kilometrichos-nocturnos","status":"publish","type":"post","link":"https:\/\/lavozdehellin.com\/noticias\/v08-952-jesus-angel-rodriguez-y-eva-valera-ganan-los-10-kilometrichos-nocturnos\/","title":{"rendered":"LVH NOTICIAS | JES\u00daS \u00c1NGEL RODR\u00cdGUEZ Y EVA VALERA GANAN \u2018LOS 10 KILOMETRICHOS NOCTURNOS\u2019"},"content":{"rendered":"<p style=\"text-align: justify;\">Tarazona de La Mancha vive una nueva fiesta del atletismo popular, con una alt\u00edsima participaci\u00f3n y un pueblo volcado con los atletas<\/p>\n<p><!--more--><br \/>\n<!--publicidad-voz01--><a href=\"https:\/\/www.facebook.com\/SoloRadioHellin\/?locale=es_ES\"><img decoding=\"async\" class=\"alignnone size-medium\" src=\"https:\/\/blogger.googleusercontent.com\/img\/b\/R29vZ2xl\/AVvXsEiNncirNnyGedv00mhjZjh5Wl4_YPdJGanoAl8tL8zH-HwqE8uHqjEfSt340RHdx-9tuCSIkZ8rFamZiGyYlgDGxCsmXjCH_1xk5eYM3ntFZRvJP_jndOKR7w1UAo9Tu0vrZyOLfqRpHIxYI5SymJJ-pfGCQw6QVpggBH-UgfjiFQ2JOxqxG0Jx94kW83c\/s1600\/logo-principal.jpg\" width=\"100%\" height=\"100\" \/><\/a><!--bestpublic-voz01--><!--desk-in-out-voz01--><br \/>\n<!--publicidad-voz02--><a href=\"https:\/\/www.hellincf.com\/\"><img decoding=\"async\" class=\"alignnone size-medium\" src=\"https:\/\/blogger.googleusercontent.com\/img\/b\/R29vZ2xl\/AVvXsEhuZ4-XfBVj3UtdP8-RZugy3WVrg-Zv28c53m4oV47qYCxL1rX_dqWX_YddsGSnpH5SRDqZ7bZeKPIfDVCDncpjVlhy3aQs2vojcJBn7Gdv9hC2_Nzct_pRFrnFE1a7KTCdY1bT_kAgnY3-iadRZrGeJf1fR2P5fu11bokx0pWjaypoy-ctwCjklldpEbA\/s1600\/logo-principal7.jpg\" width=\"100%\" height=\"100\" \/><\/a><!--bestpublic-voz02--><!--desk-in-out-voz02--><\/p>\n<p style=\"text-align: justify;\">Jes\u00fas \u00c1ngel Rodr\u00edguez S\u00e1nchez (Club de Atletismo Albacete-Diputaci\u00f3n) y Eva Valera Garc\u00eda (Club de Atletismo 27 de Agosto de Madrigueras) se anotaron la XXIII Carrera Popular \u2018Los 10 Kilometrichos Nocturnos\u2019 de Tarazona de La Mancha, 30\u00aa cita del Circuito Provincial de Carreras Populares que organiza la Diputaci\u00f3n de Albacete.<\/p>\n<p style=\"text-align: justify;\">481 corredores completaron la prueba nocturna de 10 kil\u00f3metros en Tarazona de La Mancha, m\u00e1s otros 98 atletas terminaron la carrera de 5 kil\u00f3metros. Cifras superiores al a\u00f1o anterior que ponen en evidencia la buena acogida de esta carrera, propiciada por una gran organizaci\u00f3n, muchos puntos de avituallamientos para calmar el calor de los corredores en una noche veraniega y una estupenda animaci\u00f3n a lo largo de todo el recorrido por las calles de la localidad, con un pueblo volcado con los atletas.<\/p>\n<p style=\"text-align: justify;\">La tercera victoria de la temporada de Jes\u00fas \u00c1ngel Rodr\u00edguez S\u00e1nchez lleg\u00f3 en Tarazona de La Mancha, tras una bonita pugna con corredores como Andr\u00e9s Mic\u00f3, Diego D\u00edaz, Javier Mart\u00ednez u \u00d3scar V\u00edllora. El corredor del C.A. Albacete-Diputaci\u00f3n logr\u00f3 irse en solitario y cogi\u00f3 una ventaja que fue definitiva. Por detr\u00e1s, \u2018El Vaquero de Villena\u2019 subi\u00f3 al segundo caj\u00f3n del p\u00f3dium, mientras que la tercera posici\u00f3n fue para Diego D\u00edaz \u2018Pataliebre\u2019, un atleta que este mismo a\u00f1o se ha proclamado subcampe\u00f3n del mundo de SkySnow.<\/p>\n<p style=\"text-align: justify;\">En la categor\u00eda femenina lleg\u00f3 un nuevo triunfo de Eva Valera Garc\u00eda, el und\u00e9cimo en esta edici\u00f3n del Circuito Provincial. La corredora de Madrigueras aventaj\u00f3 en 48 segundos a la ganadora del a\u00f1o 2022, Mar\u00eda del Carmen Risue\u00f1o S\u00e1nchez. La joven Paula Fern\u00e1ndez complet\u00f3 el p\u00f3dium femenino, con otra joven Sub-25, Gema Rodr\u00edguez, en la cuarta posici\u00f3n, mientras que Irene Requena cerr\u00f3 el Top 5 en Tarazona de La Mancha.<\/p>\n<p style=\"text-align: justify;\">En la prueba de \u2018Los 5 Kil\u00f3metrichos Nocturnos\u2019 los tres primeros de la categor\u00eda masculina fueron Pedro Luj\u00e1n Parre\u00f1o (Team Globeros), Jos\u00e9 Antonio Garc\u00eda Alfaro (C.D.A. P\u00e9trola-Partisanos Trail) y Mois\u00e9s Vivas Moreno (C.A. Abogados Albacete). En la categor\u00eda femenina, la campeona fue Ascen Ortiz Salvador (Independiente), acompa\u00f1ada en el p\u00f3dium por Ester Blanco L\u00f3pez (Independiente) y Mar\u00eda del Carmen L\u00f3pez Mart\u00ednez (Piratas Running Albacete-Clini).<\/p>\n<p style=\"text-align: justify;\">En la ceremonia final se repartieron numerosos premios y obsequios. La Organizaci\u00f3n entreg\u00f3 un premio especial a la empresa \u2018Cebollas Consuay\u2019 en reconocimiento a su colaboraci\u00f3n con esta carrera. Tambi\u00e9n hubo dos premios especiales a Mauricio Serrano Rubio y Juan Ignacio Bautista, dos personas que han activado la secci\u00f3n de senderismo del C.A. Tarazona, creando un gran calendario de salidas senderistas a lo largo del a\u00f1o, implic\u00e1ndose y fomentando este deporte. Los tres clubes m\u00e1s numerosos fueron C.A. 27 de Agosto Madrigueras, C.A. Kronos y ADGC Albacete. El Premio de la Hermandad de Donantes de Sangre de Albacete a la posici\u00f3n 71 en la l\u00ednea de meta fue para Francisco Fern\u00e1ndez Castillo (C.A. La Ca\u00f1ada-La Roda).<\/p>\n<p style=\"text-align: justify;\">Minaya, siguiente parada<\/p>\n<p style=\"text-align: justify;\">El XXIII Circuito Provincial de Carreras Populares que organiza la Diputaci\u00f3n de Albacete viajar\u00e1 el pr\u00f3ximo fin de semana hasta la localidad de Minaya, donde se disputar\u00e1 su XII Carrera Popular 10K. Esta prueba arrancar\u00e1 el domingo d\u00eda 18 de agosto a partir de las 09:30 horas desde el Parque Col\u00f3n. Conjuntamente se desarrollar\u00e1 la Carrera Popular 5K. Las inscripciones para esta carrera est\u00e1n abiertas hasta el pr\u00f3ximo jueves d\u00eda 15 de agosto a las 14:00 horas.<\/p>\n<p style=\"text-align: justify;\">CLASIFICACIONES XXIII CARRERA POPULAR DE TARAZONA<\/p>\n<p style=\"text-align: justify;\">&#8211; HOMBRES &#8211;<\/p>\n<p style=\"text-align: justify;\">Nombre Club Tiempo Ritmo<\/p>\n<p style=\"text-align: justify;\">1\u00ba.- Jes\u00fas \u00c1. Rodr\u00edguez S\u00e1nchez C.A. Albacete-Diputaci\u00f3n 31:58 3:12<\/p>\n<p style=\"text-align: justify;\">2\u00ba.- Andr\u00e9s Mic\u00f3 Mart\u00ednez Kil\u00f3metro 42 32:40 3:16<\/p>\n<p style=\"text-align: justify;\">3\u00ba.- Diego D\u00edaz Ortega Independiente 33:02 3:18<\/p>\n<p style=\"text-align: justify;\">4\u00ba.- Javier Mart\u00ednez Gonz\u00e1lez San Blas Elche de la Sierra 33:44 3:22<\/p>\n<p style=\"text-align: justify;\">5\u00ba.- \u00d3scar V\u00edllora Mart\u00ednez 27 Agosto Madrigueras 34:23 3:26<\/p>\n<p style=\"text-align: justify;\">6\u00ba.- David Morcillo Garc\u00eda C.A. Chinchilla 34:45 3:29<\/p>\n<p style=\"text-align: justify;\">7\u00ba.- \u00c1ngel Cuartero Castillo C.A. Tarazona 34:59 3:30<\/p>\n<p style=\"text-align: justify;\">8\u00ba.- Ra\u00fal Picazo Carrilero Independiente 35:32 3:33<\/p>\n<p style=\"text-align: justify;\">9\u00ba.- Jos\u00e9 Enrique Aroca Lis C.A. Albacete-Diputaci\u00f3n 35:54 3:35<\/p>\n<p style=\"text-align: justify;\">10\u00ba.- Pablo Cuesta Valera Bicha Runners Balazote 36:03 3:36<\/p>\n<p style=\"text-align: justify;\">&#8211; MUJERES &#8211;<\/p>\n<p style=\"text-align: justify;\">Nombre Club Tiempo Ritmo<\/p>\n<p style=\"text-align: justify;\">1\u00aa.- Eva Valera Garc\u00eda 27 Agosto Madrigueras 40:21 4:02<\/p>\n<p style=\"text-align: justify;\">2\u00aa.- M\u00aa Carmen Risue\u00f1o S\u00e1nchez C.A. Kronos 41:09 4:07<\/p>\n<p style=\"text-align: justify;\">3\u00aa.- Paula Fern\u00e1ndez Javega EQTR-Rodacal Beyem 42:08 4:13<\/p>\n<p style=\"text-align: justify;\">4\u00aa.- Gema Rodr\u00edguez S\u00e1nchez C.A. Albacete-Diputaci\u00f3n 42:29 4:15<\/p>\n<p style=\"text-align: justify;\">5\u00aa.- Irene Requena Navarro CAYT Valdeganga 43:25 4:21<\/p>\n<p style=\"text-align: justify;\">6\u00aa.- M\u00aa Jos\u00e9 Larrey Tendero 27 Agosto Madrigueras 44:20 4:26<\/p>\n<p style=\"text-align: justify;\">7\u00aa.- Isabel Piqueras Marimbaldo C.A. Quart de Poblet 44:39 4:28<\/p>\n<p style=\"text-align: justify;\">8\u00aa.- Sonia Moreno Mass\u00f3 Don Quijote Albacete 45:05 4:30<\/p>\n<p style=\"text-align: justify;\">9\u00aa.- Nuria L\u00f3pez Poveda Los Keniatas 45:16 4:32<\/p>\n<p style=\"text-align: justify;\">10\u00aa.- M\u00aa Dolores Picazo L\u00f3pez Independiente 45:41 4:34<\/p>\n<p><!--publicidad-voz03--><a href=\"https:\/\/www.facebook.com\/profile.php?id=100063593791305&amp;locale=es_ES\"><img decoding=\"async\" class=\"alignnone size-medium\" src=\"https:\/\/blogger.googleusercontent.com\/img\/b\/R29vZ2xl\/AVvXsEi8_n_ll8UOcGxCqzFvb_9Io4ICczlGC990BPtPj2w9Px-u7B3oqWUW5vtjZUqPNJ-nyjiUIorE0ATsib_l5tV8BVN-UJ03RTnU__IHJF_4DgDBtY4LIqXNG-FomrO-7ywes20CBCRM2Hcm7EJSh3UUw1dO-c_uTflUrtgY1i7uBRezj_DpympmEFkfbQY\/s1600\/logo-principal2.jpg\" width=\"100%\" height=\"100\" \/><\/a><!--bestpublic-voz03--><!--desk-in-out-voz03--><br \/>\n<!--publicidad-voz04--><a href=\"https:\/\/www.facebook.com\/profile.php?id=61557370768692&amp;locale=es_ES\"><img decoding=\"async\" class=\"alignnone size-medium\" src=\"https:\/\/blogger.googleusercontent.com\/img\/b\/R29vZ2xl\/AVvXsEgy5RdcfffrnrItnYTcV9bCJjgJwldsQLWssfVfrLbyfXeBNTFKgBf0rMIvhrUaGUhiXzVr9_eQgCbi-j63ZDpfTvLIty9w7s140y-m1yHe7eKmEK7v2NAHUJDVYGdfeiQFeRCqUjdwWmN1MX_AUxxz4IVdJ4WIM0APxit8bjWkXzrnEFGqBvW_1F13H1g\/s1600\/logo-principal5.jpg\" width=\"100%\" height=\"100\" \/><\/a><!--bestpublic-voz04--><!--desk-in-out-voz04--><br \/>\n<!--publicidad-voz05--><a href=\"https:\/\/www.facebook.com\/asociaciontamborileroshellin?locale=es_ES\"><img decoding=\"async\" class=\"alignnone size-medium\" src=\"https:\/\/blogger.googleusercontent.com\/img\/b\/R29vZ2xl\/AVvXsEhHEEpZsKK1VpwiYMrS7aE2ujtqIDZoLd4B5wtbiseSU9s2HdTdQfhF84So2XwEB1fv0BLw95GADm6hUl1bkKtzh-eIgVigXONuu_5RxeIMPhjk8q6uNX4EaEHbooKkbu7pCADWPpVJjhKIH5NQSJpWqedC-YBez4QAQeJYokkLot9bhrIaUAeztsGis6M\/s1600\/logo-principal3.jpg\" width=\"100%\" height=\"100\" \/><\/a><!--bestpublic-voz05--><!--desk-in-out-voz05--><br \/>\n<!--publicidad-voz06--><!--bestpublic-voz06--><!--desk-in-out-voz06--><br \/>\n<!--publicidad-voz07--><!--bestpublic-voz07--><!--desk-in-out-voz07--><br \/>\n<!--publicidad-voz08--><!--bestpublic-voz08--><!--desk-in-out-voz08--><br \/>\n<!--publicidad-voz09--><!--bestpublic-voz09--><!--desk-in-out-voz09--><br \/>\n<!--publicidad-voz10--><!--bestpublic-voz10--><!--desk-in-out-voz10--><br \/>\n<!--publicidad-voz11--><!--bestpublic-voz11--><!--desk-in-out-voz11--><br \/>\n<!--publicidad-voz12--><!--bestpublic-voz12--><!--desk-in-out-voz12--><br \/>\n<!--publicidad-voz13--><!--bestpublic-voz13--><!--desk-in-out-voz13--><br \/>\n<!--publicidad-voz14--><!--bestpublic-voz14--><!--desk-in-out-voz14--><br \/>\n<!--publicidad-voz15--><!--bestpublic-voz15--><!--desk-in-out-voz15--><br \/>\n<!--publicidad-voz16--><!--bestpublic-voz16--><!--desk-in-out-voz16--><\/p>\n","protected":false},"excerpt":{"rendered":"<p>Tarazona de La Mancha vive una nueva fiesta del atletismo popular, con una alt\u00edsima participaci\u00f3n y un pueblo volcado con los atletas<\/p>\n","protected":false},"author":2,"featured_media":152218,"comment_status":"closed","ping_status":"closed","sticky":false,"template":"","format":"standard","meta":{"footnotes":""},"categories":[755,718,715,716,717],"tags":[],"class_list":["post-152217","post","type-post","status-publish","format-standard","has-post-thumbnail","hentry","category-blog-lv036","category-blogger","category-la-voz-de-hellin","category-la-voz-de-hellin-la-voz-de-hellin","category-noticias"],"_links":{"self":[{"href":"https:\/\/lavozdehellin.com\/noticias\/wp-json\/wp\/v2\/posts\/152217","targetHints":{"allow":["GET"]}}],"collection":[{"href":"https:\/\/lavozdehellin.com\/noticias\/wp-json\/wp\/v2\/posts"}],"about":[{"href":"https:\/\/lavozdehellin.com\/noticias\/wp-json\/wp\/v2\/types\/post"}],"author":[{"embeddable":true,"href":"https:\/\/lavozdehellin.com\/noticias\/wp-json\/wp\/v2\/users\/2"}],"replies":[{"embeddable":true,"href":"https:\/\/lavozdehellin.com\/noticias\/wp-json\/wp\/v2\/comments?post=152217"}],"version-history":[{"count":0,"href":"https:\/\/lavozdehellin.com\/noticias\/wp-json\/wp\/v2\/posts\/152217\/revisions"}],"wp:featuredmedia":[{"embeddable":true,"href":"https:\/\/lavozdehellin.com\/noticias\/wp-json\/wp\/v2\/media\/152218"}],"wp:attachment":[{"href":"https:\/\/lavozdehellin.com\/noticias\/wp-json\/wp\/v2\/media?parent=152217"}],"wp:term":[{"taxonomy":"category","embeddable":true,"href":"https:\/\/lavozdehellin.com\/noticias\/wp-json\/wp\/v2\/categories?post=152217"},{"taxonomy":"post_tag","embeddable":true,"href":"https:\/\/lavozdehellin.com\/noticias\/wp-json\/wp\/v2\/tags?post=152217"}],"curies":[{"name":"wp","href":"https:\/\/api.w.org\/{rel}","templated":true}]}}