{"id":152226,"date":"2024-08-13T18:21:36","date_gmt":"2024-08-13T16:21:36","guid":{"rendered":"https:\/\/lavozdehellin.com\/noticias\/?p=152226"},"modified":"2024-08-17T11:39:03","modified_gmt":"2024-08-17T09:39:03","slug":"v08-955-actividad-de-la-policia-local-de-hellin-del-5-08-2024-al-11-08-2024","status":"publish","type":"post","link":"https:\/\/lavozdehellin.com\/noticias\/v08-955-actividad-de-la-policia-local-de-hellin-del-5-08-2024-al-11-08-2024\/","title":{"rendered":"LVH NOTICIAS | ACTIVIDAD DE LA POLICIA LOCAL DE HELLIN DEL 5\/08\/2024 AL 11\/08\/2024"},"content":{"rendered":"<p style=\"text-align: justify;\">COMUNICADO DE PRENSA &#8211; ACTIVIDAD DE LA POLICIA LOCAL DE HELLIN DEL 5\/08\/2024 AL 11\/08\/2024<\/p>\n<p><!--more--><br \/>\n<!--publicidad-voz01--><a href=\"https:\/\/www.facebook.com\/SoloRadioHellin\/?locale=es_ES\"><img decoding=\"async\" class=\"alignnone size-medium\" src=\"https:\/\/blogger.googleusercontent.com\/img\/b\/R29vZ2xl\/AVvXsEiNncirNnyGedv00mhjZjh5Wl4_YPdJGanoAl8tL8zH-HwqE8uHqjEfSt340RHdx-9tuCSIkZ8rFamZiGyYlgDGxCsmXjCH_1xk5eYM3ntFZRvJP_jndOKR7w1UAo9Tu0vrZyOLfqRpHIxYI5SymJJ-pfGCQw6QVpggBH-UgfjiFQ2JOxqxG0Jx94kW83c\/s1600\/logo-principal.jpg\" width=\"100%\" height=\"100\" \/><\/a><!--bestpublic-voz01--><!--desk-in-out-voz01--><br \/>\n<!--publicidad-voz02--><a href=\"https:\/\/www.hellincf.com\/\"><img decoding=\"async\" class=\"alignnone size-medium\" src=\"https:\/\/blogger.googleusercontent.com\/img\/b\/R29vZ2xl\/AVvXsEhuZ4-XfBVj3UtdP8-RZugy3WVrg-Zv28c53m4oV47qYCxL1rX_dqWX_YddsGSnpH5SRDqZ7bZeKPIfDVCDncpjVlhy3aQs2vojcJBn7Gdv9hC2_Nzct_pRFrnFE1a7KTCdY1bT_kAgnY3-iadRZrGeJf1fR2P5fu11bokx0pWjaypoy-ctwCjklldpEbA\/s1600\/logo-principal7.jpg\" width=\"100%\" height=\"100\" \/><\/a><!--bestpublic-voz02--><!--desk-in-out-voz02--><\/p>\n<p style=\"text-align: justify;\">INCIDENCIAS Y ACTUACIONES<\/p>\n<p style=\"text-align: justify;\">En esta semana, la Polic\u00eda Local de Hell\u00edn ha detenido a un individuo como presunto autor de delito de da\u00f1os, tras fracturar y arrancar un total de quince espejos retrovisores de veh\u00edculos, que se encontraban estacionados en varias calles de la localidad. Durante la intervenci\u00f3n el sujeto se mostr\u00f3 nervioso y agresivo, llegando a agredir a dos de los agentes intervinientes durante las labores de identificaci\u00f3n. Tras ser detenido, el var\u00f3n fue trasladado a dependencias de la Polic\u00eda Nacional, siendo puesto posteriormente a disposici\u00f3n judicial.<\/p>\n<p style=\"text-align: justify;\">En un establecimiento de la localidad otro individuo es detenido por un presunto delito de atentado a agente de la autoridad.<\/p>\n<p style=\"text-align: justify;\">Tambi\u00e9n se llev\u00f3 a cabo la detenci\u00f3n de otros dos varones por un presunto delito de robo con violencia e intimidaci\u00f3n en v\u00eda p\u00fablica.<\/p>\n<p style=\"text-align: justify;\">Durante el fin de semana tuvieron lugar la celebraci\u00f3n de las fiestas patronales en Cancarix, as\u00ed como un evento musical en Agram\u00f3n; en los que el trabajo policial se centr\u00f3 en materia de Seguridad Ciudadana y Seguridad Vial, destacando m\u00faltiples servicios que se cubrieron por parte de los agentes, desarroll\u00e1ndose dichos actos festivos con normalidad sin incidencias.<\/p>\n<p style=\"text-align: justify;\">SEGURIDAD CIUDADANA<\/p>\n<p style=\"text-align: justify;\">Se han producido diversas intervenciones en materia de SEGURIDAD CIUDADANA por:<\/p>\n<p style=\"text-align: justify;\">violencia de g\u00e9nero<\/p>\n<p style=\"text-align: justify;\">agresiones<\/p>\n<p style=\"text-align: justify;\">peleas en v\u00eda p\u00fablica<\/p>\n<p style=\"text-align: justify;\">en la localizaci\u00f3n de personas desaparecidas<\/p>\n<p style=\"text-align: justify;\">tentativa de hurto<\/p>\n<p style=\"text-align: justify;\">insultos<\/p>\n<p style=\"text-align: justify;\">injurias<\/p>\n<p style=\"text-align: justify;\">robo en establecimiento<\/p>\n<p style=\"text-align: justify;\">e incendio en contenedor<\/p>\n<p style=\"text-align: justify;\">Paralelamente se colabora en la resoluci\u00f3n de conflictos privados en el \u00e1mbito familiar y vecinal, as\u00ed como en la asistencia a personas necesitadas.<\/p>\n<p style=\"text-align: justify;\">Colaborando con los bomberos del SEPEI, se interviene en dos peque\u00f1os focos de incendio de matorral y pino bajo en la localidad, siendo r\u00e1pidamente sofocados, sin llegar a producirse da\u00f1os materiales ni personales.<\/p>\n<p style=\"text-align: justify;\">Se intensifica la vigilancia preventiva con la presencia de agentes no uniformados en la celebraci\u00f3n de los mercados semanales en Hell\u00edn e Isso, as\u00ed como en los diferentes barrios de la localidad y pedan\u00edas.<\/p>\n<p style=\"text-align: justify;\">TR\u00c1FICO Y SEGURIDAD VIAL<\/p>\n<p style=\"text-align: justify;\">La unidad de motoristas de la Polic\u00eda Local de Hell\u00edn se encarga de velar por la Seguridad Vial y facilitar el desarrollo normal del tr\u00e1fico, mediante la ordenaci\u00f3n y regulaci\u00f3n de los movimientos y control de estacionamientos de veh\u00edculos; y elaborando atestados o informes relacionados con los accidentes de tr\u00e1fico acaecidos en las v\u00edas urbanas.<\/p>\n<p style=\"text-align: justify;\">Durante esta semana ha atendido, junto con otros indicativos policiales, un total de cinco siniestros viales, encontr\u00e1ndose implicado en uno de ellos un animal.<\/p>\n<p style=\"text-align: justify;\">Se instruyen las diligencias correspondientes por superar un conductor las tasas de alcoholemia establecidas seg\u00fan la legislaci\u00f3n.<\/p>\n<p style=\"text-align: justify;\">INCUMPLIENTO DE ORDENANZAS MUNICIPALES<\/p>\n<p style=\"text-align: justify;\">Contin\u00faa siendo primordial el control en las v\u00edas p\u00fablicas del casco urbano; as\u00ed como velar por el cumplimiento y el buen desarrollo de las ordenanzas municipales.<\/p>\n<p style=\"text-align: justify;\">Desde Jefatura hace un llamamiento a la ciudadan\u00eda exaltando la importancia de que todos colaboremos con el mantenimiento y buen funcionamiento tanto de la ciudad, como las pedan\u00edas y resto de zonas residenciales y hagamos un uso correcto de los espacios p\u00fablicos. Es fundamental para la convivencia el respeto al resto de vecinos y a sus bienes materiales.<\/p>\n<p style=\"text-align: justify;\">POLICIA ADMININSTRATIVA<\/p>\n<p style=\"text-align: justify;\">Las diversas sanciones interpuestas est\u00e1n principalmente motivadas por generar ruidos que perturban el descanso de los vecinos, vertidos de enseres y el consumo de alcohol en la v\u00eda p\u00fablica.<\/p>\n<p><!--publicidad-voz03--><a href=\"https:\/\/www.facebook.com\/profile.php?id=100063593791305&amp;locale=es_ES\"><img decoding=\"async\" class=\"alignnone size-medium\" src=\"https:\/\/blogger.googleusercontent.com\/img\/b\/R29vZ2xl\/AVvXsEi8_n_ll8UOcGxCqzFvb_9Io4ICczlGC990BPtPj2w9Px-u7B3oqWUW5vtjZUqPNJ-nyjiUIorE0ATsib_l5tV8BVN-UJ03RTnU__IHJF_4DgDBtY4LIqXNG-FomrO-7ywes20CBCRM2Hcm7EJSh3UUw1dO-c_uTflUrtgY1i7uBRezj_DpympmEFkfbQY\/s1600\/logo-principal2.jpg\" width=\"100%\" height=\"100\" \/><\/a><!--bestpublic-voz03--><!--desk-in-out-voz03--><br \/>\n<!--publicidad-voz04--><a href=\"https:\/\/www.facebook.com\/profile.php?id=61557370768692&amp;locale=es_ES\"><img decoding=\"async\" class=\"alignnone size-medium\" src=\"https:\/\/blogger.googleusercontent.com\/img\/b\/R29vZ2xl\/AVvXsEgy5RdcfffrnrItnYTcV9bCJjgJwldsQLWssfVfrLbyfXeBNTFKgBf0rMIvhrUaGUhiXzVr9_eQgCbi-j63ZDpfTvLIty9w7s140y-m1yHe7eKmEK7v2NAHUJDVYGdfeiQFeRCqUjdwWmN1MX_AUxxz4IVdJ4WIM0APxit8bjWkXzrnEFGqBvW_1F13H1g\/s1600\/logo-principal5.jpg\" width=\"100%\" height=\"100\" \/><\/a><!--bestpublic-voz04--><!--desk-in-out-voz04--><br \/>\n<!--publicidad-voz05--><a href=\"https:\/\/www.facebook.com\/asociaciontamborileroshellin?locale=es_ES\"><img decoding=\"async\" class=\"alignnone size-medium\" src=\"https:\/\/blogger.googleusercontent.com\/img\/b\/R29vZ2xl\/AVvXsEhHEEpZsKK1VpwiYMrS7aE2ujtqIDZoLd4B5wtbiseSU9s2HdTdQfhF84So2XwEB1fv0BLw95GADm6hUl1bkKtzh-eIgVigXONuu_5RxeIMPhjk8q6uNX4EaEHbooKkbu7pCADWPpVJjhKIH5NQSJpWqedC-YBez4QAQeJYokkLot9bhrIaUAeztsGis6M\/s1600\/logo-principal3.jpg\" width=\"100%\" height=\"100\" \/><\/a><!--bestpublic-voz05--><!--desk-in-out-voz05--><br \/>\n<!--publicidad-voz06--><!--bestpublic-voz06--><!--desk-in-out-voz06--><br \/>\n<!--publicidad-voz07--><!--bestpublic-voz07--><!--desk-in-out-voz07--><br \/>\n<!--publicidad-voz08--><!--bestpublic-voz08--><!--desk-in-out-voz08--><br \/>\n<!--publicidad-voz09--><!--bestpublic-voz09--><!--desk-in-out-voz09--><br \/>\n<!--publicidad-voz10--><!--bestpublic-voz10--><!--desk-in-out-voz10--><br \/>\n<!--publicidad-voz11--><!--bestpublic-voz11--><!--desk-in-out-voz11--><br \/>\n<!--publicidad-voz12--><!--bestpublic-voz12--><!--desk-in-out-voz12--><br \/>\n<!--publicidad-voz13--><!--bestpublic-voz13--><!--desk-in-out-voz13--><br \/>\n<!--publicidad-voz14--><!--bestpublic-voz14--><!--desk-in-out-voz14--><br \/>\n<!--publicidad-voz15--><!--bestpublic-voz15--><!--desk-in-out-voz15--><br \/>\n<!--publicidad-voz16--><!--bestpublic-voz16--><!--desk-in-out-voz16--><\/p>\n","protected":false},"excerpt":{"rendered":"<p>COMUNICADO DE PRENSA &#8211; ACTIVIDAD DE LA POLICIA LOCAL DE HELLIN DEL 5\/08\/2024 AL 11\/08\/2024<\/p>\n","protected":false},"author":2,"featured_media":152227,"comment_status":"closed","ping_status":"closed","sticky":false,"template":"","format":"standard","meta":{"footnotes":""},"categories":[755,718,715,716,717],"tags":[],"class_list":["post-152226","post","type-post","status-publish","format-standard","has-post-thumbnail","hentry","category-blog-lv036","category-blogger","category-la-voz-de-hellin","category-la-voz-de-hellin-la-voz-de-hellin","category-noticias"],"_links":{"self":[{"href":"https:\/\/lavozdehellin.com\/noticias\/wp-json\/wp\/v2\/posts\/152226","targetHints":{"allow":["GET"]}}],"collection":[{"href":"https:\/\/lavozdehellin.com\/noticias\/wp-json\/wp\/v2\/posts"}],"about":[{"href":"https:\/\/lavozdehellin.com\/noticias\/wp-json\/wp\/v2\/types\/post"}],"author":[{"embeddable":true,"href":"https:\/\/lavozdehellin.com\/noticias\/wp-json\/wp\/v2\/users\/2"}],"replies":[{"embeddable":true,"href":"https:\/\/lavozdehellin.com\/noticias\/wp-json\/wp\/v2\/comments?post=152226"}],"version-history":[{"count":0,"href":"https:\/\/lavozdehellin.com\/noticias\/wp-json\/wp\/v2\/posts\/152226\/revisions"}],"wp:featuredmedia":[{"embeddable":true,"href":"https:\/\/lavozdehellin.com\/noticias\/wp-json\/wp\/v2\/media\/152227"}],"wp:attachment":[{"href":"https:\/\/lavozdehellin.com\/noticias\/wp-json\/wp\/v2\/media?parent=152226"}],"wp:term":[{"taxonomy":"category","embeddable":true,"href":"https:\/\/lavozdehellin.com\/noticias\/wp-json\/wp\/v2\/categories?post=152226"},{"taxonomy":"post_tag","embeddable":true,"href":"https:\/\/lavozdehellin.com\/noticias\/wp-json\/wp\/v2\/tags?post=152226"}],"curies":[{"name":"wp","href":"https:\/\/api.w.org\/{rel}","templated":true}]}}