{"id":152238,"date":"2024-08-11T10:30:16","date_gmt":"2024-08-11T08:30:16","guid":{"rendered":"https:\/\/lavozdehellin.com\/noticias\/?p=152238"},"modified":"2024-08-18T11:06:24","modified_gmt":"2024-08-18T09:06:24","slug":"v08-956-el-presidente-de-la-diputacion-de-albacete-visita-navas-de-jorquera-con-motivo-de-las-fiestas-en-honor-a-san-eleuterio-y-san-liberato","status":"publish","type":"post","link":"https:\/\/lavozdehellin.com\/noticias\/v08-956-el-presidente-de-la-diputacion-de-albacete-visita-navas-de-jorquera-con-motivo-de-las-fiestas-en-honor-a-san-eleuterio-y-san-liberato\/","title":{"rendered":"LVH NOTICIAS | EL PRESIDENTE DE LA DIPUTACI\u00d3N DE ALBACETE VISITA NAVAS DE JORQUERA CON MOTIVO DE LAS FIESTAS EN HONOR A SAN ELEUTERIO Y SAN LIBERATO"},"content":{"rendered":"<p style=\"text-align: justify;\">En una ma\u00f1ana marcada por la devoci\u00f3n y el ambiente festivo, el presidente de la Diputaci\u00f3n de Albacete, Santi Caba\u00f1ero, visitaba la localidad de Navas de Jorquera, en pleno coraz\u00f3n de La Manchuela, sum\u00e1ndose a las Fiestas patronales en honor a San Eleuterio y San Liberato, profundamente arraigadas en la identidad de la poblaci\u00f3n.<\/p>\n<p><!--more--><br \/>\n<!--publicidad-voz01--><a href=\"https:\/\/www.facebook.com\/SoloRadioHellin\/?locale=es_ES\"><img decoding=\"async\" class=\"alignnone size-medium\" src=\"https:\/\/blogger.googleusercontent.com\/img\/b\/R29vZ2xl\/AVvXsEiNncirNnyGedv00mhjZjh5Wl4_YPdJGanoAl8tL8zH-HwqE8uHqjEfSt340RHdx-9tuCSIkZ8rFamZiGyYlgDGxCsmXjCH_1xk5eYM3ntFZRvJP_jndOKR7w1UAo9Tu0vrZyOLfqRpHIxYI5SymJJ-pfGCQw6QVpggBH-UgfjiFQ2JOxqxG0Jx94kW83c\/s1600\/logo-principal.jpg\" width=\"100%\" height=\"100\" \/><\/a><!--bestpublic-voz01--><!--desk-in-out-voz01--><br \/>\n<!--publicidad-voz02--><a href=\"https:\/\/www.hellincf.com\/\"><img decoding=\"async\" class=\"alignnone size-medium\" src=\"https:\/\/blogger.googleusercontent.com\/img\/b\/R29vZ2xl\/AVvXsEhuZ4-XfBVj3UtdP8-RZugy3WVrg-Zv28c53m4oV47qYCxL1rX_dqWX_YddsGSnpH5SRDqZ7bZeKPIfDVCDncpjVlhy3aQs2vojcJBn7Gdv9hC2_Nzct_pRFrnFE1a7KTCdY1bT_kAgnY3-iadRZrGeJf1fR2P5fu11bokx0pWjaypoy-ctwCjklldpEbA\/s1600\/logo-principal7.jpg\" width=\"100%\" height=\"100\" \/><\/a><!--bestpublic-voz02--><!--desk-in-out-voz02--><\/p>\n<p style=\"text-align: justify;\">Una cita en la que ten\u00eda ocasi\u00f3n de participar junto a la alcaldesa de la localidad, la tambi\u00e9n diputada (del Grupo Popular), Mar\u00eda Dolores Murcia, acompa\u00f1ado de Llanos S\u00e1nchez, diputada del \u00c1rea de ATM por parte del Equipo de Gobierno, y junto a diputados del Grupo Popular.<\/p>\n<p style=\"text-align: justify;\">Con el resto de representantes institucionales presentes, Caba\u00f1ero asist\u00eda al gran repique de campanas, antesala a uno de los momentos m\u00e1s esperados por los vecinos y visitantes: la tradicional procesi\u00f3n donde, al son marcado por los y las integrantes de la Uni\u00f3n Musical San Gregorio Magno, Caba\u00f1ero y S\u00e1nchez acompa\u00f1aban el recorrido por las calles engalanadas de Navas de Jorquera, previa a la Misa en honor a los santos m\u00e1rtires San Eleuterio y San Liberato.<\/p>\n<p style=\"text-align: justify;\">Siempre poniendo en valor las tradiciones, la poblaci\u00f3n cumpl\u00eda con uno de los momentos m\u00e1s simb\u00f3licos: el paso bajo las andas de los santos. Costumbres que, como siempre rese\u00f1a Caba\u00f1ero, refuerzan los lazos de cada localidad y mantienen viva la identidad cultural.<\/p>\n<p style=\"text-align: justify;\">El presidente aprovechaba la ocasi\u00f3n para felicitar a los y las habitantes de Navas de Jorquera por el esfuerzo y la dedicaci\u00f3n con que se implican de lleno en la organizaci\u00f3n de estas fiestas que tocan a su fin tras comenzar el pasado d\u00eda 2, habiendo ofrecido desde entonces un gran volumen de eventos, desde pasacalles a verbenas, pasando por exposiciones o talleres infantiles.<\/p>\n<p style=\"text-align: justify;\">Adem\u00e1s, ha reiterado a la alcaldesa el apoyo constante de la Diputaci\u00f3n para apoyar las iniciativas locales que contribuyen a la cohesi\u00f3n social y al desarrollo econ\u00f3mico de la provincia.<\/p>\n<p><!--publicidad-voz03--><a href=\"https:\/\/www.facebook.com\/profile.php?id=100063593791305&amp;locale=es_ES\"><img decoding=\"async\" class=\"alignnone size-medium\" src=\"https:\/\/blogger.googleusercontent.com\/img\/b\/R29vZ2xl\/AVvXsEi8_n_ll8UOcGxCqzFvb_9Io4ICczlGC990BPtPj2w9Px-u7B3oqWUW5vtjZUqPNJ-nyjiUIorE0ATsib_l5tV8BVN-UJ03RTnU__IHJF_4DgDBtY4LIqXNG-FomrO-7ywes20CBCRM2Hcm7EJSh3UUw1dO-c_uTflUrtgY1i7uBRezj_DpympmEFkfbQY\/s1600\/logo-principal2.jpg\" width=\"100%\" height=\"100\" \/><\/a><!--bestpublic-voz03--><!--desk-in-out-voz03--><br \/>\n<!--publicidad-voz04--><a href=\"https:\/\/www.facebook.com\/profile.php?id=61557370768692&amp;locale=es_ES\"><img decoding=\"async\" class=\"alignnone size-medium\" src=\"https:\/\/blogger.googleusercontent.com\/img\/b\/R29vZ2xl\/AVvXsEgy5RdcfffrnrItnYTcV9bCJjgJwldsQLWssfVfrLbyfXeBNTFKgBf0rMIvhrUaGUhiXzVr9_eQgCbi-j63ZDpfTvLIty9w7s140y-m1yHe7eKmEK7v2NAHUJDVYGdfeiQFeRCqUjdwWmN1MX_AUxxz4IVdJ4WIM0APxit8bjWkXzrnEFGqBvW_1F13H1g\/s1600\/logo-principal5.jpg\" width=\"100%\" height=\"100\" \/><\/a><!--bestpublic-voz04--><!--desk-in-out-voz04--><br \/>\n<!--publicidad-voz05--><a href=\"https:\/\/www.facebook.com\/asociaciontamborileroshellin?locale=es_ES\"><img decoding=\"async\" class=\"alignnone size-medium\" src=\"https:\/\/blogger.googleusercontent.com\/img\/b\/R29vZ2xl\/AVvXsEhHEEpZsKK1VpwiYMrS7aE2ujtqIDZoLd4B5wtbiseSU9s2HdTdQfhF84So2XwEB1fv0BLw95GADm6hUl1bkKtzh-eIgVigXONuu_5RxeIMPhjk8q6uNX4EaEHbooKkbu7pCADWPpVJjhKIH5NQSJpWqedC-YBez4QAQeJYokkLot9bhrIaUAeztsGis6M\/s1600\/logo-principal3.jpg\" width=\"100%\" height=\"100\" \/><\/a><!--bestpublic-voz05--><!--desk-in-out-voz05--><br \/>\n<!--publicidad-voz06--><!--bestpublic-voz06--><!--desk-in-out-voz06--><br \/>\n<!--publicidad-voz07--><!--bestpublic-voz07--><!--desk-in-out-voz07--><br \/>\n<!--publicidad-voz08--><!--bestpublic-voz08--><!--desk-in-out-voz08--><br \/>\n<!--publicidad-voz09--><!--bestpublic-voz09--><!--desk-in-out-voz09--><br \/>\n<!--publicidad-voz10--><!--bestpublic-voz10--><!--desk-in-out-voz10--><br \/>\n<!--publicidad-voz11--><!--bestpublic-voz11--><!--desk-in-out-voz11--><br \/>\n<!--publicidad-voz12--><!--bestpublic-voz12--><!--desk-in-out-voz12--><br \/>\n<!--publicidad-voz13--><!--bestpublic-voz13--><!--desk-in-out-voz13--><br \/>\n<!--publicidad-voz14--><!--bestpublic-voz14--><!--desk-in-out-voz14--><br \/>\n<!--publicidad-voz15--><!--bestpublic-voz15--><!--desk-in-out-voz15--><br \/>\n<!--publicidad-voz16--><!--bestpublic-voz16--><!--desk-in-out-voz16--><\/p>\n","protected":false},"excerpt":{"rendered":"<p>En una ma\u00f1ana marcada por la devoci\u00f3n y el ambiente festivo, el presidente de la Diputaci\u00f3n de Albacete, Santi Caba\u00f1ero, visitaba la localidad de Navas de Jorquera, en pleno coraz\u00f3n&#8230;<\/p>\n","protected":false},"author":2,"featured_media":152239,"comment_status":"closed","ping_status":"closed","sticky":false,"template":"","format":"standard","meta":{"footnotes":""},"categories":[755,718,715,716,717],"tags":[],"class_list":["post-152238","post","type-post","status-publish","format-standard","has-post-thumbnail","hentry","category-blog-lv036","category-blogger","category-la-voz-de-hellin","category-la-voz-de-hellin-la-voz-de-hellin","category-noticias"],"_links":{"self":[{"href":"https:\/\/lavozdehellin.com\/noticias\/wp-json\/wp\/v2\/posts\/152238","targetHints":{"allow":["GET"]}}],"collection":[{"href":"https:\/\/lavozdehellin.com\/noticias\/wp-json\/wp\/v2\/posts"}],"about":[{"href":"https:\/\/lavozdehellin.com\/noticias\/wp-json\/wp\/v2\/types\/post"}],"author":[{"embeddable":true,"href":"https:\/\/lavozdehellin.com\/noticias\/wp-json\/wp\/v2\/users\/2"}],"replies":[{"embeddable":true,"href":"https:\/\/lavozdehellin.com\/noticias\/wp-json\/wp\/v2\/comments?post=152238"}],"version-history":[{"count":0,"href":"https:\/\/lavozdehellin.com\/noticias\/wp-json\/wp\/v2\/posts\/152238\/revisions"}],"wp:featuredmedia":[{"embeddable":true,"href":"https:\/\/lavozdehellin.com\/noticias\/wp-json\/wp\/v2\/media\/152239"}],"wp:attachment":[{"href":"https:\/\/lavozdehellin.com\/noticias\/wp-json\/wp\/v2\/media?parent=152238"}],"wp:term":[{"taxonomy":"category","embeddable":true,"href":"https:\/\/lavozdehellin.com\/noticias\/wp-json\/wp\/v2\/categories?post=152238"},{"taxonomy":"post_tag","embeddable":true,"href":"https:\/\/lavozdehellin.com\/noticias\/wp-json\/wp\/v2\/tags?post=152238"}],"curies":[{"name":"wp","href":"https:\/\/api.w.org\/{rel}","templated":true}]}}