{"id":152241,"date":"2024-08-12T11:11:43","date_gmt":"2024-08-12T09:11:43","guid":{"rendered":"https:\/\/lavozdehellin.com\/noticias\/?p=152241"},"modified":"2024-08-18T11:06:24","modified_gmt":"2024-08-18T09:06:24","slug":"v08-957-la-diputacion-de-albacete-formaliza-el-contrato-cercano-a-los-4-millones-de-euros-para-el-suministro-de-energia-electrica-a-instalaciones-publicas-de-61-ayuntamientos-asi-como-de-titularidad-o","status":"publish","type":"post","link":"https:\/\/lavozdehellin.com\/noticias\/v08-957-la-diputacion-de-albacete-formaliza-el-contrato-cercano-a-los-4-millones-de-euros-para-el-suministro-de-energia-electrica-a-instalaciones-publicas-de-61-ayuntamientos-asi-como-de-titularidad-o\/","title":{"rendered":"LVH NOTICIAS | LA DIPUTACI\u00d3N DE ALBACETE FORMALIZA EL CONTRATO, CERCANO A LOS 4 MILLONES DE EUROS, PARA EL SUMINISTRO DE ENERG\u00cdA EL\u00c9CTRICA A INSTALACIONES P\u00daBLICAS DE 61 AYUNTAMIENTOS AS\u00cd COMO DE TITULARIDAD O PARTICIPACI\u00d3N PROVINCIAL"},"content":{"rendered":"<p style=\"text-align: justify;\">La empresa BLUBAT PULSAR, S.L. ha resultado adjudicataria del contrato p\u00fablico lanzado por la Diputaci\u00f3n de Albacete para el suministro de energ\u00eda el\u00e9ctrica a edificios e instalaciones de titularidad p\u00fablica.<\/p>\n<p><!--more--><br \/>\n<!--publicidad-voz01--><a href=\"https:\/\/www.facebook.com\/SoloRadioHellin\/?locale=es_ES\"><img decoding=\"async\" class=\"alignnone size-medium\" src=\"https:\/\/blogger.googleusercontent.com\/img\/b\/R29vZ2xl\/AVvXsEiNncirNnyGedv00mhjZjh5Wl4_YPdJGanoAl8tL8zH-HwqE8uHqjEfSt340RHdx-9tuCSIkZ8rFamZiGyYlgDGxCsmXjCH_1xk5eYM3ntFZRvJP_jndOKR7w1UAo9Tu0vrZyOLfqRpHIxYI5SymJJ-pfGCQw6QVpggBH-UgfjiFQ2JOxqxG0Jx94kW83c\/s1600\/logo-principal.jpg\" width=\"100%\" height=\"100\" \/><\/a><!--bestpublic-voz01--><!--desk-in-out-voz01--><br \/>\n<!--publicidad-voz02--><a href=\"https:\/\/www.hellincf.com\/\"><img decoding=\"async\" class=\"alignnone size-medium\" src=\"https:\/\/blogger.googleusercontent.com\/img\/b\/R29vZ2xl\/AVvXsEhuZ4-XfBVj3UtdP8-RZugy3WVrg-Zv28c53m4oV47qYCxL1rX_dqWX_YddsGSnpH5SRDqZ7bZeKPIfDVCDncpjVlhy3aQs2vojcJBn7Gdv9hC2_Nzct_pRFrnFE1a7KTCdY1bT_kAgnY3-iadRZrGeJf1fR2P5fu11bokx0pWjaypoy-ctwCjklldpEbA\/s1600\/logo-principal7.jpg\" width=\"100%\" height=\"100\" \/><\/a><!--bestpublic-voz02--><!--desk-in-out-voz02--><\/p>\n<p style=\"text-align: justify;\">Una iniciativa que beneficiar\u00e1 directamente a 61 ayuntamientos de la provincia, as\u00ed como a las infraestructuras de la propia Diputaci\u00f3n y de algunos de los Organismos Aut\u00f3nomos, Consorcios y entidades que cuentan con su participaci\u00f3n.<\/p>\n<p style=\"text-align: justify;\">Este acuerdo, que tiene una duraci\u00f3n de un a\u00f1o no prorrogable y una garant\u00eda de 24 meses, permitir\u00e1 a las entidades locales acogidas acceder a un suministro energ\u00e9tico m\u00e1s ventajoso, evitando el progresivo incremento de los precios de la electricidad y promoviendo la concurrencia en el mercado libre.<\/p>\n<p style=\"text-align: justify;\">Adem\u00e1s, conlleva que la empresa adjudicataria se comprometa a mantener precios fijos durante el periodo contratado y a garantizar el suministro de toda la energ\u00eda el\u00e9ctrica incluso en situaciones de alta demanda (ferias, romer\u00edas, eventos destacados, etc.), tanto en potencia como en cantidad.<\/p>\n<p style=\"text-align: justify;\">El contrato, dividido en dos lotes \u2014Lote 1 para suministros en Baja Tensi\u00f3n (BT) y Lote 2 para suministros en Alta Tensi\u00f3n (AT)\u2014, se ha firmado con un precio m\u00e1ximo de 3.882.466,83 euros (IVA incluido). BLUBAT PULSAR, S.L. se compromete a garantizar el suministro energ\u00e9tico conforme a los consumos del a\u00f1o anterior y teniendo en cuenta la duraci\u00f3n del contrato.<\/p>\n<p style=\"text-align: justify;\">Como el propio presidente de la Diputaci\u00f3n, Santi Caba\u00f1ero, subraya al avanzar la decisi\u00f3n del Gobierno Provincial impulsarla, esta iniciativa ha tenido una gran acogida entre los municipios de menos de 5.000 habitantes a los que se ofreci\u00f3, aprovechando la necesidad de renovar el contrato de suministro el\u00e9ctrico de la instituci\u00f3n para abrir la posibilidad de contratarlo conjuntamente para beneficiar a los ayuntamientos que desearan sumarse.<\/p>\n<p style=\"text-align: justify;\">El 80% de las localidades a las que iba dirigida la medida solicitaban acogerse, lo que se traducir\u00e1 en la sustituci\u00f3n de unos 1.700 contratos de electricidad. Una decisi\u00f3n estrat\u00e9gica que refuerza el compromiso del Gobierno de la Diputaci\u00f3n con una gesti\u00f3n eficiente y responsable de los recursos p\u00fablicos, asegurando que cada euro invertido se use de la manera m\u00e1s efectiva posible y velando por la utilizaci\u00f3n m\u00e1s sostenible y eficaz de la energ\u00eda en las distintas instalaciones de las Entidades Locales.<\/p>\n<p style=\"text-align: justify;\">Un acuerdo enmarcado en el objetivo global de apoyar y facilitar la gesti\u00f3n local<\/p>\n<p style=\"text-align: justify;\">En cuanto a los 61 ayuntamientos que se han adherido, las cantidades que deber\u00e1n aportar respecto al total del contrato var\u00edan significativamente seg\u00fan sus necesidades: Chinchilla de Montearag\u00f3n aporta la cifra m\u00e1s alta, con un presupuesto estimado m\u00e1ximo de 438.370 euros (11,29 % del global), mientras que el Ayuntamiento de Ossa de Montiel aportar\u00e1 la menor cantidad: unos 1.070 euros (0,03 % del total contratado).<\/p>\n<p style=\"text-align: justify;\">Por su parte, la Diputaci\u00f3n de Albacete contribuir\u00e1 con el 7,43 % del total del contrato, lo que equivale a 288.400 euros. Y, en lo que respecta a sus Organismos Aut\u00f3nomos, Consorcios y entidades con representaci\u00f3n provincial que se han adherido a la iniciativa, las cantidades oscilan entre los 38.190 euros correspondientes a la Instituci\u00f3n Ferial de Albacete (IFAB) y los 1.995 euros previstos del Instituto de Estudios Albacetenses \u2018Don Juan Manuel\u2019 (IEA).<\/p>\n<p style=\"text-align: justify;\">Este acuerdo se enmarca en un contexto general de apoyo a los municipios de la provincia, especialmente los m\u00e1s peque\u00f1os, que enfrentan dificultades en la tramitaci\u00f3n de contratos de suministro el\u00e9ctrico debido a la complejidad de las prescripciones t\u00e9cnicas.<\/p>\n<p style=\"text-align: justify;\">Cabe recordar que el Real Decreto 446\/2023 de 13 de junio, establec\u00eda limitaciones a partir del 1 de enero de 2024 para la aplicaci\u00f3n de la tarifa PVPC, restringi\u00e9ndola a personas f\u00edsicas y microempresas. As\u00ed, las Administraciones P\u00fablicas que tuvieran contrato en vigor bajo esa tarifa, podr\u00edan continuar bajo esta modalidad hasta su vencimiento a lo largo de 2024, tras lo cual se les aplicar\u00eda de forma autom\u00e1tica la tarifa de \u00faltimo recurso, incrementada en un 20%.<\/p>\n<p style=\"text-align: justify;\">Ante ese escenario y las solicitudes de varios ayuntamientos para la encomienda de gesti\u00f3n en este tipo de procedimientos, el Gobierno de la Diputaci\u00f3n decidi\u00f3 celebrar un acuerdo marco, conforme al art\u00edculo 218 de la LCSP, como sistema de racionalizaci\u00f3n de la contrataci\u00f3n en la provincia de Albacete de forma que pudiera beneficiar a las localidades con menos de 5.000 habitantes. Una decisi\u00f3n que permite aprovechar las econom\u00edas de escala y garantizar precios fijos y suministro estable durante el periodo del contrato.<\/p>\n<p style=\"text-align: justify;\">Un Gobierno Provincial comprometido con la eficiencia energ\u00e9tica y financiera<\/p>\n<p style=\"text-align: justify;\">Es de destacar el riguroso trabajo previo realizado por el personal t\u00e9cnico del Servicio de Medio Ambiente, Desarrollo Rural y Reto Demogr\u00e1fico de la Diputaci\u00f3n, encabezado pol\u00edticamente por el diputado Jos\u00e9 Antonio G\u00f3mez, en constante colaboraci\u00f3n con las distintas Entidades Locales implicadas, para la elaboraci\u00f3n del pliego de Prescripciones T\u00e9cnicas. Un esfuerzo conjunto que ha sido clave para asegurar el \u00e9xito de esta iniciativa, que promueve no s\u00f3lo la eficiencia econ\u00f3mica, sino un uso m\u00e1s sostenible de la energ\u00eda.<\/p>\n<p style=\"text-align: justify;\">Este tipo de medidas refuerza el compromiso tangible del Gobierno de la Diputaci\u00f3n de Albacete con la eficiencia energ\u00e9tica, pero tambi\u00e9n con la financiera: algo que se est\u00e1 consolidando como uno de los grandes \u2018sellos distintivos\u2019 de la acci\u00f3n del equipo de Santi Caba\u00f1ero, sumado al af\u00e1n por buscar soluciones conjuntas que sean innovadoras y sostenibles para los \u2018desaf\u00edos\u2019 comunes que plantea la gesti\u00f3n local.<\/p>\n<p style=\"text-align: justify;\">Una medida ejemplar m\u00e1s all\u00e1 de la provincia, enmarcada en el objetivo de ser \u201cuna instituci\u00f3n \u00fatil a los ayuntamientos\u201d y de \u201cbuscar f\u00f3rmulas interesantes de apoyo a la gesti\u00f3n local, especialmente, para los m\u00e1s \u2018peque\u00f1os\u2019\u201d.<\/p>\n<p><!--publicidad-voz03--><a href=\"https:\/\/www.facebook.com\/profile.php?id=100063593791305&amp;locale=es_ES\"><img decoding=\"async\" class=\"alignnone size-medium\" src=\"https:\/\/blogger.googleusercontent.com\/img\/b\/R29vZ2xl\/AVvXsEi8_n_ll8UOcGxCqzFvb_9Io4ICczlGC990BPtPj2w9Px-u7B3oqWUW5vtjZUqPNJ-nyjiUIorE0ATsib_l5tV8BVN-UJ03RTnU__IHJF_4DgDBtY4LIqXNG-FomrO-7ywes20CBCRM2Hcm7EJSh3UUw1dO-c_uTflUrtgY1i7uBRezj_DpympmEFkfbQY\/s1600\/logo-principal2.jpg\" width=\"100%\" height=\"100\" \/><\/a><!--bestpublic-voz03--><!--desk-in-out-voz03--><br \/>\n<!--publicidad-voz04--><a href=\"https:\/\/www.facebook.com\/profile.php?id=61557370768692&amp;locale=es_ES\"><img decoding=\"async\" class=\"alignnone size-medium\" src=\"https:\/\/blogger.googleusercontent.com\/img\/b\/R29vZ2xl\/AVvXsEgy5RdcfffrnrItnYTcV9bCJjgJwldsQLWssfVfrLbyfXeBNTFKgBf0rMIvhrUaGUhiXzVr9_eQgCbi-j63ZDpfTvLIty9w7s140y-m1yHe7eKmEK7v2NAHUJDVYGdfeiQFeRCqUjdwWmN1MX_AUxxz4IVdJ4WIM0APxit8bjWkXzrnEFGqBvW_1F13H1g\/s1600\/logo-principal5.jpg\" width=\"100%\" height=\"100\" \/><\/a><!--bestpublic-voz04--><!--desk-in-out-voz04--><br \/>\n<!--publicidad-voz05--><a href=\"https:\/\/www.facebook.com\/asociaciontamborileroshellin?locale=es_ES\"><img decoding=\"async\" class=\"alignnone size-medium\" src=\"https:\/\/blogger.googleusercontent.com\/img\/b\/R29vZ2xl\/AVvXsEhHEEpZsKK1VpwiYMrS7aE2ujtqIDZoLd4B5wtbiseSU9s2HdTdQfhF84So2XwEB1fv0BLw95GADm6hUl1bkKtzh-eIgVigXONuu_5RxeIMPhjk8q6uNX4EaEHbooKkbu7pCADWPpVJjhKIH5NQSJpWqedC-YBez4QAQeJYokkLot9bhrIaUAeztsGis6M\/s1600\/logo-principal3.jpg\" width=\"100%\" height=\"100\" \/><\/a><!--bestpublic-voz05--><!--desk-in-out-voz05--><br \/>\n<!--publicidad-voz06--><!--bestpublic-voz06--><!--desk-in-out-voz06--><br \/>\n<!--publicidad-voz07--><!--bestpublic-voz07--><!--desk-in-out-voz07--><br \/>\n<!--publicidad-voz08--><!--bestpublic-voz08--><!--desk-in-out-voz08--><br \/>\n<!--publicidad-voz09--><!--bestpublic-voz09--><!--desk-in-out-voz09--><br \/>\n<!--publicidad-voz10--><!--bestpublic-voz10--><!--desk-in-out-voz10--><br \/>\n<!--publicidad-voz11--><!--bestpublic-voz11--><!--desk-in-out-voz11--><br \/>\n<!--publicidad-voz12--><!--bestpublic-voz12--><!--desk-in-out-voz12--><br \/>\n<!--publicidad-voz13--><!--bestpublic-voz13--><!--desk-in-out-voz13--><br \/>\n<!--publicidad-voz14--><!--bestpublic-voz14--><!--desk-in-out-voz14--><br \/>\n<!--publicidad-voz15--><!--bestpublic-voz15--><!--desk-in-out-voz15--><br \/>\n<!--publicidad-voz16--><!--bestpublic-voz16--><!--desk-in-out-voz16--><\/p>\n","protected":false},"excerpt":{"rendered":"<p>La empresa BLUBAT PULSAR, S.L. ha resultado adjudicataria del contrato p\u00fablico lanzado por la Diputaci\u00f3n de Albacete para el suministro de energ\u00eda el\u00e9ctrica a edificios e instalaciones de titularidad p\u00fablica.<\/p>\n","protected":false},"author":2,"featured_media":152242,"comment_status":"closed","ping_status":"closed","sticky":false,"template":"","format":"standard","meta":{"footnotes":""},"categories":[755,718,715,716,717],"tags":[],"class_list":["post-152241","post","type-post","status-publish","format-standard","has-post-thumbnail","hentry","category-blog-lv036","category-blogger","category-la-voz-de-hellin","category-la-voz-de-hellin-la-voz-de-hellin","category-noticias"],"_links":{"self":[{"href":"https:\/\/lavozdehellin.com\/noticias\/wp-json\/wp\/v2\/posts\/152241","targetHints":{"allow":["GET"]}}],"collection":[{"href":"https:\/\/lavozdehellin.com\/noticias\/wp-json\/wp\/v2\/posts"}],"about":[{"href":"https:\/\/lavozdehellin.com\/noticias\/wp-json\/wp\/v2\/types\/post"}],"author":[{"embeddable":true,"href":"https:\/\/lavozdehellin.com\/noticias\/wp-json\/wp\/v2\/users\/2"}],"replies":[{"embeddable":true,"href":"https:\/\/lavozdehellin.com\/noticias\/wp-json\/wp\/v2\/comments?post=152241"}],"version-history":[{"count":0,"href":"https:\/\/lavozdehellin.com\/noticias\/wp-json\/wp\/v2\/posts\/152241\/revisions"}],"wp:featuredmedia":[{"embeddable":true,"href":"https:\/\/lavozdehellin.com\/noticias\/wp-json\/wp\/v2\/media\/152242"}],"wp:attachment":[{"href":"https:\/\/lavozdehellin.com\/noticias\/wp-json\/wp\/v2\/media?parent=152241"}],"wp:term":[{"taxonomy":"category","embeddable":true,"href":"https:\/\/lavozdehellin.com\/noticias\/wp-json\/wp\/v2\/categories?post=152241"},{"taxonomy":"post_tag","embeddable":true,"href":"https:\/\/lavozdehellin.com\/noticias\/wp-json\/wp\/v2\/tags?post=152241"}],"curies":[{"name":"wp","href":"https:\/\/api.w.org\/{rel}","templated":true}]}}