{"id":152244,"date":"2024-08-12T17:50:22","date_gmt":"2024-08-12T15:50:22","guid":{"rendered":"https:\/\/lavozdehellin.com\/noticias\/?p=152244"},"modified":"2024-08-18T11:06:24","modified_gmt":"2024-08-18T09:06:24","slug":"v08-958-santi-cabanero-participa-en-las-fiestas-que-villamalea-celebra-en-honor-al-santisimo-cristo-de-la-misericordia","status":"publish","type":"post","link":"https:\/\/lavozdehellin.com\/noticias\/v08-958-santi-cabanero-participa-en-las-fiestas-que-villamalea-celebra-en-honor-al-santisimo-cristo-de-la-misericordia\/","title":{"rendered":"LVH NOTICIAS | SANTI CABA\u00d1ERO PARTICIPA EN LAS FIESTAS QUE VILLAMALEA CELEBRA EN HONOR AL SANT\u00cdSIMO CRISTO DE LA MISERICORDIA"},"content":{"rendered":"<p style=\"text-align: justify;\">El presidente de la Diputaci\u00f3n de Albacete, Santi Caba\u00f1ero, contin\u00faa compartiendo con los vecinos y vecinas de la provincia los d\u00edas grandes de distintos municipios que celebran sus Fiestas en estas fechas.<\/p>\n<p><!--more--><br \/>\n<!--publicidad-voz01--><a href=\"https:\/\/www.facebook.com\/SoloRadioHellin\/?locale=es_ES\"><img decoding=\"async\" class=\"alignnone size-medium\" src=\"https:\/\/blogger.googleusercontent.com\/img\/b\/R29vZ2xl\/AVvXsEiNncirNnyGedv00mhjZjh5Wl4_YPdJGanoAl8tL8zH-HwqE8uHqjEfSt340RHdx-9tuCSIkZ8rFamZiGyYlgDGxCsmXjCH_1xk5eYM3ntFZRvJP_jndOKR7w1UAo9Tu0vrZyOLfqRpHIxYI5SymJJ-pfGCQw6QVpggBH-UgfjiFQ2JOxqxG0Jx94kW83c\/s1600\/logo-principal.jpg\" width=\"100%\" height=\"100\" \/><\/a><!--bestpublic-voz01--><!--desk-in-out-voz01--><br \/>\n<!--publicidad-voz02--><a href=\"https:\/\/www.hellincf.com\/\"><img decoding=\"async\" class=\"alignnone size-medium\" src=\"https:\/\/blogger.googleusercontent.com\/img\/b\/R29vZ2xl\/AVvXsEhuZ4-XfBVj3UtdP8-RZugy3WVrg-Zv28c53m4oV47qYCxL1rX_dqWX_YddsGSnpH5SRDqZ7bZeKPIfDVCDncpjVlhy3aQs2vojcJBn7Gdv9hC2_Nzct_pRFrnFE1a7KTCdY1bT_kAgnY3-iadRZrGeJf1fR2P5fu11bokx0pWjaypoy-ctwCjklldpEbA\/s1600\/logo-principal7.jpg\" width=\"100%\" height=\"100\" \/><\/a><!--bestpublic-voz02--><!--desk-in-out-voz02--><\/p>\n<p style=\"text-align: justify;\">Este lunes, ha visitado Villamalea, localidad plenamente inmersa en sus celebraciones en honor al Sant\u00edsimo Cristo de la Misericordia.<\/p>\n<p style=\"text-align: justify;\">Caba\u00f1ero ha tenido la oportunidad de participar junto al alcalde, Jos\u00e9 N\u00fa\u00f1ez P\u00e9rez, en la misa y en la posterior procesi\u00f3n por las calles del pueblo, acompa\u00f1ado de otros representantes tanto de la Corporaci\u00f3n Provincial como de distintas instituciones (tales como las Cortes de C-LM, el Senado y el Congreso de los Diputados), as\u00ed como de los concejales y concejalas del Ayuntamiento de Villamalea, asistiendo a la que, un a\u00f1o m\u00e1s, ha sido unas de las citas m\u00e1s emblem\u00e1ticas de las fiestas.<\/p>\n<p style=\"text-align: justify;\">La localidad dio comienzo oficial a sus \u2018d\u00edas grandes\u2019 el pasado viernes, con el Preg\u00f3n con el que el Capit\u00e1n Sarmiento y su Estrafalaria Cuadrilla animaron, con audacia y alegr\u00eda, la Gala presentaci\u00f3n de las Damas y Quintos de 2006: sin duda, grandes protagonistas de estas fiestas.<\/p>\n<p style=\"text-align: justify;\">No obstante, como han comentado con el presidente, el ambiente festivo ya se dejaba sentir en Villamalea mucho antes gracias a una intensa Semana del Deporte que, del 29 de julio al 8 de agosto, llen\u00f3 la localidad de actividades deportivas, y a las posteriores \u2018Pre-fiestas\u2019 socio-culturales.<\/p>\n<p style=\"text-align: justify;\">Santi Caba\u00f1ero ha agradecido y valorado la inestimable colaboraci\u00f3n del tejido asociativo local, as\u00ed como de los comercios, empresas y cooperativas que hacen posible el \u00e9xito de estas celebraciones. Asimismo, ha destacado lo importantes que resultan estos periodos festivos para, desde el reencuentro con familiares y seres queridos, disfrutar doblemente de la programaci\u00f3n y de las tradiciones que los vecinos y vecinas preparan desde hace tiempo como merecida \u2018recompensa\u2019 al a\u00f1o de intenso trabajo.<\/p>\n<p style=\"text-align: justify;\">El presidente ha animado a todo el mundo, con Damas y Quintos como mejor encarnaci\u00f3n de la vitalidad de Villamalea, a disfrutar plenamente de estas celebraciones y a seguir haciendo de ellas \u201cun motivo de orgullo y un foco de oportunidades para la localidad, la comarca y toda la provincia\u201d.<\/p>\n<p><!--publicidad-voz03--><a href=\"https:\/\/www.facebook.com\/profile.php?id=100063593791305&amp;locale=es_ES\"><img decoding=\"async\" class=\"alignnone size-medium\" src=\"https:\/\/blogger.googleusercontent.com\/img\/b\/R29vZ2xl\/AVvXsEi8_n_ll8UOcGxCqzFvb_9Io4ICczlGC990BPtPj2w9Px-u7B3oqWUW5vtjZUqPNJ-nyjiUIorE0ATsib_l5tV8BVN-UJ03RTnU__IHJF_4DgDBtY4LIqXNG-FomrO-7ywes20CBCRM2Hcm7EJSh3UUw1dO-c_uTflUrtgY1i7uBRezj_DpympmEFkfbQY\/s1600\/logo-principal2.jpg\" width=\"100%\" height=\"100\" \/><\/a><!--bestpublic-voz03--><!--desk-in-out-voz03--><br \/>\n<!--publicidad-voz04--><a href=\"https:\/\/www.facebook.com\/profile.php?id=61557370768692&amp;locale=es_ES\"><img decoding=\"async\" class=\"alignnone size-medium\" src=\"https:\/\/blogger.googleusercontent.com\/img\/b\/R29vZ2xl\/AVvXsEgy5RdcfffrnrItnYTcV9bCJjgJwldsQLWssfVfrLbyfXeBNTFKgBf0rMIvhrUaGUhiXzVr9_eQgCbi-j63ZDpfTvLIty9w7s140y-m1yHe7eKmEK7v2NAHUJDVYGdfeiQFeRCqUjdwWmN1MX_AUxxz4IVdJ4WIM0APxit8bjWkXzrnEFGqBvW_1F13H1g\/s1600\/logo-principal5.jpg\" width=\"100%\" height=\"100\" \/><\/a><!--bestpublic-voz04--><!--desk-in-out-voz04--><br \/>\n<!--publicidad-voz05--><a href=\"https:\/\/www.facebook.com\/asociaciontamborileroshellin?locale=es_ES\"><img decoding=\"async\" class=\"alignnone size-medium\" src=\"https:\/\/blogger.googleusercontent.com\/img\/b\/R29vZ2xl\/AVvXsEhHEEpZsKK1VpwiYMrS7aE2ujtqIDZoLd4B5wtbiseSU9s2HdTdQfhF84So2XwEB1fv0BLw95GADm6hUl1bkKtzh-eIgVigXONuu_5RxeIMPhjk8q6uNX4EaEHbooKkbu7pCADWPpVJjhKIH5NQSJpWqedC-YBez4QAQeJYokkLot9bhrIaUAeztsGis6M\/s1600\/logo-principal3.jpg\" width=\"100%\" height=\"100\" \/><\/a><!--bestpublic-voz05--><!--desk-in-out-voz05--><br \/>\n<!--publicidad-voz06--><!--bestpublic-voz06--><!--desk-in-out-voz06--><br \/>\n<!--publicidad-voz07--><!--bestpublic-voz07--><!--desk-in-out-voz07--><br \/>\n<!--publicidad-voz08--><!--bestpublic-voz08--><!--desk-in-out-voz08--><br \/>\n<!--publicidad-voz09--><!--bestpublic-voz09--><!--desk-in-out-voz09--><br \/>\n<!--publicidad-voz10--><!--bestpublic-voz10--><!--desk-in-out-voz10--><br \/>\n<!--publicidad-voz11--><!--bestpublic-voz11--><!--desk-in-out-voz11--><br \/>\n<!--publicidad-voz12--><!--bestpublic-voz12--><!--desk-in-out-voz12--><br \/>\n<!--publicidad-voz13--><!--bestpublic-voz13--><!--desk-in-out-voz13--><br \/>\n<!--publicidad-voz14--><!--bestpublic-voz14--><!--desk-in-out-voz14--><br \/>\n<!--publicidad-voz15--><!--bestpublic-voz15--><!--desk-in-out-voz15--><br \/>\n<!--publicidad-voz16--><!--bestpublic-voz16--><!--desk-in-out-voz16--><\/p>\n","protected":false},"excerpt":{"rendered":"<p>El presidente de la Diputaci\u00f3n de Albacete, Santi Caba\u00f1ero, contin\u00faa compartiendo con los vecinos y vecinas de la provincia los d\u00edas grandes de distintos municipios que celebran sus Fiestas en&#8230;<\/p>\n","protected":false},"author":2,"featured_media":152245,"comment_status":"closed","ping_status":"closed","sticky":false,"template":"","format":"standard","meta":{"footnotes":""},"categories":[755,718,715,716,717],"tags":[],"class_list":["post-152244","post","type-post","status-publish","format-standard","has-post-thumbnail","hentry","category-blog-lv036","category-blogger","category-la-voz-de-hellin","category-la-voz-de-hellin-la-voz-de-hellin","category-noticias"],"_links":{"self":[{"href":"https:\/\/lavozdehellin.com\/noticias\/wp-json\/wp\/v2\/posts\/152244","targetHints":{"allow":["GET"]}}],"collection":[{"href":"https:\/\/lavozdehellin.com\/noticias\/wp-json\/wp\/v2\/posts"}],"about":[{"href":"https:\/\/lavozdehellin.com\/noticias\/wp-json\/wp\/v2\/types\/post"}],"author":[{"embeddable":true,"href":"https:\/\/lavozdehellin.com\/noticias\/wp-json\/wp\/v2\/users\/2"}],"replies":[{"embeddable":true,"href":"https:\/\/lavozdehellin.com\/noticias\/wp-json\/wp\/v2\/comments?post=152244"}],"version-history":[{"count":0,"href":"https:\/\/lavozdehellin.com\/noticias\/wp-json\/wp\/v2\/posts\/152244\/revisions"}],"wp:featuredmedia":[{"embeddable":true,"href":"https:\/\/lavozdehellin.com\/noticias\/wp-json\/wp\/v2\/media\/152245"}],"wp:attachment":[{"href":"https:\/\/lavozdehellin.com\/noticias\/wp-json\/wp\/v2\/media?parent=152244"}],"wp:term":[{"taxonomy":"category","embeddable":true,"href":"https:\/\/lavozdehellin.com\/noticias\/wp-json\/wp\/v2\/categories?post=152244"},{"taxonomy":"post_tag","embeddable":true,"href":"https:\/\/lavozdehellin.com\/noticias\/wp-json\/wp\/v2\/tags?post=152244"}],"curies":[{"name":"wp","href":"https:\/\/api.w.org\/{rel}","templated":true}]}}