{"id":152247,"date":"2024-08-13T12:14:18","date_gmt":"2024-08-13T10:14:18","guid":{"rendered":"https:\/\/lavozdehellin.com\/noticias\/?p=152247"},"modified":"2024-08-18T11:06:23","modified_gmt":"2024-08-18T09:06:23","slug":"v08-959-el-gobierno-de-la-diputacion-de-albacete-impulsa-unas-nuevas-ayudas-municipales-para-la-gestion-y-control-de-colonias-felinas","status":"publish","type":"post","link":"https:\/\/lavozdehellin.com\/noticias\/v08-959-el-gobierno-de-la-diputacion-de-albacete-impulsa-unas-nuevas-ayudas-municipales-para-la-gestion-y-control-de-colonias-felinas\/","title":{"rendered":"LVH NOTICIAS | EL GOBIERNO DE LA DIPUTACI\u00d3N DE ALBACETE IMPULSA UNAS NUEVAS AYUDAS MUNICIPALES PARA LA GESTI\u00d3N Y CONTROL DE COLONIAS FELINAS"},"content":{"rendered":"<p style=\"text-align: justify;\">La Diputaci\u00f3n Provincial de Albacete, a trav\u00e9s del diputado de Medio Ambiente, Jos\u00e9 Antonio G\u00f3mez, ha anunciado en rueda de prensa la puesta en marcha de una l\u00ednea de ayudas de nueva creaci\u00f3n destinada a los ayuntamientos de la provincia para la gesti\u00f3n y control de colonias felinas.<\/p>\n<p><!--more--><br \/>\n<!--publicidad-voz01--><a href=\"https:\/\/www.facebook.com\/SoloRadioHellin\/?locale=es_ES\"><img decoding=\"async\" class=\"alignnone size-medium\" src=\"https:\/\/blogger.googleusercontent.com\/img\/b\/R29vZ2xl\/AVvXsEiNncirNnyGedv00mhjZjh5Wl4_YPdJGanoAl8tL8zH-HwqE8uHqjEfSt340RHdx-9tuCSIkZ8rFamZiGyYlgDGxCsmXjCH_1xk5eYM3ntFZRvJP_jndOKR7w1UAo9Tu0vrZyOLfqRpHIxYI5SymJJ-pfGCQw6QVpggBH-UgfjiFQ2JOxqxG0Jx94kW83c\/s1600\/logo-principal.jpg\" width=\"100%\" height=\"100\" \/><\/a><!--bestpublic-voz01--><!--desk-in-out-voz01--><br \/>\n<!--publicidad-voz02--><a href=\"https:\/\/www.hellincf.com\/\"><img decoding=\"async\" class=\"alignnone size-medium\" src=\"https:\/\/blogger.googleusercontent.com\/img\/b\/R29vZ2xl\/AVvXsEhuZ4-XfBVj3UtdP8-RZugy3WVrg-Zv28c53m4oV47qYCxL1rX_dqWX_YddsGSnpH5SRDqZ7bZeKPIfDVCDncpjVlhy3aQs2vojcJBn7Gdv9hC2_Nzct_pRFrnFE1a7KTCdY1bT_kAgnY3-iadRZrGeJf1fR2P5fu11bokx0pWjaypoy-ctwCjklldpEbA\/s1600\/logo-principal7.jpg\" width=\"100%\" height=\"100\" \/><\/a><!--bestpublic-voz02--><!--desk-in-out-voz02--><\/p>\n<p style=\"text-align: justify;\">Esta iniciativa, que cuenta con una dotaci\u00f3n presupuestaria de 150.000 euros, responde a las sugerencias que las propias Entidades Locales han venido realizando sobre esta cuesti\u00f3n y refuerza el compromiso del Gobierno Provincial la mejora de la gesti\u00f3n municipal y del bienestar animal.<\/p>\n<p style=\"text-align: justify;\">Jos\u00e9 Antonio G\u00f3mez ha destacado que esta Convocatoria, que se publica este mi\u00e9rcoles 14 de agosto en el Bolet\u00edn Oficial de la Provincia (BOP), estar\u00e1 a disposici\u00f3n de todos los ayuntamientos, sin l\u00edmite de poblaci\u00f3n. Los que est\u00e9n interesados en concurrir, pueden presentar sus solicitudes del 15 de agosto al 15 de septiembre a trav\u00e9s de la sede electr\u00f3nica de la Diputaci\u00f3n de Albacete.<\/p>\n<p style=\"text-align: justify;\">Respuesta del Gobierno Provincial a una problem\u00e1tica creciente en las localidades<\/p>\n<p style=\"text-align: justify;\">\u201cSeguimos desarrollando l\u00edneas de acci\u00f3n que son necesarias y \u00fatiles para nuestros municipios,\u201d ha se\u00f1alado el diputado, subrayando que la Convocatoria responde \u201ca la preocupaci\u00f3n creciente que transmitida desde los propios ayuntamientos, a los que queremos apoyar en el objetivo del control \u00e9tico y responsable de las colonias felinas, contribuyendo a la salud p\u00fablica y tambi\u00e9n al bienestar animal en nuestras localidades\u201d.<\/p>\n<p style=\"text-align: justify;\">G\u00f3mez ha subrayado que \u201cla manera en la que se ha articulado la Convocatoria, intenta involucrar al m\u00e1ximo posible a la ciudadan\u00eda y a las diferentes asociaciones porque, al final, independientemente de que \u00e9sta sea un problema m\u00e1s o menos puntual, si no hay una conciencia que permita que el problema se pueda solucionar a medio y largo plazo, pues no tendr\u00eda \u00e9xito\u201d.<\/p>\n<p style=\"text-align: justify;\">La nueva l\u00ednea de ayudas impulsada por el Gobierno de Santi Caba\u00f1ero va a permitir a los ayuntamientos desarrollar \u201cproyectos que aborden cuestiones como la esterilizaci\u00f3n; actividades de captura para retornar los animales a su entorno; as\u00ed como medidas que mejoren la salud de los animales, como desparasitaciones. vacunaciones y otros cuidados veterinarios que puedan ser necesarios\u201d. Gastos subvencionables que, ha se\u00f1alado, \u201cpueden entrar a trav\u00e9s de diferentes colectivos y asociaciones susceptibles de colaborar en el objetivo\u201d.<\/p>\n<p style=\"text-align: justify;\">Adem\u00e1s, algo que en lo que el diputado ha insistido como \u201cmuy importante\u201d, tambi\u00e9n la Convocatoria engloba la financiaci\u00f3n de \u201cprogramas de formaci\u00f3n y concienciaci\u00f3n\u201d, tanto para el personal municipal como para el conjunto de la ciudadan\u00eda, promoviendo un enfoque \u00e9tico y responsable en la gesti\u00f3n de las colonias.<\/p>\n<p style=\"text-align: justify;\">\u201cQueremos facilitarles la implementaci\u00f3n de planes efectivos que no s\u00f3lo controlen la poblaci\u00f3n felina, sino que mejoren su convivencia en nuestros pueblos\u201d, ha afirmado G\u00f3mez, subrayando que en el Gobierno de la Diputaci\u00f3n de Albacete hay un pleno compromiso en apoyar a los municipios en la aplicaci\u00f3n de la Ley 2\/2023 de Protecci\u00f3n, Bienestar y Tenencia de Animales de Compa\u00f1\u00eda, que asigna a las administraciones locales la responsabilidad en esta materia.<\/p>\n<p style=\"text-align: justify;\">Mayor porcentaje de subvenci\u00f3n para las localidades m\u00e1s \u2018peque\u00f1as\u2019<\/p>\n<p style=\"text-align: justify;\">La subvenci\u00f3n cubrir\u00e1 hasta un 80% del presupuesto de las actividades en aquellos municipios con menos de 10.000 habitantes; un 60% en aqu\u00e9llos con una poblaci\u00f3n de entre 10.001 y 50.000 habitantes; y un 40% para los de m\u00e1s de 50.000 habitantes, con una cuant\u00eda m\u00e1xima por proyecto de 6.000 euros en todos los casos. Una progresividad que, como siempre que hay ocasi\u00f3n, demuestra la voluntad del Gobierno de Caba\u00f1ero de volcar mayores esfuerzos econ\u00f3micos hacia las localidades m\u00e1s \u2018peque\u00f1as\u2019 que, frecuentemente, son las que menos recursos suelen tener.<\/p>\n<p style=\"text-align: justify;\">La justificaci\u00f3n de los gastos debe realizarse antes del 15 de diciembre de 2024, seg\u00fan las condiciones de la convocatoria y los Ayuntamientos deben presentar una memoria t\u00e9cnica que detalle las medidas a implementar, priorizando la participaci\u00f3n de asociaciones y voluntarios.<\/p>\n<p style=\"text-align: justify;\">\u201cEsta l\u00ednea de ayudas es una muestra m\u00e1s del compromiso de la Diputaci\u00f3n de Albacete con el bienestar animal y la mejora de la gesti\u00f3n municipal; confiamos en que ser\u00e1 una herramienta clave para que nuestros ayuntamientos puedan abordar esta problem\u00e1tica de manera efectiva y responsable,\u201d ha concluido Jos\u00e9 Antonio G\u00f3mez.<\/p>\n<p style=\"text-align: justify;\">La Diputaci\u00f3n de Albacete avanza en su af\u00e1n de servir de apoyo \u00fatil a los ayuntamientos en la gesti\u00f3n de sus competencias locales, facilit\u00e1ndoles recursos y herramientas que mejoren la calidad de vida en la provincia desde muy diversos \u00e1mbitos de actuaci\u00f3n.<\/p>\n<p><!--publicidad-voz03--><a href=\"https:\/\/www.facebook.com\/profile.php?id=100063593791305&amp;locale=es_ES\"><img decoding=\"async\" class=\"alignnone size-medium\" src=\"https:\/\/blogger.googleusercontent.com\/img\/b\/R29vZ2xl\/AVvXsEi8_n_ll8UOcGxCqzFvb_9Io4ICczlGC990BPtPj2w9Px-u7B3oqWUW5vtjZUqPNJ-nyjiUIorE0ATsib_l5tV8BVN-UJ03RTnU__IHJF_4DgDBtY4LIqXNG-FomrO-7ywes20CBCRM2Hcm7EJSh3UUw1dO-c_uTflUrtgY1i7uBRezj_DpympmEFkfbQY\/s1600\/logo-principal2.jpg\" width=\"100%\" height=\"100\" \/><\/a><!--bestpublic-voz03--><!--desk-in-out-voz03--><br \/>\n<!--publicidad-voz04--><a href=\"https:\/\/www.facebook.com\/profile.php?id=61557370768692&amp;locale=es_ES\"><img decoding=\"async\" class=\"alignnone size-medium\" src=\"https:\/\/blogger.googleusercontent.com\/img\/b\/R29vZ2xl\/AVvXsEgy5RdcfffrnrItnYTcV9bCJjgJwldsQLWssfVfrLbyfXeBNTFKgBf0rMIvhrUaGUhiXzVr9_eQgCbi-j63ZDpfTvLIty9w7s140y-m1yHe7eKmEK7v2NAHUJDVYGdfeiQFeRCqUjdwWmN1MX_AUxxz4IVdJ4WIM0APxit8bjWkXzrnEFGqBvW_1F13H1g\/s1600\/logo-principal5.jpg\" width=\"100%\" height=\"100\" \/><\/a><!--bestpublic-voz04--><!--desk-in-out-voz04--><br \/>\n<!--publicidad-voz05--><a href=\"https:\/\/www.facebook.com\/asociaciontamborileroshellin?locale=es_ES\"><img decoding=\"async\" class=\"alignnone size-medium\" src=\"https:\/\/blogger.googleusercontent.com\/img\/b\/R29vZ2xl\/AVvXsEhHEEpZsKK1VpwiYMrS7aE2ujtqIDZoLd4B5wtbiseSU9s2HdTdQfhF84So2XwEB1fv0BLw95GADm6hUl1bkKtzh-eIgVigXONuu_5RxeIMPhjk8q6uNX4EaEHbooKkbu7pCADWPpVJjhKIH5NQSJpWqedC-YBez4QAQeJYokkLot9bhrIaUAeztsGis6M\/s1600\/logo-principal3.jpg\" width=\"100%\" height=\"100\" \/><\/a><!--bestpublic-voz05--><!--desk-in-out-voz05--><br \/>\n<!--publicidad-voz06--><!--bestpublic-voz06--><!--desk-in-out-voz06--><br \/>\n<!--publicidad-voz07--><!--bestpublic-voz07--><!--desk-in-out-voz07--><br \/>\n<!--publicidad-voz08--><!--bestpublic-voz08--><!--desk-in-out-voz08--><br \/>\n<!--publicidad-voz09--><!--bestpublic-voz09--><!--desk-in-out-voz09--><br \/>\n<!--publicidad-voz10--><!--bestpublic-voz10--><!--desk-in-out-voz10--><br \/>\n<!--publicidad-voz11--><!--bestpublic-voz11--><!--desk-in-out-voz11--><br \/>\n<!--publicidad-voz12--><!--bestpublic-voz12--><!--desk-in-out-voz12--><br \/>\n<!--publicidad-voz13--><!--bestpublic-voz13--><!--desk-in-out-voz13--><br \/>\n<!--publicidad-voz14--><!--bestpublic-voz14--><!--desk-in-out-voz14--><br \/>\n<!--publicidad-voz15--><!--bestpublic-voz15--><!--desk-in-out-voz15--><br \/>\n<!--publicidad-voz16--><!--bestpublic-voz16--><!--desk-in-out-voz16--><\/p>\n","protected":false},"excerpt":{"rendered":"<p>La Diputaci\u00f3n Provincial de Albacete, a trav\u00e9s del diputado de Medio Ambiente, Jos\u00e9 Antonio G\u00f3mez, ha anunciado en rueda de prensa la puesta en marcha de una l\u00ednea de ayudas&#8230;<\/p>\n","protected":false},"author":2,"featured_media":152248,"comment_status":"closed","ping_status":"closed","sticky":false,"template":"","format":"standard","meta":{"footnotes":""},"categories":[755,718,715,716,717],"tags":[],"class_list":["post-152247","post","type-post","status-publish","format-standard","has-post-thumbnail","hentry","category-blog-lv036","category-blogger","category-la-voz-de-hellin","category-la-voz-de-hellin-la-voz-de-hellin","category-noticias"],"_links":{"self":[{"href":"https:\/\/lavozdehellin.com\/noticias\/wp-json\/wp\/v2\/posts\/152247","targetHints":{"allow":["GET"]}}],"collection":[{"href":"https:\/\/lavozdehellin.com\/noticias\/wp-json\/wp\/v2\/posts"}],"about":[{"href":"https:\/\/lavozdehellin.com\/noticias\/wp-json\/wp\/v2\/types\/post"}],"author":[{"embeddable":true,"href":"https:\/\/lavozdehellin.com\/noticias\/wp-json\/wp\/v2\/users\/2"}],"replies":[{"embeddable":true,"href":"https:\/\/lavozdehellin.com\/noticias\/wp-json\/wp\/v2\/comments?post=152247"}],"version-history":[{"count":0,"href":"https:\/\/lavozdehellin.com\/noticias\/wp-json\/wp\/v2\/posts\/152247\/revisions"}],"wp:featuredmedia":[{"embeddable":true,"href":"https:\/\/lavozdehellin.com\/noticias\/wp-json\/wp\/v2\/media\/152248"}],"wp:attachment":[{"href":"https:\/\/lavozdehellin.com\/noticias\/wp-json\/wp\/v2\/media?parent=152247"}],"wp:term":[{"taxonomy":"category","embeddable":true,"href":"https:\/\/lavozdehellin.com\/noticias\/wp-json\/wp\/v2\/categories?post=152247"},{"taxonomy":"post_tag","embeddable":true,"href":"https:\/\/lavozdehellin.com\/noticias\/wp-json\/wp\/v2\/tags?post=152247"}],"curies":[{"name":"wp","href":"https:\/\/api.w.org\/{rel}","templated":true}]}}